{"id":41403,"date":"2026-02-21T22:07:45","date_gmt":"2026-02-21T21:07:45","guid":{"rendered":"https:\/\/gnews.cz\/?p=41403"},"modified":"2026-02-21T22:08:02","modified_gmt":"2026-02-21T21:08:02","slug":"trump-zvysuje-cla-z-10-na-15-po-celem-svete","status":"publish","type":"post","link":"https:\/\/gnews.cz\/fr\/neprehlednete\/trump-zvysuje-cla-z-10-na-15-po-celem-svete\/","title":{"rendered":"Trump augmente les droits de douane de 10 % \u00e0 15 % dans le monde entier"},"content":{"rendered":"<p><strong>WASHINGTON - Le pr\u00e9sident am\u00e9ricain Donald Trump a annonc\u00e9 sa d\u00e9cision d'augmenter les droits de douane mondiaux de 10 % \u00e0 15 %. <em>\u201eEn tant que pr\u00e9sident des \u00c9tats-Unis d'Am\u00e9rique, j'augmente, avec effet imm\u00e9diat, les droits de douane mondiaux de 10 % sur les pays, dont beaucoup ont \u00e9t\u00e9 \u201amaltrait\u00e9s\u2018 par les \u00c9tats-Unis pendant des d\u00e9cennies sans aucune mesure de r\u00e9torsion (jusqu'\u00e0 ce que j'arrive !), au niveau pleinement autoris\u00e9 et l\u00e9galement v\u00e9rifi\u00e9 de 15 %\u201c, a d\u00e9clar\u00e9 le pr\u00e9sident des \u00c9tats-Unis d'Am\u00e9rique.\u201c<\/em> a-t-il \u00e9crit sur sa plateforme Truth Social.<\/strong><\/p>\n\n\n\n<p>Il a ajout\u00e9 qu'au cours des prochains mois, l'administration de Donald Trump fixera et \u00e9mettra de nouveaux tarifs douaniers conform\u00e9ment \u00e0 la loi.<\/p>\n\n\n\n<p>Vendredi, M. Trump a sign\u00e9 un d\u00e9cret imposant des droits de douane de 10 % sur les importations en provenance de tous les pays. La Maison Blanche a ensuite indiqu\u00e9 que les droits suppl\u00e9mentaires entreraient en vigueur le 24 f\u00e9vrier et resteraient en vigueur pendant 150 jours.<\/p>\n\n\n\n<p>Le m\u00eame jour, la Cour supr\u00eame des \u00c9tats-Unis a statu\u00e9 que le pr\u00e9sident avait outrepass\u00e9 ses pouvoirs en imposant des droits de douane \u00e0 d'autres pays en vertu de la loi sur les pouvoirs \u00e9conomiques en cas d'urgence internationale (IEEPA). Toutefois, la Cour supr\u00eame n'a pas pr\u00e9cis\u00e9 si les \u00c9tats-Unis devaient restituer les fonds d\u00e9j\u00e0 per\u00e7us au titre des droits de douane. Dans le m\u00eame temps, la Maison Blanche a annonc\u00e9 que les droits de douane impos\u00e9s en vertu de la loi d'urgence \u00e9taient abrog\u00e9s \u00e0 la suite de la d\u00e9cision de la Cour.<\/p>\n\n\n\n<p>La Cour supr\u00eame des \u00c9tats-Unis a donc confirm\u00e9 que le pr\u00e9sident avait outrepass\u00e9 ses pouvoirs en imposant des droits de douane au titre de l'IEEPA sans se prononcer sur un \u00e9ventuel remboursement des montants d\u00e9j\u00e0 vers\u00e9s.<\/p>\n\n\n\n<p>Le 2 avril 2025, le pr\u00e9sident am\u00e9ricain a impos\u00e9 des droits de douane sur des produits provenant de 185 pays et territoires. Il a ensuite ajust\u00e9 les droits de douane pour certains pays. Le 29 ao\u00fbt, la cour d'appel du district de Columbia a jug\u00e9 que le pr\u00e9sident n'avait pas le pouvoir d'imposer une grande partie des droits de douane annonc\u00e9s. Le 4 septembre, l'administration am\u00e9ricaine a demand\u00e9 \u00e0 la Cour supr\u00eame d'annuler ce verdict.<\/p>\n\n\n\n<p><strong>gnews.cz - GH<\/strong><\/p>","protected":false},"excerpt":{"rendered":"<p>WASHINGTON - Le pr\u00e9sident am\u00e9ricain Donald Trump a annonc\u00e9 sa d\u00e9cision d'augmenter les droits de douane mondiaux de 10 % \u00e0 15 %. \u201eJe, en tant que pr\u00e9sident des...<\/p>","protected":false},"author":6,"featured_media":36235,"comment_status":"open","ping_status":"closed","sticky":false,"template":"","format":"standard","meta":{"_acf_changed":false,"_lmt_disableupdate":"","_lmt_disable":"","footnotes":""},"categories":[4,3,2973],"tags":[3688,496,4363,27,10703,10717,10716,17,38,41],"class_list":["post-41403","post","type-post","status-publish","format-standard","has-post-thumbnail","hentry","category-ekonomika","category-neprehlednete","category-zahranicni","tag-cla-2","tag-donald-trump","tag-dovozni-tarify","tag-ekonomika","tag-nejvyssi-soud-usa","tag-obchodni-politika","tag-svetovy-obchod","tag-top","tag-usa","tag-world"],"acf":[],"aioseo_notices":[],"_links":{"self":[{"href":"https:\/\/gnews.cz\/fr\/wp-json\/wp\/v2\/posts\/41403","targetHints":{"allow":["GET"]}}],"collection":[{"href":"https:\/\/gnews.cz\/fr\/wp-json\/wp\/v2\/posts"}],"about":[{"href":"https:\/\/gnews.cz\/fr\/wp-json\/wp\/v2\/types\/post"}],"author":[{"embeddable":true,"href":"https:\/\/gnews.cz\/fr\/wp-json\/wp\/v2\/users\/6"}],"replies":[{"embeddable":true,"href":"https:\/\/gnews.cz\/fr\/wp-json\/wp\/v2\/comments?post=41403"}],"version-history":[{"count":1,"href":"https:\/\/gnews.cz\/fr\/wp-json\/wp\/v2\/posts\/41403\/revisions"}],"predecessor-version":[{"id":41404,"href":"https:\/\/gnews.cz\/fr\/wp-json\/wp\/v2\/posts\/41403\/revisions\/41404"}],"wp:featuredmedia":[{"embeddable":true,"href":"https:\/\/gnews.cz\/fr\/wp-json\/wp\/v2\/media\/36235"}],"wp:attachment":[{"href":"https:\/\/gnews.cz\/fr\/wp-json\/wp\/v2\/media?parent=41403"}],"wp:term":[{"taxonomy":"category","embeddable":true,"href":"https:\/\/gnews.cz\/fr\/wp-json\/wp\/v2\/categories?post=41403"},{"taxonomy":"post_tag","embeddable":true,"href":"https:\/\/gnews.cz\/fr\/wp-json\/wp\/v2\/tags?post=41403"}],"curies":[{"name":"wp","href":"https:\/\/api.w.org\/{rel}","templated":true}]}}