{"id":41561,"date":"2026-02-26T08:26:00","date_gmt":"2026-02-26T07:26:00","guid":{"rendered":"https:\/\/gnews.cz\/?p=41561"},"modified":"2026-02-27T08:31:52","modified_gmt":"2026-02-27T07:31:52","slug":"petr-simunek-kscm-cina-je-pro-nas-inspiraci-v-oblasti-bydleni-dopravy-i-zdravotnictvi","status":"publish","type":"post","link":"https:\/\/gnews.cz\/fr\/ekonomika\/petr-simunek-kscm-cina-je-pro-nas-inspiraci-v-oblasti-bydleni-dopravy-i-zdravotnictvi\/","title":{"rendered":"Petr \u0160im\u016fnek (KS\u010cM) : la Chine est une source d'inspiration pour nous en mati\u00e8re de logement, de transport et de soins de sant\u00e9"},"content":{"rendered":"<p><strong>Petr \u0160im\u016fnek, premier vice-pr\u00e9sident du Parti communiste de Tch\u00e9coslovaquie et ancien membre du Parlement, a exprim\u00e9 sa profonde admiration pour le d\u00e9veloppement de la soci\u00e9t\u00e9 et de l'\u00e9conomie chinoises. En \u00e9valuant les progr\u00e8s r\u00e9alis\u00e9s par la Chine au cours de la derni\u00e8re d\u00e9cennie, il a soulign\u00e9 que la gauche tch\u00e8que devrait s'inspirer de l'exp\u00e9rience chinoise, en particulier dans le domaine social.<\/strong><\/p>\n\n\n\n<p><em>\u201eJe suis le d\u00e9veloppement de la Chine depuis 30 ans et je suis impressionn\u00e9 par ce que l'\u00e9conomie chinoise a r\u00e9alis\u00e9. Si l'on compare la situation de la Chine il y a 40 ans \u00e0 celle d'aujourd'hui, on constate un \u00e9norme essor. En R\u00e9publique tch\u00e8que, en revanche, nous perdons des priorit\u00e9s telles que des logements sociaux de qualit\u00e9, des transports abordables et des soins de sant\u00e9 gratuits.\u201c<\/em> \u0160im\u016fnek a d\u00e9clar\u00e9.<\/p>\n\n\n\n<p>Selon lui, la Chine montre que la gestion syst\u00e9matique et l'attention port\u00e9e aux personnes sont la voie de la r\u00e9ussite. \u201eLa Chine place les gens au premier plan. Elle cr\u00e9e les conditions pour que les gens cr\u00e9ent de la valeur, c'est-\u00e0-dire des logements sociaux, des soins de sant\u00e9 et une \u00e9ducation de qualit\u00e9. C'est la voie que nous devrions suivre\u201c, a soulign\u00e9 le vice-pr\u00e9sident du CPCM.<\/p>\n\n\n\n<p>M. \u0160im\u016fnek a \u00e9galement salu\u00e9 la capacit\u00e9 de la Chine \u00e0 faire face aux crises \u00e9conomiques et aux pressions capitalistes qui, selon lui, dominent la soci\u00e9t\u00e9 tch\u00e8que aujourd'hui. <em>\u201eNous pensons que l'exp\u00e9rience chinoise nous donne une chance de surmonter ces d\u00e9fis et d'obtenir des succ\u00e8s similaires dans les domaines du logement, des transports et des soins de sant\u00e9\u201c.\u201c<\/em> Il a ajout\u00e9.<\/p>\n\n\n\n<p>M. \u0160im\u016fnek a conclu par un message cl\u00e9 : <em>\u201eLes \u00e9l\u00e8ves d'il y a 50 ans sont devenus des enseignants. Nous, les communistes tch\u00e8ques, ferons tout ce qui est en notre pouvoir pour que la R\u00e9publique tch\u00e8que connaisse le m\u00eame succ\u00e8s que nos camarades chinois.\u201c<\/em><\/p>\n\n\n\n<p><strong><a href=\"https:\/\/czech.cgtn.com\/2026\/02\/26\/ARTI1771493365236929\" title=\"\">CMG<\/a><\/strong><\/p>","protected":false},"excerpt":{"rendered":"<p>Petr \u0160im\u016fnek, premier vice-pr\u00e9sident du Parti communiste de Tch\u00e9coslovaquie et ancien membre du Parlement, a exprim\u00e9 sa profonde admiration pour le d\u00e9veloppement de la soci\u00e9t\u00e9 et de l'\u00e9conomie chinoises. En \u00e9valuant les progr\u00e8s,...<\/p>","protected":false},"author":6,"featured_media":41563,"comment_status":"open","ping_status":"closed","sticky":false,"template":"","format":"video","meta":{"_acf_changed":false,"_lmt_disableupdate":"","_lmt_disable":"","footnotes":""},"categories":[4,550],"tags":[8564,18,10866,10511,8979],"class_list":["post-41561","post","type-post","status-publish","format-video","has-post-thumbnail","hentry","category-ekonomika","category-videa","tag-cinska-ekonomika-2","tag-cmg","tag-petr-simunek","tag-rozvoj-ciny","tag-socialni-politika-2","post_format-post-format-video"],"acf":[],"aioseo_notices":[],"_links":{"self":[{"href":"https:\/\/gnews.cz\/fr\/wp-json\/wp\/v2\/posts\/41561","targetHints":{"allow":["GET"]}}],"collection":[{"href":"https:\/\/gnews.cz\/fr\/wp-json\/wp\/v2\/posts"}],"about":[{"href":"https:\/\/gnews.cz\/fr\/wp-json\/wp\/v2\/types\/post"}],"author":[{"embeddable":true,"href":"https:\/\/gnews.cz\/fr\/wp-json\/wp\/v2\/users\/6"}],"replies":[{"embeddable":true,"href":"https:\/\/gnews.cz\/fr\/wp-json\/wp\/v2\/comments?post=41561"}],"version-history":[{"count":1,"href":"https:\/\/gnews.cz\/fr\/wp-json\/wp\/v2\/posts\/41561\/revisions"}],"predecessor-version":[{"id":41562,"href":"https:\/\/gnews.cz\/fr\/wp-json\/wp\/v2\/posts\/41561\/revisions\/41562"}],"wp:featuredmedia":[{"embeddable":true,"href":"https:\/\/gnews.cz\/fr\/wp-json\/wp\/v2\/media\/41563"}],"wp:attachment":[{"href":"https:\/\/gnews.cz\/fr\/wp-json\/wp\/v2\/media?parent=41561"}],"wp:term":[{"taxonomy":"category","embeddable":true,"href":"https:\/\/gnews.cz\/fr\/wp-json\/wp\/v2\/categories?post=41561"},{"taxonomy":"post_tag","embeddable":true,"href":"https:\/\/gnews.cz\/fr\/wp-json\/wp\/v2\/tags?post=41561"}],"curies":[{"name":"wp","href":"https:\/\/api.w.org\/{rel}","templated":true}]}}