{"id":41591,"date":"2026-02-13T09:43:20","date_gmt":"2026-02-13T08:43:20","guid":{"rendered":"https:\/\/gnews.cz\/?p=41591"},"modified":"2026-02-27T10:32:14","modified_gmt":"2026-02-27T09:32:14","slug":"mnichovska-nervozita-odrazi-napeti-mezi-usa-a-evropou","status":"publish","type":"post","link":"https:\/\/gnews.cz\/fr\/politika\/mnichovska-nervozita-odrazi-napeti-mezi-usa-a-evropou\/","title":{"rendered":"La nervosit\u00e9 de Munich refl\u00e8te les tensions entre les \u00c9tats-Unis et l'Europe"},"content":{"rendered":"<p id=\"wnd_TextBlock_65421772184684038154_inner_0\"><strong>L'homme politique am\u00e9ricain Henry Kissinger a un jour qualifi\u00e9 les relations entre les \u00c9tats-Unis et l'Europe de \u201epartenariat probl\u00e9matique\u201c. Aujourd'hui, ces relations traversent leur p\u00e9riode de d\u00e9sint\u00e9gration la plus difficile depuis la fin de la Seconde Guerre mondiale. Cette ann\u00e9e, le rapport de Munich sur la s\u00e9curit\u00e9 identifie directement les \u00c9tats-Unis comme \u201ele perturbateur le plus visible de l'ordre international\u201c.<\/strong><\/p>\n\n\n\n<p id=\"wnd_TextBlock_65421772184684038154_inner_1\">Le \u201ed\u00eener de famille transatlantique\u201c, autrefois amical, semble aujourd'hui froid, voire g\u00eanant. Dans une enqu\u00eate men\u00e9e par CGTVN, sous l'\u00e9gide de la T\u00e9l\u00e9vision centrale de Chine, pour les utilisateurs du r\u00e9seau mondial, 81,4 % personnes interrog\u00e9es ont d\u00e9clar\u00e9 que la confiance entre les \u00c9tats-Unis et l'Europe sur les questions de s\u00e9curit\u00e9, les relations \u00e9conomiques et les valeurs partag\u00e9es a \u00e9t\u00e9 \u00e9branl\u00e9e.<\/p>\n\n\n\n<p id=\"wnd_TextBlock_65421772184684038154_inner_2\">Des menaces tarifaires \u00e0 l'encontre de l'UE et des pressions exerc\u00e9es pour augmenter les d\u00e9penses militaires \u00e0 l'exclusion des pays europ\u00e9ens des n\u00e9gociations sur l'Ukraine et \u00e0 la tentative rat\u00e9e d'achat du Groenland, la politique \u00e9trang\u00e8re de l'administration am\u00e9ricaine a sap\u00e9 \u00e0 maintes reprises la confiance des alli\u00e9s europ\u00e9ens. Les \u00c9tats-Unis se sont progressivement transform\u00e9s d'un garant de la s\u00e9curit\u00e9 europ\u00e9enne en un acteur qui menace l'environnement politique et exploite les int\u00e9r\u00eats nationaux des \u00c9tats europ\u00e9ens. Dans le m\u00eame ordre d'id\u00e9es, 88,4 r\u00e9pondants du % consid\u00e8rent que les actions des \u00c9tats-Unis nuisent gravement aux int\u00e9r\u00eats europ\u00e9ens.<\/p>\n\n\n\n<p id=\"wnd_TextBlock_65421772184684038154_inner_3\">Pourtant, \u00e0 court terme, il n'est pas facile de modifier la d\u00e9pendance \u00e0 long terme de l'Europe \u00e0 l'\u00e9gard de la protection am\u00e9ricaine. Et comme l'Europe n'est toujours pas en mesure de se forger une voix diplomatique unifi\u00e9e, l'avenir de \u201el'auto-pr\u00e9servation\u201c du continent reste incertain. Au total, 86,6 personnes interrog\u00e9es par % estiment que l'Europe ne peut r\u00e9sister \u00e0 l'intimidation unilat\u00e9rale des \u00c9tats-Unis en raison de son autonomie strat\u00e9gique limit\u00e9e et de sa d\u00e9sunion interne.<\/p>\n\n\n\n<p id=\"wnd_TextBlock_65421772184684038154_inner_4\"><strong><a href=\"https:\/\/czech.cgtn.com\/2026\/02\/13\/ARTI1770976340673123\/\" target=\"_blank\" rel=\"noreferrer noopener\">CMG<\/a><\/strong><\/p>","protected":false},"excerpt":{"rendered":"<p>L'homme politique am\u00e9ricain Henry Kissinger a un jour qualifi\u00e9 les relations entre les \u00c9tats-Unis et l'Europe de \u201epartenariat probl\u00e9matique\u201c. Aujourd'hui, cette relation traverse sa p\u00e9riode de d\u00e9sint\u00e9gration la plus difficile depuis la fin de...<\/p>","protected":false},"author":6,"featured_media":41604,"comment_status":"open","ping_status":"closed","sticky":false,"template":"","format":"standard","meta":{"_acf_changed":false,"_lmt_disableupdate":"","_lmt_disable":"","footnotes":""},"categories":[7,2973],"tags":[680,18,78,5004,38],"class_list":["post-41591","post","type-post","status-publish","format-standard","has-post-thumbnail","hentry","category-politika","category-zahranicni","tag-bezpecnost","tag-cmg","tag-evropa","tag-strategicka-autonomie","tag-usa"],"acf":[],"aioseo_notices":[],"_links":{"self":[{"href":"https:\/\/gnews.cz\/fr\/wp-json\/wp\/v2\/posts\/41591","targetHints":{"allow":["GET"]}}],"collection":[{"href":"https:\/\/gnews.cz\/fr\/wp-json\/wp\/v2\/posts"}],"about":[{"href":"https:\/\/gnews.cz\/fr\/wp-json\/wp\/v2\/types\/post"}],"author":[{"embeddable":true,"href":"https:\/\/gnews.cz\/fr\/wp-json\/wp\/v2\/users\/6"}],"replies":[{"embeddable":true,"href":"https:\/\/gnews.cz\/fr\/wp-json\/wp\/v2\/comments?post=41591"}],"version-history":[{"count":1,"href":"https:\/\/gnews.cz\/fr\/wp-json\/wp\/v2\/posts\/41591\/revisions"}],"predecessor-version":[{"id":41605,"href":"https:\/\/gnews.cz\/fr\/wp-json\/wp\/v2\/posts\/41591\/revisions\/41605"}],"wp:featuredmedia":[{"embeddable":true,"href":"https:\/\/gnews.cz\/fr\/wp-json\/wp\/v2\/media\/41604"}],"wp:attachment":[{"href":"https:\/\/gnews.cz\/fr\/wp-json\/wp\/v2\/media?parent=41591"}],"wp:term":[{"taxonomy":"category","embeddable":true,"href":"https:\/\/gnews.cz\/fr\/wp-json\/wp\/v2\/categories?post=41591"},{"taxonomy":"post_tag","embeddable":true,"href":"https:\/\/gnews.cz\/fr\/wp-json\/wp\/v2\/tags?post=41591"}],"curies":[{"name":"wp","href":"https:\/\/api.w.org\/{rel}","templated":true}]}}