{"id":41635,"date":"2026-02-19T13:48:04","date_gmt":"2026-02-19T12:48:04","guid":{"rendered":"https:\/\/gnews.cz\/?p=41635"},"modified":"2026-02-27T13:54:15","modified_gmt":"2026-02-27T12:54:15","slug":"kdyz-se-cinsky-novy-rok-stava-svetovym-svatkem-jak-svatek-jara-probouzi-globalni-kulturni-rezonanci","status":"publish","type":"post","link":"https:\/\/gnews.cz\/fr\/kultura\/kdyz-se-cinsky-novy-rok-stava-svetovym-svatkem-jak-svatek-jara-probouzi-globalni-kulturni-rezonanci\/","title":{"rendered":"Quand le \u201eNouvel An chinois\u201c devient une f\u00eate mondiale : comment la f\u00eate du printemps \u00e9veille une r\u00e9sonance culturelle mondiale"},"content":{"rendered":"<p id=\"wnd_TextBlock_59571772196762983491_inner_0\"><strong>Au cours de la nouvelle ann\u00e9e lunaire chinoise du cheval, le gala CMG 2026 a pr\u00e9sent\u00e9 les v\u0153ux du nouvel an aux compatriotes chinois du monde entier et \u00e0 leurs amis \u00e9trangers. La c\u00e9l\u00e9bration a r\u00e9pandu l'esprit du printemps \u00e0 travers les continents, tout en montrant au monde le charme unique de la f\u00eate du printemps et la profondeur de la culture chinoise.<\/strong><\/p>\n\n\n\n<p id=\"wnd_TextBlock_59571772196762983491_inner_1\">Le quotidien argentin <em>Clar\u00edn<\/em> a appr\u00e9ci\u00e9 que le gala, qui accompagne la transformation sociale et \u00e9conomique de la Chine, soit devenu l'une des plus importantes plateformes mondiales pour la diffusion de l'art et de la culture. Portail espagnol <em>El Mundo<\/em> a soulign\u00e9 que son importance va bien au-del\u00e0 du divertissement - c'est aussi une fen\u00eatre sur l'histoire de l'unit\u00e9 nationale, de la prosp\u00e9rit\u00e9 et de l'harmonie.<\/p>\n\n\n\n<p id=\"wnd_TextBlock_59571772196762983491_inner_2\">En tant que f\u00eate traditionnelle la plus importante de la nation chinoise, la f\u00eate du printemps est de plus en plus reconnue au niveau international pour sa valeur historique et culturelle. Elle symbolise les nouveaux d\u00e9parts et le renouveau de la vie, tout en v\u00e9hiculant les valeurs de la r\u00e9union des familles, de la tol\u00e9rance et de la coexistence harmonieuse. Ce sont ces principes qui trouvent un \u00e9cho dans les \u00e9motions universelles des peuples du monde entier. Certains m\u00e9dias \u00e9trangers soulignent qu'en p\u00e9riode de tensions g\u00e9opolitiques et d'incertitude mondiale, la f\u00eate du printemps favorise le dialogue culturel et les \u00e9changes internationaux.<\/p>\n\n\n\n<figure class=\"wp-block-image size-large\"><img fetchpriority=\"high\" decoding=\"async\" width=\"1024\" height=\"575\" src=\"https:\/\/gnews.cz\/wp-content\/uploads\/2026\/02\/1771495235311_624-1024x575.webp\" alt=\"\" class=\"wp-image-41637\" srcset=\"https:\/\/gnews.cz\/wp-content\/uploads\/2026\/02\/1771495235311_624-1024x575.webp 1024w, https:\/\/gnews.cz\/wp-content\/uploads\/2026\/02\/1771495235311_624-300x169.webp 300w, https:\/\/gnews.cz\/wp-content\/uploads\/2026\/02\/1771495235311_624-768x432.webp 768w, https:\/\/gnews.cz\/wp-content\/uploads\/2026\/02\/1771495235311_624-18x10.webp 18w, https:\/\/gnews.cz\/wp-content\/uploads\/2026\/02\/1771495235311_624-1170x658.webp 1170w, https:\/\/gnews.cz\/wp-content\/uploads\/2026\/02\/1771495235311_624-585x329.webp 585w, https:\/\/gnews.cz\/wp-content\/uploads\/2026\/02\/1771495235311_624.webp 1500w\" sizes=\"(max-width: 1024px) 100vw, 1024px\" \/><\/figure>\n\n\n\n<p id=\"wnd_TextBlock_59571772196762983491_inner_3\">L'ann\u00e9e du cheval est \u00e9galement la deuxi\u00e8me ann\u00e9e de c\u00e9l\u00e9bration apr\u00e8s l'inscription de la \u201eF\u00eate du printemps - Pratique sociale chinoise de c\u00e9l\u00e9bration du Nouvel An traditionnel\u201c sur la liste repr\u00e9sentative du patrimoine culturel immat\u00e9riel de l'humanit\u00e9 de l'UNESCO. Dans la tradition chinoise, le cheval est un symbole de force, de pers\u00e9v\u00e9rance et d'efforts inlassables, exprimant l'espoir d'un progr\u00e8s constant et d'un avenir prosp\u00e8re. Un certain nombre de dirigeants mondiaux et de repr\u00e9sentants d'organisations internationales ont adress\u00e9 leurs v\u0153ux pour le Nouvel An et salu\u00e9 l'importance de la coop\u00e9ration, de la solidarit\u00e9 et du d\u00e9veloppement commun.<\/p>\n\n\n\n<p id=\"wnd_TextBlock_59571772196762983491_inner_4\">Dans un monde instable et incertain, la Chine continue de promouvoir un d\u00e9veloppement de qualit\u00e9 et d'\u00e9largir son ouverture sur le monde, contribuant ainsi \u00e0 la stabilit\u00e9 et \u00e0 la pr\u00e9visibilit\u00e9 de l'environnement international, selon de nombreux observateurs \u00e9trangers. Dans le m\u00eame temps, l'int\u00e9r\u00eat croissant pour la Chine alimente une \u201efi\u00e8vre chinoise\u201c mondiale et un int\u00e9r\u00eat grandissant pour la culture chinoise.<\/p>\n\n\n\n<p id=\"wnd_TextBlock_59571772196762983491_inner_5\"><strong><a href=\"https:\/\/czech.cgtn.com\/2026\/02\/19\/ARTI1771495243003413\" target=\"_blank\" rel=\"noreferrer noopener\">CMG<\/a><\/strong><\/p>","protected":false},"excerpt":{"rendered":"<p>\u00c0 l'occasion du Nouvel An lunaire chinois du cheval, le gala CMG 2026 a permis de pr\u00e9senter les v\u0153ux du Nouvel An aux compatriotes chinois du monde entier et aux amis de l'\u00e9tranger. La c\u00e9l\u00e9bration s'est \u00e9tendue...<\/p>","protected":false},"author":6,"featured_media":41636,"comment_status":"open","ping_status":"closed","sticky":false,"template":"","format":"standard","meta":{"_acf_changed":false,"_lmt_disableupdate":"","_lmt_disable":"","footnotes":""},"categories":[6,2973],"tags":[9400,18,74,10896,545],"class_list":["post-41635","post","type-post","status-publish","format-standard","has-post-thumbnail","hentry","category-kultura","category-zahranicni","tag-cinsky-novy-rok-2","tag-cmg","tag-kultura","tag-mezinarodni-vymena","tag-svatek-jara"],"acf":[],"aioseo_notices":[],"_links":{"self":[{"href":"https:\/\/gnews.cz\/fr\/wp-json\/wp\/v2\/posts\/41635","targetHints":{"allow":["GET"]}}],"collection":[{"href":"https:\/\/gnews.cz\/fr\/wp-json\/wp\/v2\/posts"}],"about":[{"href":"https:\/\/gnews.cz\/fr\/wp-json\/wp\/v2\/types\/post"}],"author":[{"embeddable":true,"href":"https:\/\/gnews.cz\/fr\/wp-json\/wp\/v2\/users\/6"}],"replies":[{"embeddable":true,"href":"https:\/\/gnews.cz\/fr\/wp-json\/wp\/v2\/comments?post=41635"}],"version-history":[{"count":1,"href":"https:\/\/gnews.cz\/fr\/wp-json\/wp\/v2\/posts\/41635\/revisions"}],"predecessor-version":[{"id":41638,"href":"https:\/\/gnews.cz\/fr\/wp-json\/wp\/v2\/posts\/41635\/revisions\/41638"}],"wp:featuredmedia":[{"embeddable":true,"href":"https:\/\/gnews.cz\/fr\/wp-json\/wp\/v2\/media\/41636"}],"wp:attachment":[{"href":"https:\/\/gnews.cz\/fr\/wp-json\/wp\/v2\/media?parent=41635"}],"wp:term":[{"taxonomy":"category","embeddable":true,"href":"https:\/\/gnews.cz\/fr\/wp-json\/wp\/v2\/categories?post=41635"},{"taxonomy":"post_tag","embeddable":true,"href":"https:\/\/gnews.cz\/fr\/wp-json\/wp\/v2\/tags?post=41635"}],"curies":[{"name":"wp","href":"https:\/\/api.w.org\/{rel}","templated":true}]}}