{"id":41692,"date":"2026-02-19T08:31:57","date_gmt":"2026-02-19T07:31:57","guid":{"rendered":"https:\/\/gnews.cz\/?p=41692"},"modified":"2026-03-01T08:36:19","modified_gmt":"2026-03-01T07:36:19","slug":"cinsky-vyslanec-pri-osn-varuje-pred-primym-uderem-pokud-by-japonsko-zasahlo-do-otazky-taiwanu","status":"publish","type":"post","link":"https:\/\/gnews.cz\/fr\/politika\/cinsky-vyslanec-pri-osn-varuje-pred-primym-uderem-pokud-by-japonsko-zasahlo-do-otazky-taiwanu\/","title":{"rendered":"L'envoy\u00e9 chinois aux Nations unies met en garde contre un \u201ecoup direct\u201c en cas d'intervention du Japon \u00e0 Ta\u00efwan"},"content":{"rendered":"<p id=\"wnd_TextBlock_28001772350412771109_inner_0\"><strong>Le repr\u00e9sentant permanent de la Chine aupr\u00e8s des Nations unies, Fu Cong, a averti jeudi que toute implication militaire du Japon dans la question de Ta\u00efwan serait \u201efrapp\u00e9e de plein fouet\u201c.<\/strong><\/p>\n\n\n\n<p id=\"wnd_TextBlock_28001772350412771109_inner_1\">M. Fu a fait cette d\u00e9claration lors de la session pl\u00e9ni\u00e8re du comit\u00e9 sp\u00e9cial de cette ann\u00e9e sur la charte des Nations unies et le renforcement du r\u00f4le des Nations unies.<\/p>\n\n\n\n<p id=\"wnd_TextBlock_28001772350412771109_inner_2\">Selon lui, les dirigeants politiques japonais ont agi \u00e0 l'encontre de l'\u00e9volution historique au cours des derni\u00e8res ann\u00e9es. Le Japon, a-t-il dit, a explicitement li\u00e9 la question de Ta\u00efwan \u00e0 la \u201esituation de survie mena\u00e7ante\u201c, a r\u00e9agi de mani\u00e8re sp\u00e9culative sur la base de l'alliance nippo-am\u00e9ricaine et tente d'utiliser le concept d\u201e\u201cautod\u00e9fense\" comme pr\u00e9texte pour intervenir dans la question.<\/p>\n\n\n\n<p id=\"wnd_TextBlock_28001772350412771109_inner_3\"><em>\u201eCes arguments erron\u00e9s n'ont aucune base juridique\u201c.\u201c<\/em> a d\u00e9clar\u00e9 M. Fu. Il a soulign\u00e9 que Ta\u00efwan faisait partie int\u00e9grante du territoire chinois et que la mani\u00e8re de r\u00e9soudre la question de Ta\u00efwan \u00e9tait une question interne \u00e0 la Chine. <em>\u201eAucun autre pays n'a le droit d'intervenir, et encore moins d'utiliser la force sous le pr\u00e9texte d'une soi-disant l\u00e9gitime d\u00e9fense\u201c.\u201c<\/em> Il a ajout\u00e9.<\/p>\n\n\n\n<p id=\"wnd_TextBlock_28001772350412771109_inner_4\">M. Fu a en outre d\u00e9clar\u00e9 que ces revendications \u00e9taient, selon lui, contraires aux obligations du Japon en tant que pays vaincu et violaient la d\u00e9claration du Caire, la proclamation de Potsdam et l'acte de capitulation du Japon, ainsi que les principes de la charte des Nations unies relatifs au respect de la souverainet\u00e9, de l'int\u00e9grit\u00e9 territoriale et de la non-ing\u00e9rence dans les affaires int\u00e9rieures des \u00c9tats.<\/p>\n\n\n\n<p id=\"wnd_TextBlock_28001772350412771109_inner_5\"><em>\u201eCes all\u00e9gations constituent un s\u00e9rieux d\u00e9fi \u00e0 l'ordre international de l'apr\u00e8s-guerre et doivent \u00eatre accueillies avec vigilance et opposition par tous les pays \u00e9pris de paix. Si le Japon, sous quelque pr\u00e9texte que ce soit, exerce le soi-disant droit \u00e0 l'autod\u00e9fense collective et intervient dans la question de Ta\u00efwan, il s'agira d'une agression contre la Chine et celle-ci portera un coup direct\u201c.\u201c <\/em>Fu a d\u00e9clar\u00e9.<\/p>\n\n\n\n<p id=\"wnd_TextBlock_28001772350412771109_inner_6\">Le 14 f\u00e9vrier, le ministre chinois des affaires \u00e9trang\u00e8res Wang Yi a rappel\u00e9 \u00e0 la conf\u00e9rence de Munich sur la s\u00e9curit\u00e9 que le Japon avait par le pass\u00e9 utilis\u00e9 la \u201esituation de crise existentielle\u201c comme pr\u00e9texte pour envahir la Chine et pour attaquer Pearl Harbor aux \u00c9tats-Unis en 1941.<\/p>\n\n\n\n<p id=\"wnd_TextBlock_28001772350412771109_inner_7\"><em>\u201eSi le Japon joue \u00e0 nouveau, il s'exposera \u00e0 une d\u00e9faite plus rapide et \u00e0 des pertes encore plus d\u00e9sastreuses\u201c.\u201c<\/em> Wang a lanc\u00e9 un avertissement lors de la conf\u00e9rence.<\/p>\n\n\n\n<p id=\"wnd_TextBlock_28001772350412771109_inner_8\"><strong><a href=\"https:\/\/news.cgtn.com\/news\/2026-02-19\/China-warns-of-head-on-blow-if-Japan-intervenes-in-Taiwan-question-1KTmfLmmvWE\/p.html\" target=\"_blank\" rel=\"noreferrer noopener\">CMG<\/a><\/strong><\/p>","protected":false},"excerpt":{"rendered":"<p>Le repr\u00e9sentant permanent de la Chine aupr\u00e8s des Nations unies, Fu Cong, a averti jeudi que toute implication militaire du Japon dans la question de Ta\u00efwan...<\/p>","protected":false},"author":6,"featured_media":44106,"comment_status":"open","ping_status":"closed","sticky":false,"template":"","format":"video","meta":{"_acf_changed":false,"_lmt_disableupdate":"","_lmt_disable":"","footnotes":""},"categories":[7,2973],"tags":[22,18,8317,24,293],"class_list":["post-41692","post","type-post","status-publish","format-video","has-post-thumbnail","hentry","category-politika","category-zahranicni","tag-cina","tag-cmg","tag-fu-cong","tag-japonsko","tag-taiwan","post_format-post-format-video"],"acf":[],"aioseo_notices":[],"_links":{"self":[{"href":"https:\/\/gnews.cz\/fr\/wp-json\/wp\/v2\/posts\/41692","targetHints":{"allow":["GET"]}}],"collection":[{"href":"https:\/\/gnews.cz\/fr\/wp-json\/wp\/v2\/posts"}],"about":[{"href":"https:\/\/gnews.cz\/fr\/wp-json\/wp\/v2\/types\/post"}],"author":[{"embeddable":true,"href":"https:\/\/gnews.cz\/fr\/wp-json\/wp\/v2\/users\/6"}],"replies":[{"embeddable":true,"href":"https:\/\/gnews.cz\/fr\/wp-json\/wp\/v2\/comments?post=41692"}],"version-history":[{"count":1,"href":"https:\/\/gnews.cz\/fr\/wp-json\/wp\/v2\/posts\/41692\/revisions"}],"predecessor-version":[{"id":41693,"href":"https:\/\/gnews.cz\/fr\/wp-json\/wp\/v2\/posts\/41692\/revisions\/41693"}],"wp:featuredmedia":[{"embeddable":true,"href":"https:\/\/gnews.cz\/fr\/wp-json\/wp\/v2\/media\/44106"}],"wp:attachment":[{"href":"https:\/\/gnews.cz\/fr\/wp-json\/wp\/v2\/media?parent=41692"}],"wp:term":[{"taxonomy":"category","embeddable":true,"href":"https:\/\/gnews.cz\/fr\/wp-json\/wp\/v2\/categories?post=41692"},{"taxonomy":"post_tag","embeddable":true,"href":"https:\/\/gnews.cz\/fr\/wp-json\/wp\/v2\/tags?post=41692"}],"curies":[{"name":"wp","href":"https:\/\/api.w.org\/{rel}","templated":true}]}}