{"id":41740,"date":"2026-02-23T10:54:27","date_gmt":"2026-02-23T09:54:27","guid":{"rendered":"https:\/\/gnews.cz\/?p=41740"},"modified":"2026-03-01T10:57:10","modified_gmt":"2026-03-01T09:57:10","slug":"cina-pripravena-spolupracovat-se-vsemi-zememi-na-zlepseni-globalni-spravy-lidskych-prav-rika-cinsky-ministr-zahranici","status":"publish","type":"post","link":"https:\/\/gnews.cz\/fr\/politika\/cina-pripravena-spolupracovat-se-vsemi-zememi-na-zlepseni-globalni-spravy-lidskych-prav-rika-cinsky-ministr-zahranici\/","title":{"rendered":"La Chine est pr\u00eate \u00e0 travailler avec tous les pays pour am\u00e9liorer la gouvernance mondiale des droits de l'homme, d\u00e9clare le ministre chinois des affaires \u00e9trang\u00e8res"},"content":{"rendered":"<p id=\"wnd_TextBlock_50811772358952261402_inner_0\"><strong>Le ministre chinois des affaires \u00e9trang\u00e8res, Wang Yi, a d\u00e9clar\u00e9 lundi que la Chine \u00e9tait pr\u00eate \u00e0 travailler avec tous les pays pour am\u00e9liorer la gouvernance mondiale des droits de l'homme et promouvoir le d\u00e9veloppement sain du domaine international des droits de l'homme.<\/strong><\/p>\n\n\n\n<p id=\"wnd_TextBlock_50811772358952261402_inner_1\">M. Wang, qui est \u00e9galement membre du Politburo du Comit\u00e9 central du Parti communiste chinois (PCC), a fait sa d\u00e9claration par liaison vid\u00e9o lors de la 61e session de haut niveau du Conseil des droits de l'homme des Nations unies.<\/p>\n\n\n\n<p id=\"wnd_TextBlock_50811772358952261402_inner_2\">Le ministre a soulign\u00e9 que la situation internationale \u00e9tait complexe et interconnect\u00e9e, et que la gouvernance mondiale des droits de l'homme et l'ordre international issu de la Seconde Guerre mondiale \u00e9taient confront\u00e9s \u00e0 de nouvelles \u00e9preuves. L'initiative de gouvernance mondiale propos\u00e9e par la Chine a re\u00e7u le soutien et la r\u00e9ponse de plus de 150 pays et organisations internationales.<\/p>\n\n\n\n<p id=\"wnd_TextBlock_50811772358952261402_inner_3\">M. Wang a appel\u00e9 \u00e0 la promotion de l'\u00e9galit\u00e9 des \u00c9tats souverains et \u00e0 la protection des objectifs initiaux de la gouvernance mondiale des droits de l'homme. Seule une voie de d\u00e9veloppement des droits de l'homme ancr\u00e9e dans les conditions nationales sp\u00e9cifiques et r\u00e9pondant aux besoins des personnes peut conduire \u00e0 des perspectives plus larges, a-t-il d\u00e9clar\u00e9.<\/p>\n\n\n\n<p id=\"wnd_TextBlock_50811772358952261402_inner_4\">Il a d\u00e9clar\u00e9 que toutes les parties devaient respecter l'ordre juridique international et renforcer les fondements de la gouvernance mondiale des droits de l'homme. Ensemble, elles doivent respecter la \u201er\u00e8gle d'or\u201c de la non-ing\u00e9rence dans les affaires int\u00e9rieures des autres \u00c9tats et rejeter fermement les actions ou les d\u00e9clarations qui cr\u00e9ent deux poids deux mesures sous le couvert des droits de l'homme.<\/p>\n\n\n\n<p id=\"wnd_TextBlock_50811772358952261402_inner_5\">M. Wang a soulign\u00e9 la n\u00e9cessit\u00e9 du multilat\u00e9ralisme et de relever les d\u00e9fis de la gouvernance mondiale des droits de l'homme. Tous les pays doivent rejeter toute forme de colonialisme ou de discrimination raciale et r\u00e9pondre de mani\u00e8re appropri\u00e9e aux nouvelles questions telles que l'intelligence artificielle, le changement climatique et les droits de l'homme.<\/p>\n\n\n\n<p id=\"wnd_TextBlock_50811772358952261402_inner_6\">Le ministre a \u00e9galement appel\u00e9 \u00e0 la promotion d'une approche centr\u00e9e sur l'homme dans la gouvernance mondiale des droits de l'homme et \u00e0 l'enrichissement de son contenu. La communaut\u00e9 internationale devrait accorder une place plus importante au droit au d\u00e9veloppement dans l'agenda multilat\u00e9ral des droits de l'homme.<\/p>\n\n\n\n<p id=\"wnd_TextBlock_50811772358952261402_inner_7\">M. Wang a d\u00e9clar\u00e9 que la Chine \u00e9tait dispos\u00e9e \u00e0 se coordonner avec la communaut\u00e9 internationale et \u00e0 d\u00e9finir conjointement un nouveau concept pour cet espace mondial.<\/p>\n\n\n\n<p id=\"wnd_TextBlock_50811772358952261402_inner_8\">Il a soulign\u00e9 que l'ann\u00e9e 2026 marque le d\u00e9but du 15e plan quinquennal de la Chine, et que le pays continuera \u00e0 promouvoir la \u201ed\u00e9mocratie du peuple tout entier\u201c afin que les r\u00e9sultats de la modernisation de la Chine profitent \u00e9quitablement \u00e0 tous les citoyens.<\/p>\n\n\n\n<p id=\"wnd_TextBlock_50811772358952261402_inner_9\">La Chine est pr\u00eate \u00e0 travailler avec tous les pays pour promouvoir le d\u00e9veloppement et la prosp\u00e9rit\u00e9 communs, sauvegarder la justice et l'\u00e9quit\u00e9 internationales, d\u00e9fendre les valeurs communes de l'humanit\u00e9 et construire une communaut\u00e9 avec un avenir commun, dans le but de s'assurer que le progr\u00e8s de la civilisation des droits de l'homme profite au monde entier, a-t-il soulign\u00e9.<\/p>\n\n\n\n<p id=\"wnd_TextBlock_50811772358952261402_inner_10\"><strong><a href=\"https:\/\/news.cgtn.com\/news\/2026-02-23\/China-says-ready-to-work-with-all-to-improve-global-rights-governance-1L0fpo1QDde\/p.html\" target=\"_blank\" rel=\"noreferrer noopener\">CMG<\/a><\/strong><\/p>","protected":false},"excerpt":{"rendered":"<p>Le ministre chinois des affaires \u00e9trang\u00e8res, Wang Yi, a d\u00e9clar\u00e9 lundi que la Chine \u00e9tait pr\u00eate \u00e0 travailler avec tous les pays pour am\u00e9liorer la gouvernance mondiale des droits de l'homme...<\/p>","protected":false},"author":6,"featured_media":41741,"comment_status":"open","ping_status":"closed","sticky":false,"template":"","format":"standard","meta":{"_acf_changed":false,"_lmt_disableupdate":"","_lmt_disable":"","footnotes":""},"categories":[7,2973],"tags":[22,18,351,4778,300],"class_list":["post-41740","post","type-post","status-publish","format-standard","has-post-thumbnail","hentry","category-politika","category-zahranicni","tag-cina","tag-cmg","tag-lidska-prava","tag-multilateralismus","tag-wang-yi"],"acf":[],"aioseo_notices":[],"_links":{"self":[{"href":"https:\/\/gnews.cz\/fr\/wp-json\/wp\/v2\/posts\/41740","targetHints":{"allow":["GET"]}}],"collection":[{"href":"https:\/\/gnews.cz\/fr\/wp-json\/wp\/v2\/posts"}],"about":[{"href":"https:\/\/gnews.cz\/fr\/wp-json\/wp\/v2\/types\/post"}],"author":[{"embeddable":true,"href":"https:\/\/gnews.cz\/fr\/wp-json\/wp\/v2\/users\/6"}],"replies":[{"embeddable":true,"href":"https:\/\/gnews.cz\/fr\/wp-json\/wp\/v2\/comments?post=41740"}],"version-history":[{"count":1,"href":"https:\/\/gnews.cz\/fr\/wp-json\/wp\/v2\/posts\/41740\/revisions"}],"predecessor-version":[{"id":41742,"href":"https:\/\/gnews.cz\/fr\/wp-json\/wp\/v2\/posts\/41740\/revisions\/41742"}],"wp:featuredmedia":[{"embeddable":true,"href":"https:\/\/gnews.cz\/fr\/wp-json\/wp\/v2\/media\/41741"}],"wp:attachment":[{"href":"https:\/\/gnews.cz\/fr\/wp-json\/wp\/v2\/media?parent=41740"}],"wp:term":[{"taxonomy":"category","embeddable":true,"href":"https:\/\/gnews.cz\/fr\/wp-json\/wp\/v2\/categories?post=41740"},{"taxonomy":"post_tag","embeddable":true,"href":"https:\/\/gnews.cz\/fr\/wp-json\/wp\/v2\/tags?post=41740"}],"curies":[{"name":"wp","href":"https:\/\/api.w.org\/{rel}","templated":true}]}}