{"id":41781,"date":"2026-03-02T08:48:20","date_gmt":"2026-03-02T07:48:20","guid":{"rendered":"https:\/\/gnews.cz\/?p=41781"},"modified":"2026-03-02T14:32:08","modified_gmt":"2026-03-02T13:32:08","slug":"iranske-ministerstvo-zahranici-potvrdilo-smrt-ministra-obrany-a-dalsich-vysoce-postavenych-generalu-pri-americko-izraelskych-utocich","status":"publish","type":"post","link":"https:\/\/gnews.cz\/fr\/tema\/iranske-ministerstvo-zahranici-potvrdilo-smrt-ministra-obrany-a-dalsich-vysoce-postavenych-generalu-pri-americko-izraelskych-utocich\/","title":{"rendered":"Le minist\u00e8re iranien des affaires \u00e9trang\u00e8res confirme la mort du ministre de la d\u00e9fense et d'autres g\u00e9n\u00e9raux de haut rang dans les attaques isra\u00e9lo-am\u00e9ricaines."},"content":{"rendered":"<p><strong>DAUHA, 2 mars. Le minist\u00e8re iranien des Affaires \u00e9trang\u00e8res a exprim\u00e9 ses condol\u00e9ances pour la mort du commandant supr\u00eame du Corps des gardiens de la r\u00e9volution islamique (CGRI), Mohammad Pakpour, du chef d'\u00e9tat-major des forces arm\u00e9es iraniennes, le g\u00e9n\u00e9ral Abdolrahim Mousavi, du ministre de la D\u00e9fense, le g\u00e9n\u00e9ral de brigade Aziz Nasserzadeh, et du secr\u00e9taire du Conseil de la d\u00e9fense iranien, l'amiral Ali Shamkhani.<\/strong><\/p>\n\n\n\n<blockquote class=\"wp-block-quote is-layout-flow wp-block-quote-is-layout-flow\">\n<p><strong><em>\u201eCes grands hommes, dont la vie \u00e9tait empreinte de sinc\u00e9rit\u00e9 et d'abn\u00e9gation, \u00e9taient en premi\u00e8re ligne pour d\u00e9fendre l'ind\u00e9pendance et la s\u00e9curit\u00e9 du pays, et pour leur lutte sinc\u00e8re, ils ont finalement \u00e9t\u00e9 r\u00e9compens\u00e9s par le titre \u00e9lev\u00e9 de martyr\u201c, a d\u00e9clar\u00e9 le minist\u00e8re iranien des affaires \u00e9trang\u00e8res dans un message de condol\u00e9ances.<\/em><\/strong><\/p>\n<\/blockquote>\n\n\n\n<p>Le 28 f\u00e9vrier, les \u00c9tats-Unis et Isra\u00ebl ont lanc\u00e9 une op\u00e9ration militaire contre l'Iran. Les principales villes iraniennes, dont T\u00e9h\u00e9ran, ont \u00e9t\u00e9 bombard\u00e9es. Le guide supr\u00eame Ali Khamenei et plusieurs autres hauts responsables iraniens ont \u00e9t\u00e9 tu\u00e9s lors de ces attaques. Le Corps des gardiens de la r\u00e9volution islamique (CGRI, unit\u00e9 d'\u00e9lite des forces arm\u00e9es iraniennes) a annonc\u00e9 une op\u00e9ration de repr\u00e9sailles \u00e0 grande \u00e9chelle.<\/p>\n\n\n\n<p><strong><a href=\"https:\/\/tass.com\/world\/2094327\" title=\"\">TASS<\/a>\/gnews.cz-jav<\/strong><\/p>\n\n\n\n<ol start=\"28\" class=\"wp-block-list\">\n<li><\/li>\n<\/ol>","protected":false},"excerpt":{"rendered":"<p>DAUHA, 2 mars. Le minist\u00e8re iranien des Affaires \u00e9trang\u00e8res a exprim\u00e9 ses condol\u00e9ances \u00e0 la suite du d\u00e9c\u00e8s du commandant supr\u00eame du Corps des gardiens de la r\u00e9volution islamique (CGRI), Mohammad Pakpour, chef d'\u00e9tat-major des forces arm\u00e9es iraniennes....<\/p>","protected":false},"author":10,"featured_media":41782,"comment_status":"open","ping_status":"closed","sticky":false,"template":"","format":"standard","meta":{"_acf_changed":false,"_lmt_disableupdate":"","_lmt_disable":"","footnotes":""},"categories":[7,1,580,2973],"tags":[10960,4199,10956,10957,760,10958,49,10959,10,17,38,41],"class_list":["post-41781","post","type-post","status-publish","format-standard","has-post-thumbnail","hentry","category-politika","category-tema","category-vyber-sefredaktora","category-zahranicni","tag-abdolrahim-musavi","tag-ali-chamenei","tag-ali-samchani","tag-azi-nasirzada","tag-iran-3","tag-islamske-revolucni-gardy-irgc","tag-izrael","tag-mohammad-pakpour","tag-news","tag-top","tag-usa","tag-world"],"acf":[],"aioseo_notices":[],"_links":{"self":[{"href":"https:\/\/gnews.cz\/fr\/wp-json\/wp\/v2\/posts\/41781","targetHints":{"allow":["GET"]}}],"collection":[{"href":"https:\/\/gnews.cz\/fr\/wp-json\/wp\/v2\/posts"}],"about":[{"href":"https:\/\/gnews.cz\/fr\/wp-json\/wp\/v2\/types\/post"}],"author":[{"embeddable":true,"href":"https:\/\/gnews.cz\/fr\/wp-json\/wp\/v2\/users\/10"}],"replies":[{"embeddable":true,"href":"https:\/\/gnews.cz\/fr\/wp-json\/wp\/v2\/comments?post=41781"}],"version-history":[{"count":2,"href":"https:\/\/gnews.cz\/fr\/wp-json\/wp\/v2\/posts\/41781\/revisions"}],"predecessor-version":[{"id":41799,"href":"https:\/\/gnews.cz\/fr\/wp-json\/wp\/v2\/posts\/41781\/revisions\/41799"}],"wp:featuredmedia":[{"embeddable":true,"href":"https:\/\/gnews.cz\/fr\/wp-json\/wp\/v2\/media\/41782"}],"wp:attachment":[{"href":"https:\/\/gnews.cz\/fr\/wp-json\/wp\/v2\/media?parent=41781"}],"wp:term":[{"taxonomy":"category","embeddable":true,"href":"https:\/\/gnews.cz\/fr\/wp-json\/wp\/v2\/categories?post=41781"},{"taxonomy":"post_tag","embeddable":true,"href":"https:\/\/gnews.cz\/fr\/wp-json\/wp\/v2\/tags?post=41781"}],"curies":[{"name":"wp","href":"https:\/\/api.w.org\/{rel}","templated":true}]}}