{"id":41923,"date":"2026-03-05T15:00:00","date_gmt":"2026-03-05T14:00:00","guid":{"rendered":"https:\/\/gnews.cz\/?p=41923"},"modified":"2026-03-05T15:13:27","modified_gmt":"2026-03-05T14:13:27","slug":"ukrajina-odmita-poskytnout-inspektorum-eu-pristup-k-ropovodu-druzba-politico","status":"publish","type":"post","link":"https:\/\/gnews.cz\/fr\/tema\/ukrajina-odmita-poskytnout-inspektorum-eu-pristup-k-ropovodu-druzba-politico\/","title":{"rendered":"L'Ukraine refuse de donner aux inspecteurs de l'UE l'acc\u00e8s \u00e0 l'ol\u00e9oduc de Druzhba - Politico"},"content":{"rendered":"<p><strong>BRUXELLES - Plusieurs pays de l'Union europ\u00e9enne font pression sur l'Ukraine pour qu'elle autorise des inspecteurs \u00e0 acc\u00e9der \u00e0 l'ol\u00e9oduc Druzhba, mais Kiev a r\u00e9pondu par un refus sans \u00e9quivoque, selon Politico.<\/strong><\/p>\n\n\n\n<blockquote class=\"wp-block-quote is-layout-flow wp-block-quote-is-layout-flow\">\n<p>Le gouvernement ukrainien insiste sur le fait qu'il a besoin de temps pour \u00e9valuer l'\u00e9tendue des dommages subis par l'ol\u00e9oduc, selon la publication.<\/p>\n<\/blockquote>\n\n\n\n<p>Le p\u00e9trole russe ne circule plus dans l'ol\u00e9oduc de Druzhba depuis le 27 janvier. Le gouvernement hongrois avait pr\u00e9c\u00e9demment d\u00e9clar\u00e9 que l'ol\u00e9oduc avait \u00e9t\u00e9 r\u00e9tabli, alors que Kiev le bloque uniquement pour des raisons politiques.<\/p>\n\n\n\n<p><strong><a href=\"https:\/\/tass.com\/world\/2096875\" title=\"\">TASS<\/a>\/gnews.cz-jav<\/strong><\/p>","protected":false},"excerpt":{"rendered":"<p>BRUXELLES - Plusieurs pays de l'Union europ\u00e9enne font pression sur l'Ukraine pour qu'elle autorise des inspecteurs \u00e0 acc\u00e9der \u00e0 l'ol\u00e9oduc Druzhba, tandis que Kiev a...<\/p>","protected":false},"author":10,"featured_media":41926,"comment_status":"open","ping_status":"closed","sticky":false,"template":"","format":"standard","meta":{"_acf_changed":false,"_lmt_disableupdate":"","_lmt_disable":"","footnotes":""},"categories":[3,7,1,580,2973],"tags":[3762,46,78,10,17,29,41],"class_list":["post-41923","post","type-post","status-publish","format-standard","has-post-thumbnail","hentry","category-neprehlednete","category-politika","category-tema","category-vyber-sefredaktora","category-zahranicni","tag-druzba","tag-eu","tag-evropa","tag-news","tag-top","tag-ukrajina","tag-world"],"acf":[],"aioseo_notices":[],"_links":{"self":[{"href":"https:\/\/gnews.cz\/fr\/wp-json\/wp\/v2\/posts\/41923","targetHints":{"allow":["GET"]}}],"collection":[{"href":"https:\/\/gnews.cz\/fr\/wp-json\/wp\/v2\/posts"}],"about":[{"href":"https:\/\/gnews.cz\/fr\/wp-json\/wp\/v2\/types\/post"}],"author":[{"embeddable":true,"href":"https:\/\/gnews.cz\/fr\/wp-json\/wp\/v2\/users\/10"}],"replies":[{"embeddable":true,"href":"https:\/\/gnews.cz\/fr\/wp-json\/wp\/v2\/comments?post=41923"}],"version-history":[{"count":3,"href":"https:\/\/gnews.cz\/fr\/wp-json\/wp\/v2\/posts\/41923\/revisions"}],"predecessor-version":[{"id":41949,"href":"https:\/\/gnews.cz\/fr\/wp-json\/wp\/v2\/posts\/41923\/revisions\/41949"}],"wp:featuredmedia":[{"embeddable":true,"href":"https:\/\/gnews.cz\/fr\/wp-json\/wp\/v2\/media\/41926"}],"wp:attachment":[{"href":"https:\/\/gnews.cz\/fr\/wp-json\/wp\/v2\/media?parent=41923"}],"wp:term":[{"taxonomy":"category","embeddable":true,"href":"https:\/\/gnews.cz\/fr\/wp-json\/wp\/v2\/categories?post=41923"},{"taxonomy":"post_tag","embeddable":true,"href":"https:\/\/gnews.cz\/fr\/wp-json\/wp\/v2\/tags?post=41923"}],"curies":[{"name":"wp","href":"https:\/\/api.w.org\/{rel}","templated":true}]}}