{"id":42040,"date":"2026-03-07T16:02:11","date_gmt":"2026-03-07T15:02:11","guid":{"rendered":"https:\/\/gnews.cz\/?p=42040"},"modified":"2026-04-28T11:09:15","modified_gmt":"2026-04-28T09:09:15","slug":"slovanska-epopej-alfonse-muchy-obraz-sedmnacty-mont-athos-vatikan-pravoslavnych","status":"publish","type":"post","link":"https:\/\/gnews.cz\/fr\/tema\/slovanska-epopej-alfonse-muchy-obraz-sedmnacty-mont-athos-vatikan-pravoslavnych\/","title":{"rendered":"L'\u00e9pop\u00e9e slave d'Alfons Mucha - tableau dix-sept : Mont Athos - Vatican de l'orthodoxie"},"content":{"rendered":"<p><strong>Image dix-sept. La dimension spirituelle de l'identit\u00e9 slave : l'image du Mont Athos comme symbole de la foi et de la tradition.<br>L'\u0153uvre d'art consacr\u00e9e au Mont Athos repr\u00e9sente une contribution remarquable au domaine de la peinture historique et spirituelle, qui s'\u00e9carte de la repr\u00e9sentation habituelle des moments h\u00e9ro\u00efques ou politiques de l'histoire slave. Au lieu de c\u00e9l\u00e9brer des victoires de guerre ou des actes d'habilet\u00e9 politique, l'artiste se concentre sur les racines culturelles et spirituelles les plus profondes du monde slave. Le tableau rend ainsi hommage \u00e0 l'\u00c9glise orthodoxe en tant qu'institution qui a contribu\u00e9 de mani\u00e8re significative \u00e0 relier les peuples slaves \u00e0 l'\u00e9rudition, \u00e0 la th\u00e9ologie et \u00e0 la tradition artistique byzantines.<\/strong><\/p>\n\n\n\n<blockquote class=\"wp-block-quote is-layout-flow wp-block-quote-is-layout-flow\">\n<p><strong>Le motif central de la composition est le Mont Athos, l'un des lieux les plus sacr\u00e9s du christianisme orthodoxe. La p\u00e9ninsule d'Athos, connue sous le nom de \u201emontagne sainte\u201c, est le centre de la vie monastique et de la tradition spirituelle depuis plus de mille ans. L'artiste repr\u00e9sente la montagne non seulement comme un espace g\u00e9ographique, mais surtout comme un symbole de refuge spirituel et de continuit\u00e9 de la foi. Le mont Athos devient une m\u00e9taphore du lien entre l'histoire, la religion et l'identit\u00e9 culturelle des Slaves.<\/strong><\/p>\n<\/blockquote>\n\n\n\n<p>La partie inf\u00e9rieure de la peinture est consacr\u00e9e aux p\u00e8lerins qui viennent v\u00e9n\u00e9rer les objets sacr\u00e9s. Leurs figures semblent humbles et concentr\u00e9es, cr\u00e9ant un contraste avec la majest\u00e9 de l'espace spirituel au-dessus d'eux. Les pr\u00eatres gardiens des reliques symbolisent la protection de la tradition et la transmission de l'h\u00e9ritage spirituel de g\u00e9n\u00e9ration en g\u00e9n\u00e9ration. Cette partie du tableau met l'accent sur la dimension humaine de la foi - la foi comme un voyage que les individus entreprennent dans leur qu\u00eate de connaissance spirituelle et de connexion avec le sacr\u00e9.<\/p>\n\n\n\n<blockquote class=\"wp-block-quote is-layout-flow wp-block-quote-is-layout-flow\">\n<p><strong>Dans la partie centrale de la composition, les patrons des quatre plus c\u00e9l\u00e8bres monast\u00e8res de l'ancienne Slavonie sont repr\u00e9sent\u00e9s. Leurs figures fonctionnent ici non seulement comme des r\u00e9f\u00e9rences historiques, mais surtout comme des incarnations symboliques des vertus que la tradition orthodoxe consid\u00e8re comme le fondement de la vie spirituelle : la charit\u00e9, la d\u00e9votion et une foi in\u00e9branlable. Derri\u00e8re eux sont repr\u00e9sent\u00e9s les monast\u00e8res eux-m\u00eames, dont l'architecture renvoie \u00e0 la fusion de l'espace culturel slave et byzantin. Ces b\u00e2timents repr\u00e9sentent donc non seulement des centres religieux mais aussi des lieux d'apprentissage, o\u00f9 les manuscrits, l'art et la pens\u00e9e th\u00e9ologique ont \u00e9t\u00e9 pr\u00e9serv\u00e9s pendant des si\u00e8cles.<\/strong><\/p>\n<\/blockquote>\n\n\n\n<p>La mosa\u00efque de la Vierge Marie forme le sommet de l'ensemble de la composition. Ce motif est essentiel non seulement en termes d'iconographie mais aussi de symbolisme. La Vierge Marie appara\u00eet ici comme un symbole universel de puret\u00e9, de protection et de pouvoir maternel spirituel. Sa pr\u00e9sence au sommet du tableau donne l'impression d'une hi\u00e9rarchie spirituelle, dans laquelle l'humilit\u00e9 humaine et la foi des p\u00e8lerins s'\u00e9l\u00e8vent progressivement vers un principe sup\u00e9rieur et transcendant.<\/p>\n\n\n\n<blockquote class=\"wp-block-quote is-layout-flow wp-block-quote-is-layout-flow\">\n<p><strong>La composition g\u00e9n\u00e9rale est tr\u00e8s harmonieuse et bien pens\u00e9e. L'auteur parvient \u00e0 relier le contexte historique au symbolisme spirituel sans glisser vers la simple illustration. La peinture n'est donc pas seulement un enregistrement visuel de la tradition religieuse, mais plut\u00f4t une expression m\u00e9ditative de la m\u00e9moire culturelle du monde slave. Le r\u00e9sultat est une \u0153uvre qui nous rappelle que l'identit\u00e9 des nations ne se forme pas seulement sur les champs de bataille ou dans les d\u00e9cisions politiques, mais aussi dans les monast\u00e8res silencieux, dans la pri\u00e8re et dans la pr\u00e9servation \u00e0 long terme des valeurs spirituelles. L'image du Mont Athos offre ainsi une r\u00e9flexion profonde sur la relation entre la foi, l'histoire et le patrimoine culturel.<\/strong><\/p>\n<\/blockquote>\n\n\n\n<p><strong>Lire aussi :<\/strong> <a href=\"https:\/\/gnews.cz\/fr\/theme\/slovanska-epopej-alfonse-muchy-obraz-sesnacty-jan-amos-komensky-ucitel-narodu-plaminek-nadeje\/\" title=\"\"><strong>L'\u00e9pop\u00e9e slave d'Alfons Mucha - tableau 16 : Jan \u00c1mos Komensk\u00fd, ma\u00eetre des nations - La flamme de l'espoir <\/strong><\/a><\/p>\n\n\n\n<p><strong>Jan Vojt\u011bch, <\/strong>r\u00e9dacteur en chef de General News<\/p>\n\n\n\n<p><\/p>","protected":false},"excerpt":{"rendered":"<p>Image dix-sept. La dimension spirituelle de l'identit\u00e9 slave : l'image du Mont Athos comme symbole de la foi et de la tradition....<\/p>","protected":false},"author":10,"featured_media":42041,"comment_status":"open","ping_status":"closed","sticky":false,"template":"","format":"standard","meta":{"_acf_changed":false,"_lmt_disableupdate":"","_lmt_disable":"","footnotes":""},"categories":[2968,6,1,3104,580,8,5],"tags":[411,1246,11135,11130,45,11132,11127,11133,11137,46,78,5420,4025,11120,11123,74,3427,11140,11121,11124,11126,11131,11139,10,11119,2297,11128,8835,11129,1037,11136,11125,409,410,11134,11138,11122,3700,17,41],"class_list":["post-42040","post","type-post","status-publish","format-standard","has-post-thumbnail","hentry","category-domaci","category-kultura","category-tema","category-veda","category-vyber-sefredaktora","category-zabava","category-zdravy-styl","tag-alfons-mucha","tag-architektura","tag-byzantska-tradice","tag-byzantsky-kulturni-prostor","tag-cr","tag-cistota","tag-dobrocinost","tag-duchovni-a-materske-sily","tag-duchovni-symbolika","tag-eu","tag-evropa","tag-general-news","tag-gnews-cz","tag-hora-athos","tag-indentita","tag-kultura","tag-kulturni-dedictvi","tag-kulturni-recenze","tag-malba","tag-monastickeho-zivota","tag-mozaika-panny-marie","tag-nabozenska-centra","tag-nabozenske-umeni","tag-news","tag-obraz-sedmnacty","tag-ochrana","tag-oddanost","tag-panna-marie","tag-pevna-vira","tag-pravoslavna-cirkev","tag-pravoslavne-klastery","tag-pravoslavneho-krestanstvi","tag-slovane","tag-slovanska-epopej","tag-slovanska-kultura","tag-slovanska-spiritualita","tag-svata-hora","tag-symbolika","tag-top","tag-world"],"acf":[],"aioseo_notices":[],"_links":{"self":[{"href":"https:\/\/gnews.cz\/fr\/wp-json\/wp\/v2\/posts\/42040","targetHints":{"allow":["GET"]}}],"collection":[{"href":"https:\/\/gnews.cz\/fr\/wp-json\/wp\/v2\/posts"}],"about":[{"href":"https:\/\/gnews.cz\/fr\/wp-json\/wp\/v2\/types\/post"}],"author":[{"embeddable":true,"href":"https:\/\/gnews.cz\/fr\/wp-json\/wp\/v2\/users\/10"}],"replies":[{"embeddable":true,"href":"https:\/\/gnews.cz\/fr\/wp-json\/wp\/v2\/comments?post=42040"}],"version-history":[{"count":4,"href":"https:\/\/gnews.cz\/fr\/wp-json\/wp\/v2\/posts\/42040\/revisions"}],"predecessor-version":[{"id":44761,"href":"https:\/\/gnews.cz\/fr\/wp-json\/wp\/v2\/posts\/42040\/revisions\/44761"}],"wp:featuredmedia":[{"embeddable":true,"href":"https:\/\/gnews.cz\/fr\/wp-json\/wp\/v2\/media\/42041"}],"wp:attachment":[{"href":"https:\/\/gnews.cz\/fr\/wp-json\/wp\/v2\/media?parent=42040"}],"wp:term":[{"taxonomy":"category","embeddable":true,"href":"https:\/\/gnews.cz\/fr\/wp-json\/wp\/v2\/categories?post=42040"},{"taxonomy":"post_tag","embeddable":true,"href":"https:\/\/gnews.cz\/fr\/wp-json\/wp\/v2\/tags?post=42040"}],"curies":[{"name":"wp","href":"https:\/\/api.w.org\/{rel}","templated":true}]}}