{"id":42322,"date":"2026-03-21T15:30:00","date_gmt":"2026-03-21T14:30:00","guid":{"rendered":"https:\/\/gnews.cz\/?p=42322"},"modified":"2026-04-28T21:15:18","modified_gmt":"2026-04-28T19:15:18","slug":"slovanska-epopej-alfonse-muchy-obraz-devatenacty-zruseni-nevolnictvi-na-rusi-svobodna-prace-osnova-narodu","status":"publish","type":"post","link":"https:\/\/gnews.cz\/fr\/tema\/slovanska-epopej-alfonse-muchy-obraz-devatenacty-zruseni-nevolnictvi-na-rusi-svobodna-prace-osnova-narodu\/","title":{"rendered":"L'\u00e9pop\u00e9e slave d'Alfons Mucha - peinture dix-neuvi\u00e8me : L'abolition du servage en Russie. Le travail gratuit - le curriculum des nations"},"content":{"rendered":"<p><strong>Le dix-neuvi\u00e8me tableau. Je ne sais pas ce qu'il en est pour tout le monde, mais je consid\u00e8re ce tableau comme une vieille vision famili\u00e8re de certains lieux de l'histoire. J'ai ressenti une \u00e9trange tension qu'il n'est pas facile de d\u00e9crire. C'est le sentiment de se trouver au milieu de quelque chose dont on fait partie, et que l'\u00e9poque repr\u00e9sent\u00e9e est r\u00e9cente. Vous \u00eates au c\u0153ur d'un moment qui transcende la r\u00e9alit\u00e9 quotidienne d\u00e9crite. C'est dans des moments comme celui-ci que je r\u00e9alise la puissance de l'esprit humain, de l'\u00e9nergie humaine et de la pens\u00e9e humaine lorsqu'elles sont combin\u00e9es \u00e0 la foi et \u00e0 la d\u00e9termination. D\u00e8s les premi\u00e8res minutes, j'ai ressenti une atmosph\u00e8re presque festive, mais tellement ordinaire et paisible. Il ne s'agissait pas d'une c\u00e9l\u00e9bration formelle, mais d'une expression authentique de l'appartenance humaine d'une personne ordinaire, pour qui l'avenir s'ouvre, r\u00e9chauff\u00e9 par les rayons du soleil. Les gens n'agissent pas comme une foule anonyme, mais de mani\u00e8re tr\u00e8s concr\u00e8te, comme des personnes venues partager une exp\u00e9rience commune, une \u00e9nergie commune et surtout un espoir commun. Et c'est cet espoir, cette \u00e9nergie et cette foi qui ont conf\u00e9r\u00e9 \u00e0 ce moment une force extraordinaire.<\/strong><\/p>\n\n\n\n<p>Devant ce tableau monumental de 8,10 x 6,10, vous sentirez aussi l'\u00e9trange poids de l'histoire. Il s'agit d'un t\u00e9moignage profond d'un moment charni\u00e8re de l'histoire russe. Le tableau d\u00e9peint le moment o\u00f9 l'\u00e9dit de 1861 abolissant le servage a \u00e9t\u00e9 annonc\u00e9 au peuple russe, un \u00e9v\u00e9nement qui a marqu\u00e9 la fin de si\u00e8cles d'ordre social cruel. \u00c0 premi\u00e8re vue, la composition peut ressembler \u00e0 un simple rassemblement historique sur la Place Rouge. Cependant, plus on regarde le tableau, plus on y reconna\u00eet la profondeur dramatique du destin humain qui sous-tend l'\u00e9motion puissante. Les personnages ne sont pas repr\u00e9sent\u00e9s en triomphe, comme on pourrait s'y attendre \u00e0 l'annonce de la libert\u00e9. Au contraire. Dans leurs visages, il y a d'abord un m\u00e9lange d'\u00e9merveillement, d'incertitude, de peur et d'espoir prudent, si typique de la Russie. C'est ce niveau psychologique qui rend l'image de la Russie particuli\u00e8rement puissante.<\/p>\n\n\n\n<blockquote class=\"wp-block-quote is-layout-flow wp-block-quote-is-layout-flow\">\n<p><strong>Le symbolisme est ici extr\u00eamement expressif. La silhouette dominante du symbole spirituel de la place Rouge, la cath\u00e9drale de Vassil le Bienheureux, n'appara\u00eet pas seulement comme un d\u00e9tail architectural \u00e0 l'arri\u00e8re-plan. Elle agit comme l'axe vertical de toute la composition, comme un t\u00e9moin silencieux et puissant de l'histoire russe. Ses tours color\u00e9es rappellent symboliquement la dimension spirituelle de la civilisation russe, comme la tradition, la foi et la continuit\u00e9 qui transcendent les \u00e9poques politiques. Le contraste entre le temple majestueux et les habitants de la place met \u00e9galement en lumi\u00e8re les profondes contradictions sociales de la soci\u00e9t\u00e9 de l'\u00e9poque. Les figures de paysans sont repr\u00e9sent\u00e9es dans des v\u00eatements lourds et sobres, leur attitude \u00e9tant souvent incertaine et h\u00e9sitante. En revanche, les repr\u00e9sentants du pouvoir ou des classes urbaines apparaissent plus calmes et plus s\u00fbrs d'eux. Ce contraste visuel n'est pas fortuit ; il symbolise le foss\u00e9 bien r\u00e9el qui existe depuis des si\u00e8cles entre les gouvernants et les gouvern\u00e9s.<\/strong><\/p>\n<\/blockquote>\n\n\n\n<p>Certains des personnages du tableau regardent vers l'endroit d'o\u00f9 l'\u00e9dit est annonc\u00e9, d'autres regardent le sol ou l'espace, comme s'ils essayaient de comprendre ce que cette nouvelle libert\u00e9 signifie r\u00e9ellement pour eux. La libert\u00e9 n'est pas d\u00e9crite ici comme une lib\u00e9ration imm\u00e9diate, mais comme un seuil historique et un moment o\u00f9 l'ancien monde a pris fin mais o\u00f9 le nouveau n'est pas encore pleinement compris. C'est l\u00e0 que r\u00e9side le pouvoir spirituel de cette image, mais aussi de l'image de la Russie elle-m\u00eame. Elle montre que l'histoire n'est pas seulement une s\u00e9rie de d\u00e9cisions politiques, mais avant tout un drame de destin\u00e9es humaines. La libert\u00e9 peut survenir soudainement, mais sa compr\u00e9hension et sa r\u00e9alisation exigent du temps, du courage et une transformation sociale. J'y vois une m\u00e9ditation litt\u00e9rale et profonde sur la dignit\u00e9 humaine, sur le passage de la soumission \u00e0 la responsabilit\u00e9 de son propre destin, parce que toute personne ordinaire veut avoir une v\u00e9ritable libert\u00e9 de choix. En outre, la taille monumentale de la toile renforce deux sentiments : l'ampleur du moment et l'ampleur du pays o\u00f9 le soleil ne se couche jamais. De plus, nous sommes face \u00e0 un moment qui n'appartient pas seulement \u00e0 la Russie, mais \u00e0 l'ensemble de l'histoire europ\u00e9enne. L'image rappelle ainsi, de mani\u00e8re silencieuse mais puissante, que chaque soci\u00e9t\u00e9 doit parcourir son propre chemin vers la libert\u00e9 - et que ce chemin s'accompagne toujours d'espoirs et de craintes.<\/p>\n\n\n\n<p><strong>Lire aussi : <a href=\"https:\/\/gnews.cz\/fr\/theme\/slovanska-epopej-alfonze-muchy-obraz-osumnacty-prisaha-omladiny-pod-slovanskou-lipou-1894\/\" title=\"\"><a href=\"https:\/\/gnews.cz\/wp-admin\/post.php?post=42326&amp;action=edit\">L'\u00e9pop\u00e9e slave d'Alfons Mucha - tableau 18 : Serment de \u201eOmladina\u201c sous le tilleul slave 1894<\/a><\/a><\/strong><\/p>\n\n\n\n<p><strong>Jan Vojt\u011bch, R\u00e9dacteur en chef, Actualit\u00e9s g\u00e9n\u00e9rales<\/strong><\/p>","protected":false},"excerpt":{"rendered":"<p>Le dix-neuvi\u00e8me tableau. Je ne sais pas ce qu'il en est pour tout le monde, mais je consid\u00e8re ce tableau comme une vieille vision famili\u00e8re des lieux de l'histoire. J'ai ressenti une \u00e9trange tension qui...<\/p>","protected":false},"author":10,"featured_media":42323,"comment_status":"open","ping_status":"closed","sticky":false,"template":"","format":"standard","meta":{"_acf_changed":false,"_lmt_disableupdate":"","_lmt_disable":"","footnotes":""},"categories":[2968,6,3,1,580],"tags":[411,45,11599,78,5420,4025,10948,11606,2188,11601,74,8777,11611,11605,11604,11377,10,11602,11378,11600,11614,1835,11603,11613,409,410,5328,11607,11608,11609,11376,17,5689,11610,11612,41],"class_list":["post-42322","post","type-post","status-publish","format-standard","has-post-thumbnail","hentry","category-domaci","category-kultura","category-neprehlednete","category-tema","category-vyber-sefredaktora","tag-alfons-mucha","tag-cr","tag-duchovni-atmosfera","tag-evropa","tag-general-news","tag-gnews-cz","tag-historicka-pamet","tag-inspirace","tag-jan-vojtech","tag-komentar","tag-kultura","tag-lidska-dustojnost","tag-lidska-sounalezitost","tag-moralni-odhodlani","tag-nadeje","tag-narod","tag-news","tag-odvaha","tag-osnova-narodu","tag-osobni-svedectvi","tag-pozitivni-energie","tag-recenze","tag-sila-idealu","tag-slavnostni-atmosfera","tag-slovane","tag-slovanska-epopej","tag-solidarita","tag-spolecenska-jednota","tag-spolecenska-odpovednost","tag-spolecne-hodnoty","tag-svobodna-prace","tag-top","tag-top2","tag-vira-v-budoucnost","tag-vitezstvi-ducha","tag-world"],"acf":[],"aioseo_notices":[],"_links":{"self":[{"href":"https:\/\/gnews.cz\/fr\/wp-json\/wp\/v2\/posts\/42322","targetHints":{"allow":["GET"]}}],"collection":[{"href":"https:\/\/gnews.cz\/fr\/wp-json\/wp\/v2\/posts"}],"about":[{"href":"https:\/\/gnews.cz\/fr\/wp-json\/wp\/v2\/types\/post"}],"author":[{"embeddable":true,"href":"https:\/\/gnews.cz\/fr\/wp-json\/wp\/v2\/users\/10"}],"replies":[{"embeddable":true,"href":"https:\/\/gnews.cz\/fr\/wp-json\/wp\/v2\/comments?post=42322"}],"version-history":[{"count":4,"href":"https:\/\/gnews.cz\/fr\/wp-json\/wp\/v2\/posts\/42322\/revisions"}],"predecessor-version":[{"id":44879,"href":"https:\/\/gnews.cz\/fr\/wp-json\/wp\/v2\/posts\/42322\/revisions\/44879"}],"wp:featuredmedia":[{"embeddable":true,"href":"https:\/\/gnews.cz\/fr\/wp-json\/wp\/v2\/media\/42323"}],"wp:attachment":[{"href":"https:\/\/gnews.cz\/fr\/wp-json\/wp\/v2\/media?parent=42322"}],"wp:term":[{"taxonomy":"category","embeddable":true,"href":"https:\/\/gnews.cz\/fr\/wp-json\/wp\/v2\/categories?post=42322"},{"taxonomy":"post_tag","embeddable":true,"href":"https:\/\/gnews.cz\/fr\/wp-json\/wp\/v2\/tags?post=42322"}],"curies":[{"name":"wp","href":"https:\/\/api.w.org\/{rel}","templated":true}]}}