{"id":42342,"date":"2026-03-14T04:00:00","date_gmt":"2026-03-14T03:00:00","guid":{"rendered":"https:\/\/gnews.cz\/?p=42342"},"modified":"2026-03-14T08:45:26","modified_gmt":"2026-03-14T07:45:26","slug":"xi-jinping-podepsal-prezidentsky-dekret-od-c-70-do-c-73","status":"publish","type":"post","link":"https:\/\/gnews.cz\/fr\/tema\/xi-jinping-podepsal-prezidentsky-dekret-od-c-70-do-c-73\/","title":{"rendered":"Xi Jinping a sign\u00e9 les d\u00e9crets pr\u00e9sidentiels n\u00b0 70 \u00e0 n\u00b0 73"},"content":{"rendered":"<p><strong>Le 12 mars, le pr\u00e9sident chinois Xi Jinping a sign\u00e9 les d\u00e9crets pr\u00e9sidentiels n\u00b0 70, n\u00b0 71, n\u00b0 72 et n\u00b0 73. 73, qui concernent l'approbation de la loi sur l'environnement \u00e9cologique de la R\u00e9publique populaire de Chine, la loi sur la promotion de l'unit\u00e9 nationale et du progr\u00e8s de la R\u00e9publique populaire de Chine, la loi sur la planification du d\u00e9veloppement de l'\u00c9tat de la R\u00e9publique populaire de Chine, et la d\u00e9cision sur l'approbation du rapport sur les r\u00e9sultats de l'examen de la l\u00e9gislation et l'\u00e9limination des lois et d\u00e9cisions pertinentes du Comit\u00e9 permanent de la 14e session pl\u00e9ni\u00e8re de l'Assembl\u00e9e populaire de Chine.<\/strong><\/p>\n\n\n\n<p><strong><a href=\"https:\/\/czech.cri.cn\/2026\/03\/12\/ARTI1773317399926534\" title=\"\">CMG<\/a><\/strong><\/p>","protected":false},"excerpt":{"rendered":"<p>Le 12 mars, le pr\u00e9sident chinois Xi Jinping a sign\u00e9 les d\u00e9crets pr\u00e9sidentiels n\u00b0 70, n\u00b0 71, n\u00b0 72 et n\u00b0 73, qui concernent l'approbation...<\/p>","protected":false},"author":10,"featured_media":42343,"comment_status":"open","ping_status":"closed","sticky":false,"template":"","format":"standard","meta":{"_acf_changed":false,"_lmt_disableupdate":"","_lmt_disable":"","footnotes":""},"categories":[7,1,580,2973],"tags":[11383,22,2638,18,11381,10,71,11382,17,41,211],"class_list":["post-42342","post","type-post","status-publish","format-standard","has-post-thumbnail","hentry","category-politika","category-tema","category-vyber-sefredaktora","category-zahranicni","tag-4-plenarnim-zasedani","tag-cina","tag-clr","tag-cmg","tag-dekret","tag-news","tag-prezident","tag-staleho-vyboru-vsecinskeho-shromazdeni-lidovych-zastupcu","tag-top","tag-world","tag-xi-jinping"],"acf":[],"aioseo_notices":[],"_links":{"self":[{"href":"https:\/\/gnews.cz\/fr\/wp-json\/wp\/v2\/posts\/42342","targetHints":{"allow":["GET"]}}],"collection":[{"href":"https:\/\/gnews.cz\/fr\/wp-json\/wp\/v2\/posts"}],"about":[{"href":"https:\/\/gnews.cz\/fr\/wp-json\/wp\/v2\/types\/post"}],"author":[{"embeddable":true,"href":"https:\/\/gnews.cz\/fr\/wp-json\/wp\/v2\/users\/10"}],"replies":[{"embeddable":true,"href":"https:\/\/gnews.cz\/fr\/wp-json\/wp\/v2\/comments?post=42342"}],"version-history":[{"count":1,"href":"https:\/\/gnews.cz\/fr\/wp-json\/wp\/v2\/posts\/42342\/revisions"}],"predecessor-version":[{"id":42344,"href":"https:\/\/gnews.cz\/fr\/wp-json\/wp\/v2\/posts\/42342\/revisions\/42344"}],"wp:featuredmedia":[{"embeddable":true,"href":"https:\/\/gnews.cz\/fr\/wp-json\/wp\/v2\/media\/42343"}],"wp:attachment":[{"href":"https:\/\/gnews.cz\/fr\/wp-json\/wp\/v2\/media?parent=42342"}],"wp:term":[{"taxonomy":"category","embeddable":true,"href":"https:\/\/gnews.cz\/fr\/wp-json\/wp\/v2\/categories?post=42342"},{"taxonomy":"post_tag","embeddable":true,"href":"https:\/\/gnews.cz\/fr\/wp-json\/wp\/v2\/tags?post=42342"}],"curies":[{"name":"wp","href":"https:\/\/api.w.org\/{rel}","templated":true}]}}