{"id":42359,"date":"2026-03-14T15:30:00","date_gmt":"2026-03-14T14:30:00","guid":{"rendered":"https:\/\/gnews.cz\/?p=42359"},"modified":"2026-03-14T15:38:19","modified_gmt":"2026-03-14T14:38:19","slug":"jidlo-topeni-ucty-za-energie-dojizdeni-vsechno-se-prodrazuje","status":"publish","type":"post","link":"https:\/\/gnews.cz\/fr\/tema\/jidlo-topeni-ucty-za-energie-dojizdeni-vsechno-se-prodrazuje\/","title":{"rendered":"L'alimentation, le chauffage, les factures de services publics, les trajets domicile-travail - tout devient plus cher."},"content":{"rendered":"<p><strong>BERLIN - L'Allemagne devient de plus en plus in\u00e9galitaire sur le plan social. La vie devient de plus en plus ch\u00e8re pour la majorit\u00e9. La flamb\u00e9e des prix de ces cinq derni\u00e8res ann\u00e9es a frapp\u00e9 de plein fouet les personnes \u00e0 faibles et moyens revenus. Elles doivent consacrer une grande partie de leurs revenus au logement, \u00e0 l'\u00e9nergie et \u00e0 l'alimentation. C'est dans ces domaines que les prix ont le plus augment\u00e9 : par rapport \u00e0 2020, les denr\u00e9es alimentaires sont devenues plus ch\u00e8res de plus de 30 % et l'\u00e9nergie domestique de pr\u00e8s de 50 %.<\/strong><\/p>\n\n\n\n<p>Le gouvernement Merz ne fait rien pour y rem\u00e9dier. L'accord de coalition nous promettait des co\u00fbts \u00e9nerg\u00e9tiques encore plus bas. Aujourd'hui, cette baisse ne concerne plus que les grandes entreprises. Mais les prix ne sont pas une donn\u00e9e. Nous voulons r\u00e9glementer les prix et les limiter si n\u00e9cessaire, afin que les entreprises ne puissent pas augmenter arbitrairement leurs profits. Cela vaut non seulement pour les loyers, mais aussi pour l'\u00e9nergie et les denr\u00e9es alimentaires. Personne ne devrait avoir \u00e0 se pr\u00e9occuper de faire ses courses \u00e0 la fin du mois. Les augmentations arbitraires des prix de nos besoins fondamentaux ne doivent plus \u00eatre tol\u00e9r\u00e9es.<\/p>\n\n\n\n<p><strong><a href=\"https:\/\/www.die-linke.de\/themen\/preissteigerungen\/\" title=\"\">die-linke.de<\/a>\/gnews.cz-jav<\/strong><\/p>","protected":false},"excerpt":{"rendered":"<p>BERLIN - L'Allemagne devient de plus en plus in\u00e9galitaire sur le plan social. La vie devient de plus en plus ch\u00e8re pour la majorit\u00e9. L'explosion des prix de ces cinq derni\u00e8res ann\u00e9es...<\/p>","protected":false},"author":10,"featured_media":42362,"comment_status":"open","ping_status":"closed","sticky":false,"template":"","format":"standard","meta":{"_acf_changed":false,"_lmt_disableupdate":"","_lmt_disable":"","footnotes":""},"categories":[4,3,658,1,2973],"tags":[997,11407,11409,1464,46,78,3567,173,10,11410,963,11408,11411,17,41],"class_list":["post-42359","post","type-post","status-publish","format-standard","has-post-thumbnail","hentry","category-ekonomika","category-neprehlednete","category-prectete-si","category-tema","category-zahranicni","tag-ceny","tag-die-linke","tag-drahota","tag-energie","tag-eu","tag-evropa","tag-merz","tag-nemecko","tag-news","tag-nizka-prijmova-skupna","tag-potraviny","tag-socialni-nerovnost","tag-stredni-prijmova-skupina","tag-top","tag-world"],"acf":[],"aioseo_notices":[],"_links":{"self":[{"href":"https:\/\/gnews.cz\/fr\/wp-json\/wp\/v2\/posts\/42359","targetHints":{"allow":["GET"]}}],"collection":[{"href":"https:\/\/gnews.cz\/fr\/wp-json\/wp\/v2\/posts"}],"about":[{"href":"https:\/\/gnews.cz\/fr\/wp-json\/wp\/v2\/types\/post"}],"author":[{"embeddable":true,"href":"https:\/\/gnews.cz\/fr\/wp-json\/wp\/v2\/users\/10"}],"replies":[{"embeddable":true,"href":"https:\/\/gnews.cz\/fr\/wp-json\/wp\/v2\/comments?post=42359"}],"version-history":[{"count":2,"href":"https:\/\/gnews.cz\/fr\/wp-json\/wp\/v2\/posts\/42359\/revisions"}],"predecessor-version":[{"id":42364,"href":"https:\/\/gnews.cz\/fr\/wp-json\/wp\/v2\/posts\/42359\/revisions\/42364"}],"wp:featuredmedia":[{"embeddable":true,"href":"https:\/\/gnews.cz\/fr\/wp-json\/wp\/v2\/media\/42362"}],"wp:attachment":[{"href":"https:\/\/gnews.cz\/fr\/wp-json\/wp\/v2\/media?parent=42359"}],"wp:term":[{"taxonomy":"category","embeddable":true,"href":"https:\/\/gnews.cz\/fr\/wp-json\/wp\/v2\/categories?post=42359"},{"taxonomy":"post_tag","embeddable":true,"href":"https:\/\/gnews.cz\/fr\/wp-json\/wp\/v2\/tags?post=42359"}],"curies":[{"name":"wp","href":"https:\/\/api.w.org\/{rel}","templated":true}]}}