{"id":42487,"date":"2026-03-18T09:48:45","date_gmt":"2026-03-18T08:48:45","guid":{"rendered":"https:\/\/gnews.cz\/?p=42487"},"modified":"2026-04-01T14:54:12","modified_gmt":"2026-04-01T12:54:12","slug":"debata-na-male-strane-cinsky-rozvoj-se-stava-prilezitosti-pro-svet","status":"publish","type":"post","link":"https:\/\/gnews.cz\/fr\/neprehlednete\/debata-na-male-strane-cinsky-rozvoj-se-stava-prilezitosti-pro-svet\/","title":{"rendered":"D\u00e9bat \u00e0 Mala Strana : le d\u00e9veloppement de la Chine devient une opportunit\u00e9 pour le monde !"},"content":{"rendered":"<p><strong>Une analyse d\u00e9taill\u00e9e de toutes les opportunit\u00e9s que la Chine offre au monde \u00e9tait le th\u00e8me principal du s\u00e9minaire organis\u00e9 dans les locaux historiques de l'Institut tch\u00e9coslovaque des affaires \u00e9trang\u00e8res, dans la Petite Ville de Prague. L'\u00e9v\u00e9nement, organis\u00e9 par iportaL24.cz en coop\u00e9ration avec China Media Group (CMG) et sous les auspices de la Chambre de commerce et d'industrie mixte tch\u00e9co-chinoise, s'est d\u00e9roul\u00e9 dans une atmosph\u00e8re amicale et a \u00e9t\u00e9 l'occasion d'un appel clair \u00e0 la coop\u00e9ration, \u00e0 la paix et \u00e0 la stabilit\u00e9.<\/strong><\/p>\n\n\n\n<p>Le d\u00e9bat a r\u00e9pondu \u00e0 la r\u00e9union annuelle de l'Assembl\u00e9e populaire de Chine (ACPC) et de la Conf\u00e9rence consultative politique du peuple chinois (CPPCC). Au cours de la double session de cette ann\u00e9e, des documents cl\u00e9s ont \u00e9t\u00e9 approuv\u00e9s, y compris les grandes lignes du quinzi\u00e8me plan quinquennal (2026-2030). <em>\u201eCe plan d'action pour un d\u00e9veloppement de haute qualit\u00e9 de la Chine pr\u00e9sente \u00e9galement une nouvelle \u201aliste d'opportunit\u00e9s\u2018 pour le monde\u201c.\u201c <\/em>a soulign\u00e9 dans ses remarques liminaires le repr\u00e9sentant du China Media Group (CMG) <strong>Monsieur Zhang<\/strong>.<\/p>\n\n\n\n<p><em>\u201eLa r\u00e9union a mis en \u00e9vidence la n\u00e9cessit\u00e9 d'accro\u00eetre la qualit\u00e9 de l'ouverture aux pays \u00e9trangers, de d\u00e9velopper largement les march\u00e9s mondiaux et de mieux connecter le cycle international. Cela r\u00e9affirme la ferme volont\u00e9 de la Chine d'\u00e9largir l'ouverture de ses portes\u201c.\u201c <\/em>M. Zhang a d\u00e9clar\u00e9 <em>\u201eDepuis le d\u00e9but de l'ann\u00e9e, la nouvelle productivit\u00e9 qualitative de la Chine bat son plein. Du succ\u00e8s mondial des grands mod\u00e8les chinois aux performances \u00e9tonnantes des robots intelligents lors du gala de la f\u00eate du printemps, en passant par l'\u00e9conomie du cin\u00e9ma qui active le march\u00e9 de la consommation, la Chine, cette oasis de stabilit\u00e9, offre sans cesse de nouvelles opportunit\u00e9s de d\u00e9veloppement\u201c.\u201c <\/em>qu'il a rejoint.<\/p>\n\n\n\n<figure class=\"wp-block-embed is-provider-youtube wp-block-embed-youtube\"><div class=\"wp-block-embed__wrapper\">\n<iframe title=\"D\u00e9bat \u00e0 Mala Strana : le d\u00e9veloppement de la Chine devient une opportunit\u00e9 pour le monde !\" width=\"1170\" height=\"658\" src=\"https:\/\/www.youtube.com\/embed\/GEPfjQAiMww?feature=oembed\" frameborder=\"0\" allow=\"accelerometer; autoplay; clipboard-write; encrypted-media; gyroscope; picture-in-picture; web-share\" referrerpolicy=\"strict-origin-when-cross-origin\" allowfullscreen><\/iframe>\n<\/div><\/figure>\n\n\n\n<p>La Chine accordera plus d'attention \u00e0 la construction d'un syst\u00e8me industriel moderne et mettra l'accent sur le d\u00e9veloppement de domaines cl\u00e9s tels que l'intelligence artificielle, a-t-il d\u00e9clar\u00e9.<\/p>\n\n\n\n<p>Il a r\u00e9v\u00e9l\u00e9 que l'\u00e9conomie chinoise n'est plus en mode \u201ecroissance \u00e0 tout prix\u201c, mais qu'elle se concentre sur un d\u00e9veloppement de haute qualit\u00e9, avec une nouvelle productivit\u00e9 de haute qualit\u00e9 \u00e0 la cl\u00e9. Les grandes lignes du \u201equinzi\u00e8me plan quinquennal\u201c proposent d'accro\u00eetre l'offre de technologies de haute qualit\u00e9, de se concentrer sur des domaines cl\u00e9s tels que les circuits int\u00e9gr\u00e9s, les machines-outils et la biofabrication, et de r\u00e9aliser des perc\u00e9es d\u00e9cisives dans les technologies de base et les technologies fondamentales.<\/p>\n\n\n\n<p>M. Zhang a not\u00e9 que de nouvelles industries d'importance strat\u00e9gique, telles que les technologies quantiques et les interfaces cerveau-ordinateur, sont activement d\u00e9velopp\u00e9es. Il a \u00e9galement parl\u00e9 du d\u00e9veloppement de l'\u00e9conomie verte. <em>\u201eDepuis cette ann\u00e9e, la Chine est officiellement pass\u00e9e d'un double contr\u00f4le de la consommation d'\u00e9nergie \u00e0 un double contr\u00f4le des \u00e9missions de carbone, soutenant ainsi la transformation vers une \u00e9conomie verte et \u00e0 faible \u00e9mission de carbone. Le fonds nouvellement cr\u00e9\u00e9 apportera un soutien financier stable et \u00e0 long terme aux technologies vertes. Gr\u00e2ce \u00e0 ces mesures, l'\u00e9conomie chinoise est non seulement stable, mais elle ne cesse de cr\u00e9er de nouveaux centres de gravit\u00e9 de la croissance. Des robots intelligents aux v\u00e9hicules \u00e0 \u00e9nergie nouvelle, de l'intelligence artificielle aux technologies vertes,\u201c <\/em>a d\u00e9crit un repr\u00e9sentant du China Media Group.<\/p>\n\n\n\n<p>La Chine entend ouvrir un nouvel espace de coop\u00e9ration mondiale. C'est dans les affaires mondiales qu'elle joue un r\u00f4le de plus en plus important. <em>\u201eLe d\u00e9veloppement de la Chine ne peut se passer du monde et la prosp\u00e9rit\u00e9 du monde a besoin de la Chine. Cette interd\u00e9pendance est la base d'une coop\u00e9ration plus profonde entre la Chine et l'Europe, ainsi qu'entre la Chine et la R\u00e9publique tch\u00e8que\u201c.\u201c<\/em> M. Zhang a mentionn\u00e9.<\/p>\n\n\n\n<p>Selon lui, il existe une grande marge de man\u0153uvre pour approfondir la coop\u00e9ration dans de nombreux domaines entre les deux pays. <em>\u201eLa R\u00e9publique tch\u00e8que a des atouts dans l'ing\u00e9nierie de pr\u00e9cision, l'automobile et d'autres industries traditionnelles, tandis que la Chine dispose d'un \u00e9norme march\u00e9 et d'un nouveau secteur de productivit\u00e9 de qualit\u00e9 qui se d\u00e9veloppe rapidement. Les deux parties peuvent travailler ensemble dans les domaines de la haute technologie, de l'\u00e9nergie verte et de la transformation num\u00e9rique. La Chine et la R\u00e9publique tch\u00e8que peuvent renforcer leur coop\u00e9ration dans les domaines de l'intelligence artificielle, de la biotechnologie, des nouveaux mat\u00e9riaux et d'autres domaines de pointe afin de promouvoir conjointement l'innovation et le d\u00e9veloppement. Le renforcement des \u00e9changes dans les domaines de l'\u00e9ducation, du tourisme et de la culture peut approfondir la compr\u00e9hension mutuelle et l'amiti\u00e9 entre les deux nations et jeter des bases solides pour des relations stables et \u00e0 long terme.\u201c<\/em> a ajout\u00e9 le repr\u00e9sentant du CMG.<\/p>\n\n\n\n<figure class=\"wp-block-embed is-provider-youtube wp-block-embed-youtube\"><div class=\"wp-block-embed__wrapper\">\n<iframe title=\"D\u00e9bat \u00e0 Mala Strana : le d\u00e9veloppement de la Chine devient une opportunit\u00e9 pour le monde !\" width=\"1170\" height=\"658\" src=\"https:\/\/www.youtube.com\/embed\/fFF8ArOlko0?feature=oembed\" frameborder=\"0\" allow=\"accelerometer; autoplay; clipboard-write; encrypted-media; gyroscope; picture-in-picture; web-share\" referrerpolicy=\"strict-origin-when-cross-origin\" allowfullscreen><\/iframe>\n<\/div><\/figure>\n\n\n\n<p>Le pr\u00e9sident du CMG a \u00e9galement adress\u00e9 ses salutations aux participants. <strong>Shen Haixiong<\/strong>. <em>\u201eComme le montre un sondage d'opinion mondial r\u00e9alis\u00e9 par CGTN, plus de 80 % des personnes interrog\u00e9es estiment que le concept chinois de d\u00e9veloppement \u00e9conomique de haute qualit\u00e9 d\u00e9finit la tendance du d\u00e9veloppement de l'\u00e9conomie mondiale. Il apporte une stabilit\u00e9 plus pr\u00e9cieuse et une \u00e9nergie positive au monde instable d'aujourd'hui\u201c.\u201c <\/em>a d\u00e9clar\u00e9, entre autres, le pr\u00e9sident de CMG.<\/p>\n\n\n\n<figure class=\"wp-block-image\"><img decoding=\"async\" src=\"https:\/\/38picres.cgtn.com\/photoAlbum\/page\/performance\/img\/2026\/3\/19\/1773882500615_699.jpg\" alt=\"\"\/><figcaption class=\"wp-element-caption\"><em>&nbsp;Ambassadeur de la RPC Feng Biao<\/em><\/figcaption><\/figure>\n\n\n\n<p>Ses propos ont \u00e9t\u00e9 compl\u00e9t\u00e9s directement dans le hall de l'Institut tch\u00e9coslovaque des affaires \u00e9trang\u00e8res par l'ambassadeur de la R\u00e9publique populaire de Chine en R\u00e9publique tch\u00e8que. <strong>Feng Biao<\/strong>. Il a d\u00e9clar\u00e9 que la Chine ouvrait ses bras \u00e0 l'Europe pour partager des opportunit\u00e9s de d\u00e9veloppement. <em>\u201eElle consid\u00e8re toujours l'Europe comme un partenaire cl\u00e9 dans sa modernisation et ouvre les bras \u00e0 tous les pays\u201c.\u201c<\/em> a d\u00e9clar\u00e9 l'ambassadeur, ajoutant que des travaux sont en cours pour d\u00e9velopper les relations entre la R\u00e9publique tch\u00e8que et la Chine. <em>\u201eNous travaillons \u00e0 pr\u00e9sent avec le nouveau gouvernement tch\u00e8que, ce qui nous permet d'envisager l'avenir de notre coop\u00e9ration de mani\u00e8re tr\u00e8s positive\u201c.\u201c<\/em> Feng Biao a fait l'\u00e9loge du nouveau gouvernement d'Andrej Babi\u0161 (ANO), dont l'approche contraste avec celle du pr\u00e9c\u00e9dent gouvernement de Petr Fiala (ODS). Il a \u00e9galement rappel\u00e9 la r\u00e9cente r\u00e9union des ministres des affaires \u00e9trang\u00e8res des deux pays, Wang Yi et Petr Macinka (Motoristes), lors de la conf\u00e9rence de Munich, qui a d\u00e9bouch\u00e9 sur l'engagement de \u201ed\u00e9velopper la coop\u00e9ration amicale\u201c.<\/p>\n\n\n\n<figure class=\"wp-block-embed is-provider-youtube wp-block-embed-youtube\"><div class=\"wp-block-embed__wrapper\">\n<iframe title=\"D\u00e9bat \u00e0 Mala Strana : le d\u00e9veloppement de la Chine devient une opportunit\u00e9 pour le monde !\" width=\"1170\" height=\"658\" src=\"https:\/\/www.youtube.com\/embed\/Y5v4baH_oAw?feature=oembed\" frameborder=\"0\" allow=\"accelerometer; autoplay; clipboard-write; encrypted-media; gyroscope; picture-in-picture; web-share\" referrerpolicy=\"strict-origin-when-cross-origin\" allowfullscreen><\/iframe>\n<\/div><\/figure>\n\n\n\n<p>L'int\u00e9r\u00eat pour les relations positives mutuelles a \u00e9galement \u00e9t\u00e9 d\u00e9montr\u00e9 aujourd'hui par les contributions vid\u00e9o des d\u00e9put\u00e9s europ\u00e9ens. <strong>Ond\u0159ej Dost\u00e1l<\/strong> (ASSEZ !) et <strong>Ivan David<\/strong> (SPD). <em>\u201eLa rivalit\u00e9 n'est pas de mise. Il est pr\u00e9f\u00e9rable de promouvoir l'amiti\u00e9, la paix, la prosp\u00e9rit\u00e9 et le partenariat. Les r\u00e9unions d'affaires devraient servir \u00e0 enseigner aux hommes d'affaires chinois et \u00e0 nos hommes d'affaires comment tirer parti des avantages mutuels et des synergies r\u00e9ciproques. Pour parvenir \u00e0 une prosp\u00e9rit\u00e9 commune, il est important de chercher des moyens de positionner les produits de la R\u00e9publique tch\u00e8que sur le march\u00e9 chinois et de tirer parti des innovations qui ont r\u00e9ussi en R\u00e9publique populaire de Chine, en R\u00e9publique tch\u00e8que, mais aussi dans d'autres pays tiers o\u00f9 nous pouvons travailler et investir ensemble\u201c.\u201c<\/em> a insist\u00e9 sur Dost\u00e1l.<\/p>\n\n\n\n<figure class=\"wp-block-embed is-provider-youtube wp-block-embed-youtube\"><div class=\"wp-block-embed__wrapper\">\nhttps:\/\/www.kscs.cz\/l\/debata-na-male-strane-cinsky-rozvoj-se-stava-prilezitosti-pro-svet\n<\/div><\/figure>\n\n\n\n<p>Selon M. David, il n'y a pas assez d'espace dans l'UE pour une coop\u00e9ration encore plus \u00e9troite dans les domaines du commerce et de la culture. <em>\u201eDe plus, les dirigeants de diff\u00e9rents pays ont encore une attitude m\u00e9fiante, voire hostile, \u00e0 l'\u00e9gard de la Chine. Cela s'explique en partie par la persistance d'une mentalit\u00e9 de sup\u00e9riorit\u00e9, en particulier dans les anciennes puissances coloniales. La vision de la Chine d'aujourd'hui n'est pas r\u00e9aliste et, malgr\u00e9 sa domination technique croissante, la Chine est toujours consid\u00e9r\u00e9e comme produisant des produits bon march\u00e9 et de mauvaise qualit\u00e9. Il est temps de commencer \u00e0 tirer parti de l'exp\u00e9rience chinoise\u201c.\u201c <\/em>a d\u00e9clar\u00e9 David.<\/p>\n\n\n\n<p>Pr\u00e9sident du conseil d'administration de la Chambre de commerce et d'industrie mixte tch\u00e9co-chinoise <strong>Vojt\u011bch Filip <\/strong>a mentionn\u00e9 des domaines sp\u00e9cifiques dans lesquels la R\u00e9publique tch\u00e8que peut b\u00e9n\u00e9ficier \u00e0 la Chine. L'air pur et l'eau propre en sont un exemple. <em>\u201eCela concerne les technologies que nous avons toujours d\u00e9velopp\u00e9es ici dans le pass\u00e9. Apr\u00e8s 1990, nous avons connu un boom dans le domaine de la purification de l'air par d\u00e9sulfuration des centrales \u00e9lectriques, etc., mais nous avons des brevets mondiaux dans le domaine de la purification de l'eau et nous pouvons les offrir en termes de technologie et de coop\u00e9ration technologique, \u00e0 la fois au niveau de la fourniture, mais surtout en cr\u00e9ant des entreprises communes ou des organisations de services qui seraient en mesure de r\u00e9parer et d'entretenir l'\u00e9quipement \u00e0 tout moment dans le syst\u00e8me d'\u00e9puration des eaux us\u00e9es. Car il ne s'agit pas seulement d'un entretien r\u00e9gulier, il s'agit de ne pas rejeter cette eau dans l'environnement\u201c.\u201c <\/em>d\u00e9crit Filip.<\/p>\n\n\n\n<figure class=\"wp-block-image\"><img decoding=\"async\" src=\"https:\/\/38picres.cgtn.com\/photoAlbum\/page\/performance\/img\/2026\/3\/19\/1773882549839_233.jpg\" alt=\"\"\/><figcaption class=\"wp-element-caption\"><em>&nbsp;Vojt\u011bch Filip<\/em><\/figcaption><\/figure>\n\n\n\n<p><\/p>\n\n\n\n<p>Ancien Premier ministre et pr\u00e9sident de la \u010cSSD <strong>Ji\u0159\u00ed Paroubek<\/strong> Toutefois, il a compar\u00e9 que le commerce ext\u00e9rieur entre la Chine et la R\u00e9publique tch\u00e8que est d\u00e9s\u00e9quilibr\u00e9. <em>\u201eNous le savons tous. Si la vision s'\u00e9tait r\u00e9alis\u00e9e telle que nous l'avions imagin\u00e9e il y a 20 ans, lorsque j'\u00e9tais premier ministre, les choses auraient \u00e9t\u00e9 un peu diff\u00e9rentes. Malheureusement, le commerce ext\u00e9rieur entre nos deux pays d\u00e9pend quelque peu de l'\u00e9volution de la situation politique. Pas en Chine, qui est stable et pr\u00e9visible. Il d\u00e9pend de l'\u00e9volution de la situation politique en R\u00e9publique tch\u00e8que. Et ici, il \u00e9volue en sinuso\u00efdes\u201c<\/em> M. Paroubek a mentionn\u00e9 la diff\u00e9rence d'attitude des diff\u00e9rents gouvernements nationaux \u00e0 l'\u00e9gard de la RPC.<\/p>\n\n\n\n<figure class=\"wp-block-image\"><img decoding=\"async\" src=\"https:\/\/38picres.cgtn.com\/photoAlbum\/page\/performance\/img\/2026\/3\/19\/1773882562816_261.jpg\" alt=\"\"\/><figcaption class=\"wp-element-caption\"><em>&nbsp;Ji\u0159\u00ed Paroubek<\/em><\/figcaption><\/figure>\n\n\n\n<p><\/p>\n\n\n\n<p>Le r\u00e9dacteur en chef de l'hebdomadaire Our Pravda a embo\u00eet\u00e9 le pas. <strong>Helena Ko\u010dov\u00e1<\/strong>, qui venait de rentrer d'un voyage en Chine trois jours avant l'\u00e9v\u00e9nement, o\u00f9 elle avait assist\u00e9 en personne \u00e0 la double session. <em>\u201eNous planifions pour quelques ann\u00e9es, et peut-\u00eatre qu'avec chaque gouvernement, avec chaque \u00e9lection, la situation change, ce qui rend terriblement difficile d'essayer de travailler ensemble\u201c, a d\u00e9clar\u00e9 le pr\u00e9sident de la Commission europ\u00e9enne.\u201c<\/em> a d\u00e9clar\u00e9 Mme Ko\u010dov\u00e1. Cependant, elle voit \u00e9galement un \u00e9norme potentiel dans les relations mutuelles. <em>\u201eLorsque nous parlons de coop\u00e9ration, il est bon de comprendre la taille du march\u00e9. La classe moyenne chinoise compte \u00e0 elle seule plus de 800 millions de personnes. Et plus de la moiti\u00e9 de l'\u00e9conomie repose sur la consommation int\u00e9rieure, que l'\u00c9tat veut encore renforcer. C'est l\u00e0 que je vois une \u00e9norme marge de man\u0153uvre pour la R\u00e9publique tch\u00e8que\u201c.\u201c <\/em>a d\u00e9clar\u00e9 un journaliste sp\u00e9cialiste de la RPC.<em> \u201eIl existe aujourd'hui de nombreuses possibilit\u00e9s de coop\u00e9ration. La question n'est pas de savoir si elles existent. La question est de savoir si nous pouvons en tirer parti\u201c.\u201c<\/em> a-t-elle d\u00e9clar\u00e9.<\/p>\n\n\n\n<figure class=\"wp-block-image\"><img decoding=\"async\" src=\"https:\/\/38picres.cgtn.com\/photoAlbum\/page\/performance\/img\/2026\/3\/19\/1773882588970_736.jpg\" alt=\"\"\/><figcaption class=\"wp-element-caption\"><em>Helena Ko\u010dov\u00e1<\/em><\/figcaption><\/figure>\n\n\n\n<p><\/p>\n\n\n\n<p>Membre du Parlement de la R\u00e9publique tch\u00e8que <strong>Josef Neru\u0161il<\/strong> (SPD), qui pr\u00eatera serment la semaine prochaine, a cit\u00e9 un exemple concret sous la forme de l'\u00e9lectromobilit\u00e9. Il a admis qu'il en \u00e9tait un fervent partisan. <em>\u201eMais je ne suis pas fan de la mani\u00e8re dont l'UE tente d'imposer l'\u00e9lectromobilit\u00e9. Car c'est notre approche europ\u00e9enne : \u00e9tablir des normes, des r\u00e8gles et des r\u00e9glementations, imposer quelque chose aux gens et se demander pourquoi le syst\u00e8me capitaliste n'y r\u00e9agit pas beaucoup, m\u00eame avec toutes les subventions diverses, les subventions et ainsi de suite\u201c.\u201c<\/em> a critiqu\u00e9, ajoutant qu'il serait n\u00e9cessaire de proc\u00e9der par \u00e9tapes et non par bonds. <em>\u201eOn a parfois tendance \u00e0 se moquer du mot quinquennal, que l'on consid\u00e8re comme un terme p\u00e9joratif, mais au contraire, on constate que c'est gr\u00e2ce au plan quinquennal que le d\u00e9veloppement de l'\u00e9lectromobilit\u00e9 est florissant en Chine\u201c.\u201c <\/em>Neru\u0161il a nivel\u00e9.<\/p>\n\n\n\n<figure class=\"wp-block-image\"><img decoding=\"async\" src=\"https:\/\/38picres.cgtn.com\/photoAlbum\/page\/performance\/img\/2026\/3\/19\/1773882608452_459.jpg\" alt=\"\"\/><figcaption class=\"wp-element-caption\"><em>&nbsp;Josef Neru\u0161il<\/em><\/figcaption><\/figure>\n\n\n\n<p><\/p>\n\n\n\n<p>Il a \u00e9t\u00e9 suivi en douceur par le vice-pr\u00e9sident du parti communiste de Tch\u00e9coslovaquie <strong>Milan Krajca<\/strong>.<em> \u201eIl est bon de se rappeler que ce sont les plans quinquennaux qui ont \u00e9t\u00e9 \u00e0 l'origine du d\u00e9veloppement extraordinaire de la R\u00e9publique populaire de Chine au cours des derni\u00e8res d\u00e9cennies. Depuis 1953, date de l'annonce du premier plan quinquennal, la Chine a connu une formidable transformation jusqu'\u00e0 aujourd'hui. Apr\u00e8s des si\u00e8cles d'humiliation, elle est pass\u00e9e d'un pays pauvre et subversif \u00e0 un pays qui occupe la deuxi\u00e8me, voire la premi\u00e8re place \u00e0 bien des \u00e9gards dans le monde. Et je suis convaincu que c'est en grande partie parce que nos amis chinois pratiquent un d\u00e9veloppement r\u00e9fl\u00e9chi sous la direction du Parti communiste chinois, pr\u00e9cis\u00e9ment en pensant au d\u00e9veloppement \u00e0 long terme par le biais de plans quinquennaux\u201c.\u201c <\/em>Kraj\u010da a d\u00e9clar\u00e9.<\/p>\n\n\n\n<figure class=\"wp-block-image\"><img decoding=\"async\" src=\"https:\/\/38picres.cgtn.com\/photoAlbum\/page\/performance\/img\/2026\/3\/19\/1773882627361_830.jpg\" alt=\"\"\/><figcaption class=\"wp-element-caption\"><em>&nbsp;Milan Krajca<\/em><\/figcaption><\/figure>\n\n\n\n<p><\/p>\n\n\n\n<p>D\u00e9put\u00e9 de longue date et actuel conseiller r\u00e9gional de la r\u00e9gion de Boh\u00eame centrale <strong>Jiri Kobza<\/strong> (ENOUGH !) a soulign\u00e9 que les mots cl\u00e9s utilis\u00e9s \u00e9taient \u201epaix\u201c et \u201estabilit\u00e9\u201c. <em>\u201eDans le monde d'aujourd'hui, alors que tout le Moyen-Orient est en feu, que le conflit en Ukraine n'est pas termin\u00e9, que la guerre entre l'Afghanistan et le Pakistan se poursuit, sans compter les diverses frictions tribales et autres, la paix et la stabilit\u00e9 deviennent terriblement importantes\u201c.\u201c<\/em> a soulign\u00e9 Kobza.<\/p>\n\n\n\n<figure class=\"wp-block-image\"><img decoding=\"async\" src=\"https:\/\/38picres.cgtn.com\/photoAlbum\/page\/performance\/img\/2026\/3\/19\/1773882646473_156.jpg\" alt=\"\"\/><figcaption class=\"wp-element-caption\"><em>Jiri Kobza<\/em><\/figcaption><\/figure>\n\n\n\n<p><\/p>\n\n\n\n<p><em>\u201eLes guerres se termineront un jour, laissant derri\u00e8re elles des pays perturb\u00e9s, pill\u00e9s et affam\u00e9s, qui auront bien s\u00fbr tout int\u00e9r\u00eat \u00e0 pouvoir se reconstruire. Et je suis convaincu que c'est l'\u00e9norme potentiel de la Chine qui jouera un r\u00f4le d\u00e9cisif dans l'ordre de l'apr\u00e8s-guerre\u201c.\u201c <\/em>Kobza a ajout\u00e9.<\/p>\n\n\n\n<figure class=\"wp-block-image\"><img decoding=\"async\" src=\"https:\/\/38picres.cgtn.com\/photoAlbum\/page\/performance\/img\/2026\/3\/19\/1773882664096_498.jpg\" alt=\"\"\/><figcaption class=\"wp-element-caption\"><em>Pavel Havranek<\/em><\/figcaption><\/figure>\n\n\n\n<p><\/p>\n\n\n\n<p>Le pr\u00e9sident de l'association tch\u00e9co-chinoise s'est \u00e9galement exprim\u00e9 dans un esprit positif <strong>Pavel Havranek<\/strong>. <em>\u201eAvant tout, je souhaite \u00e0 la Chine de poursuivre sur sa lanc\u00e9e. Je la remercie pour sa capacit\u00e9 \u00e0 partager sa technologie avec le monde et pour sa volont\u00e9 de continuer \u00e0 aider les pays en d\u00e9veloppement\u201c.\u201c<\/em> a d\u00e9clar\u00e9 M. Havr\u00e1nek, qui a \u00e9t\u00e9 rejoint par d'autres membres de l'association lors de l'\u00e9v\u00e9nement d'aujourd'hui. <strong>Karel Nedb\u00e1lek<\/strong> a <strong>Ji\u0159\u00ed Nov\u00e1k<\/strong>. M. Nedb\u00e1lek, manager exp\u00e9riment\u00e9 et professeur d'universit\u00e9, a indiqu\u00e9 que si la Chine a \u00e9volu\u00e9 au cours des 30 derni\u00e8res ann\u00e9es pour prendre sa forme actuelle, \u201enous avons perdu 30 ans\u201c. Dans ce contexte, il a indiqu\u00e9 qu'un livre intitul\u00e9 \u201eChina and Us\u201c \u00e9tait en cours de pr\u00e9paration et qu'un \u00e9diteur \u00e9tait recherch\u00e9. Il a propos\u00e9 de coop\u00e9rer avec la partie chinoise pour la publication de ce livre.<\/p>\n\n\n\n<figure class=\"wp-block-image\"><img decoding=\"async\" src=\"https:\/\/38picres.cgtn.com\/photoAlbum\/page\/performance\/img\/2026\/3\/19\/1773882686205_201.png\" alt=\"\"\/><\/figure>\n\n\n\n<p>Expert en \u00e9nergie <strong>Vladimir Vlk<\/strong> Il a ensuite soulign\u00e9 que la principale chose qui l'a frapp\u00e9 personnellement dans le 15e plan quinquennal \u00e9tait l'accent mis sur le d\u00e9veloppement durable. <em>\u201eEn mati\u00e8re de protection de l'environnement ou de technologies \u00e0 faible \u00e9mission de carbone, la Chine se situe \u00e0 un autre niveau que l'Europe. La Chine a des pourcentages r\u00e9alistes. Alors que l'Europe met en place des valeurs irr\u00e9alistes dans le Green Deal\u201c.\u201c <\/em>M. Vlk a d\u00e9clar\u00e9 qu'il \u00e9tait important que la Chine mette en place des conditions \u00e9conomiques, sociales et environnementales propices au d\u00e9veloppement.<em> \u201eEt ce sont les trois piliers qui doivent \u00eatre respect\u00e9s en m\u00eame temps. L'Union europ\u00e9enne, elle, n'a que le pilier environnemental. Elle ne se pr\u00e9occupe pas du tout des questions sociales, et c'est l\u00e0 le plus gros probl\u00e8me.\u201c <\/em>Vlk a ajout\u00e9.<\/p>\n\n\n\n<figure class=\"wp-block-image\"><img decoding=\"async\" src=\"https:\/\/38picres.cgtn.com\/photoAlbum\/page\/performance\/img\/2026\/3\/19\/1773882715325_58.jpg\" alt=\"\"\/><figcaption class=\"wp-element-caption\"><em>Vladimir Vlk<\/em><\/figcaption><\/figure>\n\n\n\n<p><\/p>\n\n\n\n<p>Politologue et chroniqueur, assistant de la d\u00e9put\u00e9e europ\u00e9enne Kate\u0159ina Kone\u010dn\u00e1. <strong>Vitek Prokop<\/strong> (ASSEZ !) a d\u00e9clar\u00e9 que le seul v\u00e9ritable moyen d'assurer l'autonomie strat\u00e9gique de l'Europe est de coop\u00e9rer avec la Chine. <em>\u201eMalheureusement, cette autonomie ne sera qu'illusoire tant que des dizaines de bases militaires am\u00e9ricaines seront diss\u00e9min\u00e9es sur notre continent. Il est alors impossible de mener une politique \u00e9trang\u00e8re souveraine\u201c.\u201c<\/em> averti.<\/p>\n\n\n\n<figure class=\"wp-block-image\"><img decoding=\"async\" src=\"https:\/\/38picres.cgtn.com\/photoAlbum\/page\/performance\/img\/2026\/3\/19\/1773882733120_524.jpg\" alt=\"\"\/><figcaption class=\"wp-element-caption\"><em>Vitek Prokop<\/em><\/figcaption><\/figure>\n\n\n\n<p><\/p>\n\n\n\n<p>Conseiller r\u00e9gional de la r\u00e9gion d'\u00dast\u00ed et candidat au S\u00e9nat du Parlement de la R\u00e9publique tch\u00e8que <strong>Ivana Turkov\u00e1 <\/strong>a examin\u00e9 l'ensemble de la question non seulement du point de vue de sa profession d'\u00e9conomiste. <em>\u201eLa Chine est la plus grande \u00e9conomie du monde, ce qui a des r\u00e9percussions sur l'ensemble de la plan\u00e8te. Mais je ne suis pas seulement une \u00e9conomiste qui s'appuie sur des chiffres concrets, je suis une femme et une m\u00e8re. Et ce que je d\u00e9teste du plus profond de mon c\u0153ur, c'est toute agression, toute guerre, toute atteinte \u00e0 qui que ce soit. Et je comprends tr\u00e8s bien que la Chine mette l'accent sur le d\u00e9veloppement pacifique\u201c.\u201c <\/em>L'accent a \u00e9t\u00e9 mis sur Turkov\u00e1.<\/p>\n\n\n\n<figure class=\"wp-block-image\"><img decoding=\"async\" src=\"https:\/\/38picres.cgtn.com\/photoAlbum\/page\/performance\/img\/2026\/3\/19\/1773882749952_522.jpg\" alt=\"\"\/><figcaption class=\"wp-element-caption\"><em>Ivana Turkov\u00e1<\/em><\/figcaption><\/figure>\n\n\n\n<p><\/p>\n\n\n\n<p>Pr\u00e9sident du parti HOME <strong>David Tiger Ploc<\/strong> Dans son discours, il a compar\u00e9 ce que la Chine fournit \u00e0 ce que les \u00c9tats-Unis fournissent. <em>\u201eLa Chine offre des bras ouverts, la coop\u00e9ration et l'amiti\u00e9, tandis que les \u00c9tats-Unis n'offrent que des factures tr\u00e8s co\u00fbteuses pour l'armement et la guerre. C'est un simple fait. La Chine n'a jamais d\u00e9clench\u00e9 de guerre. Maintenant, discutons \u00e0 l'inverse pour savoir s'il y a d\u00e9j\u00e0 eu un conflit militaire auquel les \u00c9tats-Unis n'ont pas particip\u00e9.\u201c<\/em> Ploc s'est pos\u00e9 une question rh\u00e9torique.<\/p>\n\n\n\n<p>Il a \u00e9t\u00e9 suivi th\u00e9matiquement par le pr\u00e9sident des Amis tch\u00e8ques des BRICS <strong>Martin Teyrovsky<\/strong>. <em>\u201eLa bonne nouvelle, c'est que nous entrons dans l'\u00e8re du Verseau, et je crois, selon les pr\u00e9dictions, que nous entrons dans mille ans de paix, m\u00eame si cela n'en a pas l'air pour l'instant. Je pense que la situation militaire va rapidement se terminer et que la plan\u00e8te enti\u00e8re va entrer dans une nouvelle \u00e8re. Et l\u00e0, vous voyez que la Chine a pris les r\u00eanes et l'emm\u00e8ne l\u00e0 o\u00f9 tout le monde a besoin qu'elle aille\u201c.\u201c<\/em> a fait l'\u00e9loge de Teyrovsky.<\/p>\n\n\n\n<figure class=\"wp-block-image\"><img decoding=\"async\" src=\"https:\/\/38picres.cgtn.com\/photoAlbum\/page\/performance\/img\/2026\/3\/19\/1773882767845_856.jpg\" alt=\"\"\/><figcaption class=\"wp-element-caption\"><em>David Tygr Ploc et Martin Teyrovsk\u00fd<\/em><\/figcaption><\/figure>\n\n\n\n<p><\/p>\n\n\n\n<p><strong>Pavel Mr\u0161t\u00edk<\/strong>, assistant du d\u00e9put\u00e9 europ\u00e9en Ond\u0159ej Dost\u00e1l, a r\u00e9it\u00e9r\u00e9 sa volont\u00e9 de coop\u00e9rer avec la RPC. <em>\u201eNous sommes favorables \u00e0 la coop\u00e9ration et nous ferons tout ce qui est en notre pouvoir pour \u00e9tablir d'autres contacts et \u00eatre en mesure de travailler en r\u00e9seau\u201c.\u201c <\/em>a-t-il d\u00e9clar\u00e9.<\/p>\n\n\n\n<figure class=\"wp-block-image\"><img decoding=\"async\" src=\"https:\/\/38picres.cgtn.com\/photoAlbum\/page\/performance\/img\/2026\/3\/19\/1773882785519_582.jpg\" alt=\"\"\/><figcaption class=\"wp-element-caption\"><em>Pavel Mr\u0161t\u00edk et Jana Volfov\u00e1<\/em><\/figcaption><\/figure>\n\n\n\n<p><\/p>\n\n\n\n<p>Dans son dernier discours, la vice-pr\u00e9sidente statutaire du \u010cSSD <strong>Jana Volfov\u00e1<\/strong> a r\u00e9sum\u00e9 la plus grande diff\u00e9rence entre l'Europe et la Chine : <em>\u201eEn Chine, ces personnes ne font que travailler. Et peu importe qu'ils aient une position \u00e9lev\u00e9e ou qu'ils soient des travailleurs. Pour eux, il est \u00e9vident que lorsqu'il y a un probl\u00e8me, ils vont le r\u00e9soudre. Nos politiciens, eux, contournent le probl\u00e8me avec tact et attendent que quelqu'un d'autre le r\u00e9solve. Et c'est l\u00e0 que le b\u00e2t blesse. Nous d\u00e9clinons parce que nous ne r\u00e9solvons pas les probl\u00e8mes, nous les contournons, alors que la Chine se d\u00e9veloppe pour la raison inverse.\u201c<\/em><\/p>\n\n\n\n<p><strong><a href=\"https:\/\/czech.cgtn.com\/2026\/03\/19\/ARTI1773882817190788\" title=\"\">CMG<\/a><\/strong><\/p>","protected":false},"excerpt":{"rendered":"<p>Une analyse d\u00e9taill\u00e9e de toutes les opportunit\u00e9s que la Chine offre au monde a \u00e9t\u00e9 le th\u00e8me principal du s\u00e9minaire organis\u00e9 dans les locaux historiques de l'Institut tch\u00e9coslovaque des affaires \u00e9trang\u00e8res, dans la Petite Ville de Prague.....<\/p>","protected":false},"author":6,"featured_media":42488,"comment_status":"open","ping_status":"closed","sticky":false,"template":"","format":"standard","meta":{"_acf_changed":false,"_lmt_disableupdate":"","_lmt_disable":"","footnotes":""},"categories":[2968,3,7],"tags":[45,22,18,2421,7044,714,2183,614,11536,8310],"class_list":["post-42487","post","type-post","status-publish","format-standard","has-post-thumbnail","hentry","category-domaci","category-neprehlednete","category-politika","tag-cr","tag-cina","tag-cmg","tag-obchod","tag-petilety-plan","tag-spoluprace","tag-stabilita","tag-umela-inteligence","tag-vysoka-kvalita","tag-zelena-ekonomika"],"acf":[],"aioseo_notices":[],"_links":{"self":[{"href":"https:\/\/gnews.cz\/fr\/wp-json\/wp\/v2\/posts\/42487","targetHints":{"allow":["GET"]}}],"collection":[{"href":"https:\/\/gnews.cz\/fr\/wp-json\/wp\/v2\/posts"}],"about":[{"href":"https:\/\/gnews.cz\/fr\/wp-json\/wp\/v2\/types\/post"}],"author":[{"embeddable":true,"href":"https:\/\/gnews.cz\/fr\/wp-json\/wp\/v2\/users\/6"}],"replies":[{"embeddable":true,"href":"https:\/\/gnews.cz\/fr\/wp-json\/wp\/v2\/comments?post=42487"}],"version-history":[{"count":4,"href":"https:\/\/gnews.cz\/fr\/wp-json\/wp\/v2\/posts\/42487\/revisions"}],"predecessor-version":[{"id":43315,"href":"https:\/\/gnews.cz\/fr\/wp-json\/wp\/v2\/posts\/42487\/revisions\/43315"}],"wp:featuredmedia":[{"embeddable":true,"href":"https:\/\/gnews.cz\/fr\/wp-json\/wp\/v2\/media\/42488"}],"wp:attachment":[{"href":"https:\/\/gnews.cz\/fr\/wp-json\/wp\/v2\/media?parent=42487"}],"wp:term":[{"taxonomy":"category","embeddable":true,"href":"https:\/\/gnews.cz\/fr\/wp-json\/wp\/v2\/categories?post=42487"},{"taxonomy":"post_tag","embeddable":true,"href":"https:\/\/gnews.cz\/fr\/wp-json\/wp\/v2\/tags?post=42487"}],"curies":[{"name":"wp","href":"https:\/\/api.w.org\/{rel}","templated":true}]}}