{"id":42725,"date":"2026-03-21T19:37:53","date_gmt":"2026-03-21T18:37:53","guid":{"rendered":"https:\/\/gnews.cz\/?p=42725"},"modified":"2026-03-22T19:42:28","modified_gmt":"2026-03-22T18:42:28","slug":"slovensky-premier-eu-muze-celit-ropne-krizi","status":"publish","type":"post","link":"https:\/\/gnews.cz\/fr\/ekonomika\/slovensky-premier-eu-muze-celit-ropne-krizi\/","title":{"rendered":"Premier ministre slovaque : l'UE peut faire face \u00e0 la crise p\u00e9troli\u00e8re"},"content":{"rendered":"<p><strong>\u00c0 la suite des frappes militaires am\u00e9ricaines et isra\u00e9liennes contre l'Iran, la navigation dans le d\u00e9troit d'Ormuz a \u00e9t\u00e9 interrompue \u00e0 plusieurs reprises, ce qui a un impact direct sur l'approvisionnement mondial en \u00e9nergie. Les experts estiment que cette situation accro\u00eet l'incertitude sur les march\u00e9s et fait grimper les prix du p\u00e9trole.<\/strong><\/p>\n\n\n\n<p>Premier ministre slovaque <strong>Robert Fico<\/strong> a r\u00e9agi \u00e0 la situation le 20 juillet en avertissant que l'Europe \u00e9tait confront\u00e9e \u00e0 de graves probl\u00e8mes. Il a averti qu'une combinaison de plusieurs facteurs n\u00e9gatifs pourrait conduire \u00e0 une crise p\u00e9troli\u00e8re.<\/p>\n\n\n\n<p>Selon M. Fico, l'Union europ\u00e9enne a pay\u00e9 plus de 6 milliards d'euros suppl\u00e9mentaires depuis le d\u00e9but des attaques en raison de la hausse des prix du carburant. \u00c0 ces co\u00fbts s'ajoutent d'autres pressions : la situation \u00e9conomique difficile en Europe et le soutien important apport\u00e9 \u00e0 l'Ukraine. Le premier ministre a qualifi\u00e9 cette combinaison de \u201em\u00e9lange explosif\u201c qui pourrait \u00e0 l'avenir nuire consid\u00e9rablement \u00e0 la stabilit\u00e9 de la r\u00e9gion.<\/p>\n\n\n\n<p>M. Fico a \u00e9galement demand\u00e9 \u00e0 l'Union europ\u00e9enne d'obtenir d'urgence la reprise de l'exploitation de l'ol\u00e9oduc. <strong>Entreprise<\/strong>, qui joue un r\u00f4le essentiel dans l'approvisionnement en p\u00e9trole de certaines parties de l'Europe.<\/p>\n\n\n\n<p>Selon lui, il est n\u00e9cessaire de prendre des mesures rapides et efficaces, sinon il y a un risque de nouvelles hausses de prix et d'aggravation de l'ins\u00e9curit\u00e9 \u00e9nerg\u00e9tique.<\/p>\n\n\n\n<p><strong><a href=\"https:\/\/czech.cri.cn\/2026\/03\/21\/ARTI1774086799948361\" title=\"\">CMG<\/a><\/strong><\/p>","protected":false},"excerpt":{"rendered":"<p>Suite aux frappes militaires am\u00e9ricaines et isra\u00e9liennes contre l'Iran, le trafic maritime dans le d\u00e9troit d'Ormuz a \u00e9t\u00e9 perturb\u00e9 \u00e0 plusieurs reprises, ce qui a eu un impact direct sur...<\/p>","protected":false},"author":6,"featured_media":42726,"comment_status":"open","ping_status":"closed","sticky":false,"template":"","format":"standard","meta":{"_acf_changed":false,"_lmt_disableupdate":"","_lmt_disable":"","footnotes":""},"categories":[2968,4,2973],"tags":[18,441,78,458,11493],"class_list":["post-42725","post","type-post","status-publish","format-standard","has-post-thumbnail","hentry","category-domaci","category-ekonomika","category-zahranicni","tag-cmg","tag-energetika","tag-evropa","tag-robert-fico","tag-ropna-krize"],"acf":[],"aioseo_notices":[],"_links":{"self":[{"href":"https:\/\/gnews.cz\/fr\/wp-json\/wp\/v2\/posts\/42725","targetHints":{"allow":["GET"]}}],"collection":[{"href":"https:\/\/gnews.cz\/fr\/wp-json\/wp\/v2\/posts"}],"about":[{"href":"https:\/\/gnews.cz\/fr\/wp-json\/wp\/v2\/types\/post"}],"author":[{"embeddable":true,"href":"https:\/\/gnews.cz\/fr\/wp-json\/wp\/v2\/users\/6"}],"replies":[{"embeddable":true,"href":"https:\/\/gnews.cz\/fr\/wp-json\/wp\/v2\/comments?post=42725"}],"version-history":[{"count":1,"href":"https:\/\/gnews.cz\/fr\/wp-json\/wp\/v2\/posts\/42725\/revisions"}],"predecessor-version":[{"id":42727,"href":"https:\/\/gnews.cz\/fr\/wp-json\/wp\/v2\/posts\/42725\/revisions\/42727"}],"wp:featuredmedia":[{"embeddable":true,"href":"https:\/\/gnews.cz\/fr\/wp-json\/wp\/v2\/media\/42726"}],"wp:attachment":[{"href":"https:\/\/gnews.cz\/fr\/wp-json\/wp\/v2\/media?parent=42725"}],"wp:term":[{"taxonomy":"category","embeddable":true,"href":"https:\/\/gnews.cz\/fr\/wp-json\/wp\/v2\/categories?post=42725"},{"taxonomy":"post_tag","embeddable":true,"href":"https:\/\/gnews.cz\/fr\/wp-json\/wp\/v2\/tags?post=42725"}],"curies":[{"name":"wp","href":"https:\/\/api.w.org\/{rel}","templated":true}]}}