{"id":42769,"date":"2026-03-24T21:00:00","date_gmt":"2026-03-24T20:00:00","guid":{"rendered":"https:\/\/gnews.cz\/?p=42769"},"modified":"2026-03-31T05:07:06","modified_gmt":"2026-03-31T03:07:06","slug":"gnews-rozhovor-s-poslancem-janem-hrncirem-spd-dil-i-sankce-proti-rusku-selhavaji","status":"publish","type":"post","link":"https:\/\/gnews.cz\/fr\/tema\/gnews-rozhovor-s-poslancem-janem-hrncirem-spd-dil-i-sankce-proti-rusku-selhavaji\/","title":{"rendered":"GNEWS Interview avec le d\u00e9put\u00e9 Jan Hrn\u010d\u00ed\u0159 (SPD), partie I : Les sanctions contre la Russie \u00e9chouent !"},"content":{"rendered":"<p><strong>Jan Hrn\u010d\u00ed\u0159, d\u00e9put\u00e9 pour la libert\u00e9 et la d\u00e9mocratie directe (SPD), dans une interview ouverte avec... <a href=\"https:\/\/gnews.cz\/fr\/\" title=\"\">Gnews.cz<\/a> a fortement remis en question l'efficacit\u00e9 des sanctions contre la Russie. Selon lui, il s'av\u00e8re que les mesures, cens\u00e9es \u00eatre une \u201epunition\u201c, n'ont en r\u00e9alit\u00e9 pas d'impact significatif sur l'\u00e9volution du conflit et affectent plut\u00f4t l'\u00e9conomie de l'Union europ\u00e9enne.<\/strong><\/p>\n\n\n\n<p><em>Vous pouvez regarder la premi\u00e8re partie de notre entretien avec Jan Hrn\u010d\u00ed\u0159. <a href=\"https:\/\/youtu.be\/BBiN1el_8hI\" title=\"\">ici<\/a>:<\/em><\/p>\n\n\n\n<figure class=\"wp-block-embed\"><div class=\"wp-block-embed__wrapper\">\n<iframe title=\"Jan Hrn\u010d\u00ed\u0159 (SPD) sur les sanctions contre la F\u00e9d\u00e9ration de Russie\" width=\"1170\" height=\"658\" src=\"https:\/\/www.youtube.com\/embed\/BBiN1el_8hI?feature=oembed\" frameborder=\"0\" allow=\"accelerometer; autoplay; clipboard-write; encrypted-media; gyroscope; picture-in-picture; web-share\" referrerpolicy=\"strict-origin-when-cross-origin\" allowfullscreen><\/iframe>\n<\/div><\/figure>\n\n\n\n<blockquote class=\"wp-block-quote is-layout-flow wp-block-quote-is-layout-flow\">\n<p><strong>Hrn\u010d\u00ed\u0159 a soulign\u00e9 qu'il s'agit approximativement du vingti\u00e8me paquet de sanctions, qu'il d\u00e9crit comme suit .<em>\u201equelque chose d'incroyable\u201c<\/em>. Selon lui, cela ressemble plus \u00e0 une tentative d\u00e9sesp\u00e9r\u00e9e de trouver une mesure qui fonctionnera enfin qu'\u00e0 une strat\u00e9gie. <em>\u201eNous approuverons un autre paquet \u00e0 tout prix et nous esp\u00e9rons que cette fois-ci, il sera fatal. Mais ce ne sera pas le cas\u201c.\u201c<\/em> sugg\u00e8re avec scepticisme.<\/strong><\/p>\n<\/blockquote>\n\n\n\n<p>Selon le d\u00e9put\u00e9, la Russie a r\u00e9ussi \u00e0 trouver de nouveaux clients pour ses mati\u00e8res premi\u00e8res et s'est adapt\u00e9e \u00e0 la situation. Les ressources cl\u00e9s pour l'\u00e9conomie et le financement de la guerre n'ont pas disparu. Au contraire, il rappelle qu'apr\u00e8s les premi\u00e8res sanctions vers 2014-2015, la Russie avait d\u00e9j\u00e0 commenc\u00e9 \u00e0 renforcer significativement sa propre production et \u00e0 r\u00e9duire sa d\u00e9pendance aux importations.<\/p>\n\n\n\n<blockquote class=\"wp-block-quote is-layout-flow wp-block-quote-is-layout-flow\">\n<p><strong><em>\u201eNous leur avons appris \u00e0 fabriquer eux-m\u00eames des objets\u201c.\u201c <\/em>Hrn\u010d\u00ed\u0159. Il ajoute que m\u00eame si les sanctions prennent fin, le retour des entreprises europ\u00e9ennes sur le march\u00e9 russe risque de ne pas \u00eatre possible. Dans de nombreux secteurs, dit-il, la Russie peut se d\u00e9brouiller seule.<\/strong><\/p>\n<\/blockquote>\n\n\n\n<p><em>La d\u00e9claration rouvre ainsi un d\u00e9bat controvers\u00e9 : les sanctions sont-elles vraiment un outil efficace ou se retournent-elles contre ceux qui les imposent ?<\/em><\/p>\n\n\n\n<p><strong>Actualit\u00e9s g\u00e9n\u00e9rales<\/strong><\/p>","protected":false},"excerpt":{"rendered":"<p>Dans une interview ouverte avec Gnews.cz, Jan Hrn\u010d\u00ed\u0159, d\u00e9put\u00e9 pour la libert\u00e9 et la d\u00e9mocratie directe (SPD), a fortement remis en question l'efficacit\u00e9 des sanctions contre la Russie. Selon lui, [...]<\/p>","protected":false},"author":9,"featured_media":42785,"comment_status":"open","ping_status":"closed","sticky":false,"template":"","format":"standard","meta":{"_acf_changed":false,"_lmt_disableupdate":"","_lmt_disable":"","footnotes":""},"categories":[3,7,2,1,1376,580,2973],"tags":[11735,4094,3673,2085,11732,11736,2421,11740,11733,26,350,10433,573,3332,17,8547,5689,11741,41],"class_list":["post-42769","post","type-post","status-publish","format-standard","has-post-thumbnail","hentry","category-neprehlednete","category-politika","category-rozhovory","category-tema","category-tyden-na-general-news","category-vyber-sefredaktora","category-zahranicni","tag-ekonomicke-dopady-eu","tag-evropska-unie","tag-firmy","tag-geopolitika","tag-jan-hrncir","tag-konflikt-na-ukrajine","tag-obchod","tag-obchod-s-ruskem","tag-ruska-ekonomika","tag-rusko","tag-sankce","tag-sobestacnost","tag-spd","tag-suroviny","tag-top","tag-top-2","tag-top2","tag-video","tag-world"],"acf":[],"aioseo_notices":[],"_links":{"self":[{"href":"https:\/\/gnews.cz\/fr\/wp-json\/wp\/v2\/posts\/42769","targetHints":{"allow":["GET"]}}],"collection":[{"href":"https:\/\/gnews.cz\/fr\/wp-json\/wp\/v2\/posts"}],"about":[{"href":"https:\/\/gnews.cz\/fr\/wp-json\/wp\/v2\/types\/post"}],"author":[{"embeddable":true,"href":"https:\/\/gnews.cz\/fr\/wp-json\/wp\/v2\/users\/9"}],"replies":[{"embeddable":true,"href":"https:\/\/gnews.cz\/fr\/wp-json\/wp\/v2\/comments?post=42769"}],"version-history":[{"count":4,"href":"https:\/\/gnews.cz\/fr\/wp-json\/wp\/v2\/posts\/42769\/revisions"}],"predecessor-version":[{"id":42800,"href":"https:\/\/gnews.cz\/fr\/wp-json\/wp\/v2\/posts\/42769\/revisions\/42800"}],"wp:featuredmedia":[{"embeddable":true,"href":"https:\/\/gnews.cz\/fr\/wp-json\/wp\/v2\/media\/42785"}],"wp:attachment":[{"href":"https:\/\/gnews.cz\/fr\/wp-json\/wp\/v2\/media?parent=42769"}],"wp:term":[{"taxonomy":"category","embeddable":true,"href":"https:\/\/gnews.cz\/fr\/wp-json\/wp\/v2\/categories?post=42769"},{"taxonomy":"post_tag","embeddable":true,"href":"https:\/\/gnews.cz\/fr\/wp-json\/wp\/v2\/tags?post=42769"}],"curies":[{"name":"wp","href":"https:\/\/api.w.org\/{rel}","templated":true}]}}