{"id":42777,"date":"2026-03-24T18:00:00","date_gmt":"2026-03-24T17:00:00","guid":{"rendered":"https:\/\/gnews.cz\/?p=42777"},"modified":"2026-03-24T14:45:27","modified_gmt":"2026-03-24T13:45:27","slug":"mezinarodni-unie-novinaru-durazne-odsuzuje-utoky-na-novinare-a-medialni-organizace","status":"publish","type":"post","link":"https:\/\/gnews.cz\/fr\/tema\/mezinarodni-unie-novinaru-durazne-odsuzuje-utoky-na-novinare-a-medialni-organizace\/","title":{"rendered":"L'Union internationale des journalistes condamne fermement les attaques contre les journalistes et les organisations de m\u00e9dias"},"content":{"rendered":"<p><strong>L'Union Internationale des Journalistes (UIJ) exprime sa profonde inqui\u00e9tude et sa vive pr\u00e9occupation quant \u00e0 l'avenir de l'Union Internationale des Journalistes. <a href=\"https:\/\/www.intuj.com\/uncategorized\/iuj-strongly-condemns-attacks-on-journalists-and-media-organizations\/\" title=\"\">condamne fermement la multiplication des attentats<\/a> sur les journalistes et les organisations de m\u00e9dias dans le monde entier.<\/strong><\/p>\n\n\n\n<p><em>\u201eLe premier devoir des journalistes est de fournir au public des informations exactes, factuelles et \u00e9quilibr\u00e9es. Notre travail est strictement professionnel, sans parti pris politique ni arri\u00e8re-pens\u00e9e. Pourtant, les journalistes sont de plus en plus souvent les premi\u00e8res cibles dans les zones de guerre et de conflit. L'UIJ souligne qu'une attaque contre un m\u00e9dia n'est pas seulement la destruction d'un b\u00e2timent ; c'est une attaque directe contre la libert\u00e9 d'expression, le droit du public \u00e0 l'information et les valeurs d\u00e9mocratiques fondamentales\u201c.\u201c<\/em> a \u00e9crit l'IUJ dans un communiqu\u00e9.<\/p>\n\n\n\n<p>L'IUJ a rappel\u00e9 que les journalistes travaillant dans les zones de conflit sont confront\u00e9s \u00e0 des dangers extr\u00eames et risquent leur vie tous les jours pour faire leur travail. <em>\u201eLeur r\u00f4le est crucial pour documenter la r\u00e9alit\u00e9 sur le terrain, d\u00e9noncer les violations des droits de l'homme et informer le public mondial. Toute attaque ou atteinte \u00e0 leur encontre ou \u00e0 celle de leurs organisations est totalement inacceptable\u201c.\u201c<\/em><\/p>\n\n\n\n<blockquote class=\"wp-block-quote is-layout-flow wp-block-quote-is-layout-flow\">\n<p><em>\u201eL'ex\u00e9cutif appelle toutes les parties impliqu\u00e9es dans les conflits \u00e0 respecter le droit international et les accords qui garantissent la s\u00e9curit\u00e9 des journalistes. Les m\u00e9dias doivent \u00eatre consid\u00e9r\u00e9s comme des espaces civils et en aucun cas comme des cibles militaires\u201c.\u201c<\/em> a d\u00e9clar\u00e9 le syndicat.<\/p>\n<\/blockquote>\n\n\n\n<p><em>\u201eNous appelons les organisations internationales, les institutions de d\u00e9fense des droits de l'homme et les gouvernements \u00e0 prendre des mesures imm\u00e9diates pour assurer la s\u00e9curit\u00e9 des journalistes et des m\u00e9dias dans les zones de conflit. Nous demandons que les responsables d'attaques contre les professionnels des m\u00e9dias soient tenus de rendre des comptes et fassent l'objet de sanctions juridiques s\u00e9v\u00e8res\u201c.\u201c<\/em><\/p>\n\n\n\n<p>Selon sa d\u00e9claration, l'UIJ est fermement solidaire de tous les professionnels des m\u00e9dias et de toutes les institutions concern\u00e9es. <em>\u201eNous r\u00e9affirmons notre engagement en faveur de la libert\u00e9 de la presse et exigeons un environnement s\u00fbr dans lequel les journalistes peuvent faire leur travail sans crainte, menace ou intimidation.\u201c<\/em><\/p>\n\n\n\n<p><strong><a href=\"https:\/\/www.intuj.com\/uncategorized\/iuj-strongly-condemns-attacks-on-journalists-and-media-organizations\/\" title=\"\">IUJ<\/a>\/gnews.cz - GH<\/strong><\/p>","protected":false},"excerpt":{"rendered":"<p>L'Union internationale des journalistes (UIJ) exprime sa profonde inqui\u00e9tude et condamne fermement le nombre croissant d'attaques contre les journalistes et les organisations de m\u00e9dias dans le monde. \u201eLes principaux...<\/p>","protected":false},"author":6,"featured_media":42778,"comment_status":"open","ping_status":"closed","sticky":false,"template":"","format":"standard","meta":{"_acf_changed":false,"_lmt_disableupdate":"","_lmt_disable":"","footnotes":""},"categories":[2968,3,7,1,2973],"tags":[11728,3480,11730,11726,351,11729,3632,318,9945,17,11727,41],"class_list":["post-42777","post","type-post","status-publish","format-standard","has-post-thumbnail","hentry","category-domaci","category-neprehlednete","category-politika","category-tema","category-zahranicni","tag-bezpecnost-novinaru","tag-demokracie","tag-iuj","tag-konfliktni-zony","tag-lidska-prava","tag-medialni-organizace","tag-mezinarodni-pravo","tag-novinari","tag-svoboda-tisku","tag-top","tag-utoky-na-media","tag-world"],"acf":[],"aioseo_notices":[],"_links":{"self":[{"href":"https:\/\/gnews.cz\/fr\/wp-json\/wp\/v2\/posts\/42777","targetHints":{"allow":["GET"]}}],"collection":[{"href":"https:\/\/gnews.cz\/fr\/wp-json\/wp\/v2\/posts"}],"about":[{"href":"https:\/\/gnews.cz\/fr\/wp-json\/wp\/v2\/types\/post"}],"author":[{"embeddable":true,"href":"https:\/\/gnews.cz\/fr\/wp-json\/wp\/v2\/users\/6"}],"replies":[{"embeddable":true,"href":"https:\/\/gnews.cz\/fr\/wp-json\/wp\/v2\/comments?post=42777"}],"version-history":[{"count":1,"href":"https:\/\/gnews.cz\/fr\/wp-json\/wp\/v2\/posts\/42777\/revisions"}],"predecessor-version":[{"id":42779,"href":"https:\/\/gnews.cz\/fr\/wp-json\/wp\/v2\/posts\/42777\/revisions\/42779"}],"wp:featuredmedia":[{"embeddable":true,"href":"https:\/\/gnews.cz\/fr\/wp-json\/wp\/v2\/media\/42778"}],"wp:attachment":[{"href":"https:\/\/gnews.cz\/fr\/wp-json\/wp\/v2\/media?parent=42777"}],"wp:term":[{"taxonomy":"category","embeddable":true,"href":"https:\/\/gnews.cz\/fr\/wp-json\/wp\/v2\/categories?post=42777"},{"taxonomy":"post_tag","embeddable":true,"href":"https:\/\/gnews.cz\/fr\/wp-json\/wp\/v2\/tags?post=42777"}],"curies":[{"name":"wp","href":"https:\/\/api.w.org\/{rel}","templated":true}]}}