{"id":42816,"date":"2026-03-25T21:00:00","date_gmt":"2026-03-25T20:00:00","guid":{"rendered":"https:\/\/gnews.cz\/?p=42816"},"modified":"2026-04-01T06:28:20","modified_gmt":"2026-04-01T04:28:20","slug":"gnews-rozhovor-s-poslancem-janem-hrncirem-spd-dil-ii-obavy-z-nove-migracni-vlny","status":"publish","type":"post","link":"https:\/\/gnews.cz\/fr\/rozhovory\/gnews-rozhovor-s-poslancem-janem-hrncirem-spd-dil-ii-obavy-z-nove-migracni-vlny\/","title":{"rendered":"GNEWS Entretien avec le d\u00e9put\u00e9 europ\u00e9en Jan Hrn\u010d\u00ed\u0159 (SPD), partie II : Craintes d'une nouvelle vague migratoire"},"content":{"rendered":"<p><strong>Jan Hrn\u010d\u00ed\u0159, d\u00e9put\u00e9 europ\u00e9en pour la libert\u00e9 et la d\u00e9mocratie directe (SPD), a relanc\u00e9 le d\u00e9bat sur la migration. Dans la suite de l'entretien pour <a href=\"https:\/\/gnews.cz\/fr\/\" title=\"\">GNEWS.cz<\/a> a ouvertement admis ses craintes d'une nouvelle vague de migration, qui, selon lui, pourrait r\u00e9sulter des troubles au Moyen-Orient et en Afrique.<\/strong><\/p>\n\n\n\n<p><em>Vous pouvez regarder la deuxi\u00e8me partie de notre entretien avec Jan Hrn\u010d\u00ed\u0159. <\/em><strong><a href=\"https:\/\/youtu.be\/Sj71vf8rGQo\" title=\"\">ici<\/a>:<\/strong><\/p>\n\n\n\n<figure class=\"wp-block-embed is-provider-youtube wp-block-embed-youtube\"><div class=\"wp-block-embed__wrapper\">\n<iframe title=\"Jan Hrn\u010d\u00ed\u0159 (SPD) sur le pacte migratoire\" width=\"1170\" height=\"658\" src=\"https:\/\/www.youtube.com\/embed\/Sj71vf8rGQo?feature=oembed\" frameborder=\"0\" allow=\"accelerometer; autoplay; clipboard-write; encrypted-media; gyroscope; picture-in-picture; web-share\" referrerpolicy=\"strict-origin-when-cross-origin\" allowfullscreen><\/iframe>\n<\/div><\/figure>\n\n\n\n<p>Hrn\u010d\u00ed\u0159 a rappel\u00e9 l'exp\u00e9rience de 2015, lorsque le conflit en Syrie a d\u00e9clench\u00e9 un afflux massif de migrants en Europe. Selon lui, un sc\u00e9nario similaire pourrait se reproduire. <em>\u201eCes crises ont toujours \u00e9t\u00e9 synonymes d'une nouvelle vague de migration\u201c.\u201c<\/em> averti.<\/p>\n\n\n\n<blockquote class=\"wp-block-quote is-layout-flow wp-block-quote-is-layout-flow\">\n<p><strong>Il a \u00e9galement critiqu\u00e9 s\u00e9v\u00e8rement la politique migratoire de l'Union europ\u00e9enne. Selon lui, le soi-disant pacte migratoire ne r\u00e9sout pas le fond du probl\u00e8me, mais introduit simplement un syst\u00e8me de redistribution des migrants entre les \u00c9tats membres. <em>\u201eIl ne s'agit pas de protection des fronti\u00e8res, mais de quotas\u201c.\u201c<\/em> Ils affirment.<\/strong><\/p>\n<\/blockquote>\n\n\n\n<p>L'eurod\u00e9put\u00e9 souligne \u00e9galement que, selon lui, les questions de s\u00e9curit\u00e9 et d'int\u00e9gration ne sont pas suffisamment prises en compte. Il critique le fait que l'Europe, selon lui, accepte des personnes qui ne veulent pas s'adapter aux conditions locales et se concentre sur la redistribution plut\u00f4t que sur la pr\u00e9vention.<\/p>\n\n\n\n<blockquote class=\"wp-block-quote is-layout-flow wp-block-quote-is-layout-flow\">\n<p><strong>Le gouvernement tch\u00e8que dirig\u00e9 par Petr Fiala est \u00e9galement devenu la cible de critiques. Hrn\u010d\u00ed\u0159 l'accuse d'avoir permis l'adoption du pacte migratoire et de ne pas avoir d\u00e9fendu les int\u00e9r\u00eats de la R\u00e9publique tch\u00e8que.<\/strong><\/p>\n<\/blockquote>\n\n\n\n<p>La question des migrations reste donc l'une des questions politiques les plus explosives - et de telles d\u00e9clarations ne font que confirmer que le diff\u00e9rend sur l'acc\u00e8s \u00e0 ces migrations va continuer \u00e0 s'intensifier.<\/p>\n\n\n\n<p><em>Vous pouvez regarder la partie pr\u00e9c\u00e9dente de l'interview : <\/em><strong><a href=\"https:\/\/gnews.cz\/fr\/theme\/gnews-rozhovor-s-poslancem-janem-hrncirem-spd-dil-i-sankce-proti-rusku-selhavaji\/\" target=\"_blank\" rel=\"noopener\" title=\"\">ici<\/a><\/strong><\/p>\n\n\n\n<p><strong>Actualit\u00e9s g\u00e9n\u00e9rales<\/strong><\/p>","protected":false},"excerpt":{"rendered":"<p>Jan Hrn\u010d\u00ed\u0159, eurod\u00e9put\u00e9 pour la libert\u00e9 et la d\u00e9mocratie directe (SPD), a relanc\u00e9 le d\u00e9bat sur la migration. Dans une autre interview accord\u00e9e \u00e0 GNEWS.cz, il a ouvertement admis...<\/p>","protected":false},"author":9,"featured_media":42785,"comment_status":"open","ping_status":"closed","sticky":false,"template":"","format":"standard","meta":{"_acf_changed":false,"_lmt_disableupdate":"","_lmt_disable":"","footnotes":""},"categories":[3,7,2,2973],"tags":[11760,11761,11732,11756,11762,11757,11758,11759,419,11755,17,41],"class_list":["post-42816","post","type-post","status-publish","format-standard","has-post-thumbnail","hentry","category-neprehlednete","category-politika","category-rozhovory","category-zahranicni","tag-bezpecnost-a-migrace","tag-integracni-politika","tag-jan-hrncir","tag-migrace-v-evrope","tag-migrace-z-afriky","tag-migracni-krize-2015","tag-migracni-pakt-evropske-unie","tag-nepokoje-na-blizkem-vychode","tag-petr-fiala","tag-svoboda-a-prima-demokracie-spd","tag-top","tag-world"],"acf":[],"aioseo_notices":[],"_links":{"self":[{"href":"https:\/\/gnews.cz\/fr\/wp-json\/wp\/v2\/posts\/42816","targetHints":{"allow":["GET"]}}],"collection":[{"href":"https:\/\/gnews.cz\/fr\/wp-json\/wp\/v2\/posts"}],"about":[{"href":"https:\/\/gnews.cz\/fr\/wp-json\/wp\/v2\/types\/post"}],"author":[{"embeddable":true,"href":"https:\/\/gnews.cz\/fr\/wp-json\/wp\/v2\/users\/9"}],"replies":[{"embeddable":true,"href":"https:\/\/gnews.cz\/fr\/wp-json\/wp\/v2\/comments?post=42816"}],"version-history":[{"count":5,"href":"https:\/\/gnews.cz\/fr\/wp-json\/wp\/v2\/posts\/42816\/revisions"}],"predecessor-version":[{"id":43285,"href":"https:\/\/gnews.cz\/fr\/wp-json\/wp\/v2\/posts\/42816\/revisions\/43285"}],"wp:featuredmedia":[{"embeddable":true,"href":"https:\/\/gnews.cz\/fr\/wp-json\/wp\/v2\/media\/42785"}],"wp:attachment":[{"href":"https:\/\/gnews.cz\/fr\/wp-json\/wp\/v2\/media?parent=42816"}],"wp:term":[{"taxonomy":"category","embeddable":true,"href":"https:\/\/gnews.cz\/fr\/wp-json\/wp\/v2\/categories?post=42816"},{"taxonomy":"post_tag","embeddable":true,"href":"https:\/\/gnews.cz\/fr\/wp-json\/wp\/v2\/tags?post=42816"}],"curies":[{"name":"wp","href":"https:\/\/api.w.org\/{rel}","templated":true}]}}