{"id":42868,"date":"2026-03-26T21:00:00","date_gmt":"2026-03-26T20:00:00","guid":{"rendered":"https:\/\/gnews.cz\/?p=42868"},"modified":"2026-04-01T06:26:14","modified_gmt":"2026-04-01T04:26:14","slug":"gnews-rozhovor-s-poslancem-janem-hrncirem-spd-dil-iii-bez-ciny-pry-evropa-nezvladne-technologie-ani-elektromobily","status":"publish","type":"post","link":"https:\/\/gnews.cz\/fr\/tema\/gnews-rozhovor-s-poslancem-janem-hrncirem-spd-dil-iii-bez-ciny-pry-evropa-nezvladne-technologie-ani-elektromobily\/","title":{"rendered":"GNEWS Entretien avec le d\u00e9put\u00e9 europ\u00e9en Jan Hrn\u010d\u00ed\u0159 (SPD), partie III : Sans la Chine, l'Europe ne pourra pas g\u00e9rer la technologie et les voitures \u00e9lectriques."},"content":{"rendered":"<p><strong>Le d\u00e9put\u00e9 Jan Hrn\u010d\u00ed\u0159 du mouvement Libert\u00e9 et d\u00e9mocratie directe (SPD) n'a pas m\u00e9nag\u00e9 ses mots forts dans son interview ouverte.<strong>. Dans la partie suivante de l'interview pour&nbsp;<a href=\"https:\/\/gnews.cz\/fr\/\">Gnews.cz<\/a>&nbsp;<\/strong>. Selon lui, au cours des trente derni\u00e8res ann\u00e9es, la R\u00e9publique populaire de Chine est pass\u00e9e d'une \u00e9conomie insignifiante \u00e0 un leader mondial dont le monde ne peut plus se passer aujourd'hui.<\/strong><\/p>\n\n\n\n<figure class=\"wp-block-embed is-provider-youtube wp-block-embed-youtube\"><div class=\"wp-block-embed__wrapper\">\n<iframe title=\"Jan Hrn\u010d\u00ed\u0159 (SPD) sur la R\u00e9publique populaire de Chine\" width=\"1170\" height=\"658\" src=\"https:\/\/www.youtube.com\/embed\/_H6TAGFwnDk?feature=oembed\" frameborder=\"0\" allow=\"accelerometer; autoplay; clipboard-write; encrypted-media; gyroscope; picture-in-picture; web-share\" referrerpolicy=\"strict-origin-when-cross-origin\" allowfullscreen><\/iframe>\n<\/div><\/figure>\n\n\n\n<p><em>Vous pouvez \u00e9couter la troisi\u00e8me partie de notre entretien avec Jan Hrn\u010d\u00ed\u0159.<\/em> <strong><a href=\"https:\/\/youtu.be\/_H6TAGFwnDk\" title=\"\">ici<\/a><\/strong><\/p>\n\n\n\n<blockquote class=\"wp-block-quote is-layout-flow wp-block-quote-is-layout-flow\">\n<p><strong>\u201eIl y a trente ans, c'\u00e9tait un pays relativement insignifiant sur le plan \u00e9conomique. Aujourd'hui, c'est la deuxi\u00e8me plus grande \u00e9conomie du monde apr\u00e8s les \u00c9tats-Unis\u201c, a d\u00e9clar\u00e9 Hrn\u010d\u00ed\u0159. Selon lui, ce n'est pas seulement la taille de l'\u00e9conomie qui est d\u00e9terminante, mais aussi le rythme des progr\u00e8s technologiques, o\u00f9 la Chine est en t\u00eate.<\/strong><\/p>\n<\/blockquote>\n\n\n\n<p>Selon le d\u00e9put\u00e9, la cl\u00e9 du succ\u00e8s r\u00e9side dans le contr\u00f4le des mati\u00e8res premi\u00e8res strat\u00e9giques. La Chine s'est assur\u00e9 l'acc\u00e8s aux min\u00e9raux n\u00e9cessaires \u00e0 la production de puces, de batteries et au d\u00e9veloppement de la mobilit\u00e9 \u00e9lectrique, ce qui lui conf\u00e8re une position forte dans la cha\u00eene d'approvisionnement mondiale. L'Europe, en revanche, se trouve dans une situation difficile. L'Union europ\u00e9enne d\u00e9pend presque \u00e0 100 % des importations de ces mati\u00e8res premi\u00e8res et composants en provenance de Chine. Cela limite fondamentalement sa capacit\u00e9 \u00e0 \u00eatre comp\u00e9titive dans le domaine des technologies modernes.<\/p>\n\n\n\n<blockquote class=\"wp-block-quote is-layout-flow wp-block-quote-is-layout-flow\">\n<p><strong>\u201eSans la Chine, ni l'\u00e9lectromobilit\u00e9 ni un virage technologique ne sont possibles aujourd'hui\u201c, affirme Hrn\u010d\u00ed\u0159, ajoutant que si cette d\u00e9pendance est \u00e9vidente en Europe, la situation n'est que l\u00e9g\u00e8rement meilleure aux \u00c9tats-Unis.<\/strong><\/p>\n<\/blockquote>\n\n\n\n<p>La d\u00e9claration relance ainsi une question fondamentale : la Chine d\u00e9tient-elle aujourd'hui la cl\u00e9 de l'avenir technologique du monde ?<\/p>\n\n\n\n<p><em>Vous pouvez regarder la partie pr\u00e9c\u00e9dente de l'interview<\/em>: <strong><a href=\"https:\/\/gnews.cz\/fr\/commentaires\/gnews-rozhovor-s-poslancem-janem-hrncirem-spd-dil-ii-obavy-z-nove-migracni-vlny\/\" target=\"_blank\" rel=\"noopener\" title=\"\">ici<\/a><\/strong><\/p>\n\n\n\n<p><strong>Actualit\u00e9s g\u00e9n\u00e9rales<\/strong><\/p>","protected":false},"excerpt":{"rendered":"<p>Le d\u00e9put\u00e9 tch\u00e8que Jan Hrn\u010d\u00ed\u0159, du mouvement Libert\u00e9 et d\u00e9mocratie directe (SPD), n'a pas m\u00e9nag\u00e9 ses mots forts dans son interview ouverte. Dans la suite de l'entretien...<\/p>","protected":false},"author":9,"featured_media":42785,"comment_status":"open","ping_status":"closed","sticky":false,"template":"","format":"standard","meta":{"_acf_changed":false,"_lmt_disableupdate":"","_lmt_disable":"","footnotes":""},"categories":[2968,7,2,1,580,2973],"tags":[45,22,6802,27,968,78,11732,11793,10,573,11792,11755,11791,11794,17,38,41],"class_list":["post-42868","post","type-post","status-publish","format-standard","has-post-thumbnail","hentry","category-domaci","category-politika","category-rozhovory","category-tema","category-vyber-sefredaktora","category-zahranicni","tag-cr","tag-cina","tag-cinska-lidova-republika","tag-ekonomika","tag-elektromobilita","tag-evropa","tag-jan-hrncir","tag-moderni-technologie","tag-news","tag-spd","tag-strategickei-suroviny","tag-svoboda-a-prima-demokracie-spd","tag-technologicky-pokrok","tag-technologicky-posun","tag-top","tag-usa","tag-world"],"acf":[],"aioseo_notices":[],"_links":{"self":[{"href":"https:\/\/gnews.cz\/fr\/wp-json\/wp\/v2\/posts\/42868","targetHints":{"allow":["GET"]}}],"collection":[{"href":"https:\/\/gnews.cz\/fr\/wp-json\/wp\/v2\/posts"}],"about":[{"href":"https:\/\/gnews.cz\/fr\/wp-json\/wp\/v2\/types\/post"}],"author":[{"embeddable":true,"href":"https:\/\/gnews.cz\/fr\/wp-json\/wp\/v2\/users\/9"}],"replies":[{"embeddable":true,"href":"https:\/\/gnews.cz\/fr\/wp-json\/wp\/v2\/comments?post=42868"}],"version-history":[{"count":5,"href":"https:\/\/gnews.cz\/fr\/wp-json\/wp\/v2\/posts\/42868\/revisions"}],"predecessor-version":[{"id":43283,"href":"https:\/\/gnews.cz\/fr\/wp-json\/wp\/v2\/posts\/42868\/revisions\/43283"}],"wp:featuredmedia":[{"embeddable":true,"href":"https:\/\/gnews.cz\/fr\/wp-json\/wp\/v2\/media\/42785"}],"wp:attachment":[{"href":"https:\/\/gnews.cz\/fr\/wp-json\/wp\/v2\/media?parent=42868"}],"wp:term":[{"taxonomy":"category","embeddable":true,"href":"https:\/\/gnews.cz\/fr\/wp-json\/wp\/v2\/categories?post=42868"},{"taxonomy":"post_tag","embeddable":true,"href":"https:\/\/gnews.cz\/fr\/wp-json\/wp\/v2\/tags?post=42868"}],"curies":[{"name":"wp","href":"https:\/\/api.w.org\/{rel}","templated":true}]}}