{"id":42888,"date":"2026-03-27T04:00:00","date_gmt":"2026-03-27T03:00:00","guid":{"rendered":"https:\/\/gnews.cz\/?p=42888"},"modified":"2026-03-27T09:09:48","modified_gmt":"2026-03-27T08:09:48","slug":"spolecne-setkani-na-jarni-schuzce-globalni-kapital-se-spojuje-a-hledi-na-vychod","status":"publish","type":"post","link":"https:\/\/gnews.cz\/fr\/tema\/spolecne-setkani-na-jarni-schuzce-globalni-kapital-se-spojuje-a-hledi-na-vychod\/","title":{"rendered":"R\u00e9union conjointe au \u201eSpring Meeting\u201c : les capitaux mondiaux se donnent la main et se tournent vers l'Est"},"content":{"rendered":"<p>Fin mars \u00e0 P\u00e9kin. Lors de la r\u00e9union annuelle du Forum de d\u00e9veloppement de la Chine 2026, les repr\u00e9sentants de pr\u00e8s d'une centaine d'entreprises multinationales se sont r\u00e9unis pour r\u00e9aliser le \u201erendez-vous de printemps\u201c avec la Chine. \u00c0 l'int\u00e9rieur de la salle de r\u00e9union, les invit\u00e9s ont \u00e9chang\u00e9 des id\u00e9es et discut\u00e9 de coop\u00e9ration sur les th\u00e8mes de la nouvelle consommation, de l'intelligence artificielle, de l'\u00e9cologie et de la r\u00e9duction des \u00e9missions de carbone. \u00c0 l'ext\u00e9rieur de la salle de r\u00e9union, des cadres d'entreprises multinationales ont effectu\u00e9 des visites intensives au minist\u00e8re du commerce et \u00e0 d'autres minist\u00e8res afin de saisir de nouvelles opportunit\u00e9s au d\u00e9but du 15e plan quinquennal de la Chine.<\/p>\n\n\n\n<p>Ce regain d'int\u00e9r\u00eat pour la visite de la Chine s'inscrit dans la tendance du monde \u00e0 \u201etourner son regard vers l'Est\u201c depuis la fin de l'ann\u00e9e derni\u00e8re, et \u201ese tourner vers la Chine\u201c est devenu un terme fr\u00e9quemment utilis\u00e9 dans la couverture m\u00e9diatique internationale de la Chine. La raison de ce ph\u00e9nom\u00e8ne, comme l'a d\u00e9clar\u00e9 le premier ministre chinois Li Qiang (Li Qiang) dans son discours d'ouverture de la r\u00e9union annuelle du Forum sur le d\u00e9veloppement de la Chine 2026, est que la Chine s'est engag\u00e9e \u00e0 \u00eatre la \u201epierre angulaire de la s\u00e9curit\u00e9\u201c et un \u201eport de stabilit\u00e9\u201c pour le monde.<\/p>\n\n\n\n<p><strong>Cette certitude et cette stabilit\u00e9 d\u00e9coulent de la d\u00e9termination strat\u00e9gique de la Chine \u00e0 \u201esuivre un plan unique jusqu'au bout\u201c.<\/strong><\/p>\n\n\n\n<p>Ces jours-ci, le 15e plan quinquennal a \u00e9t\u00e9 mentionn\u00e9 \u00e0 maintes reprises. 18 parties, 62 chapitres - ce document de programme, qui guidera le d\u00e9veloppement \u00e9conomique et social de la Chine au cours des cinq prochaines ann\u00e9es, fixe sept objectifs majeurs, dont \u201edes progr\u00e8s significatifs en mati\u00e8re de d\u00e9veloppement qualitatif\u201c. Il s'agit non seulement d'une \u201enouvelle carte\u201c pour le d\u00e9veloppement de la Chine, mais aussi d'une \u201enouvelle opportunit\u00e9\u201c pour le d\u00e9veloppement mondial.<\/p>\n\n\n\n<figure class=\"wp-block-gallery has-nested-images columns-default is-cropped wp-block-gallery-1 is-layout-flex wp-block-gallery-is-layout-flex\">\n<figure class=\"wp-block-image size-large\"><img fetchpriority=\"high\" decoding=\"async\" width=\"1024\" height=\"575\" data-id=\"42889\" src=\"https:\/\/gnews.cz\/wp-content\/uploads\/2026\/03\/1774408493709_53-1024x575.webp\" alt=\"\" class=\"wp-image-42889\" srcset=\"https:\/\/gnews.cz\/wp-content\/uploads\/2026\/03\/1774408493709_53-1024x575.webp 1024w, https:\/\/gnews.cz\/wp-content\/uploads\/2026\/03\/1774408493709_53-300x169.webp 300w, https:\/\/gnews.cz\/wp-content\/uploads\/2026\/03\/1774408493709_53-768x432.webp 768w, https:\/\/gnews.cz\/wp-content\/uploads\/2026\/03\/1774408493709_53-18x10.webp 18w, https:\/\/gnews.cz\/wp-content\/uploads\/2026\/03\/1774408493709_53-1170x658.webp 1170w, https:\/\/gnews.cz\/wp-content\/uploads\/2026\/03\/1774408493709_53-585x329.webp 585w, https:\/\/gnews.cz\/wp-content\/uploads\/2026\/03\/1774408493709_53.webp 1500w\" sizes=\"(max-width: 1024px) 100vw, 1024px\" \/><\/figure>\n<\/figure>\n\n\n\n<p><strong>Cette certitude et cette stabilit\u00e9 d\u00e9coulent \u00e9galement de l'\u00e9norme potentiel du march\u00e9 chinois, qui est extr\u00eamement vaste.<\/strong><\/p>\n\n\n\n<p>Dans le monde d'aujourd'hui, o\u00f9 le protectionnisme est en constante augmentation, le march\u00e9 est devenu une ressource rare, mais en m\u00eame temps il peut \u00eatre constamment cr\u00e9\u00e9. En tant que deuxi\u00e8me \u00e9conomie mondiale, le march\u00e9 chinois n'est pas seulement vaste, il a aussi un potentiel consid\u00e9rable. Au cours de la p\u00e9riode couverte par le 14e plan quinquennal, le PIB par habitant de la Chine est pass\u00e9 de 10 000 \u00e0 plus de 13 000 dollars, la consommation de biens a pris de nouvelles et meilleures directions et la consommation de services a connu une forte croissance. Cette ann\u00e9e, le gouvernement chinois s'est fix\u00e9 comme t\u00e2che principale de d\u00e9ployer des efforts pour construire un march\u00e9 int\u00e9rieur fort. Lors du forum, la partie chinoise s'est engag\u00e9e \u00e0 importer davantage de produits \u00e9trangers de haute qualit\u00e9, \u00e0 promouvoir conjointement le d\u00e9veloppement optimis\u00e9 et \u00e9quilibr\u00e9 du commerce avec toutes les parties, et \u00e0 \u00e9largir conjointement l'espace \u00e9conomique et commercial mondial.<\/p>\n\n\n\n<p><strong>Cette certitude et cette stabilit\u00e9 d\u00e9coulent \u00e9galement de la puissance d'innovation \u201edure\u201c de la Chine.<\/strong><\/p>\n\n\n\n<p>\u201eChaque fois que l'\u00e9conomie mondiale s'est sortie de ses difficult\u00e9s et s'est engag\u00e9e sur la voie de la prosp\u00e9rit\u00e9, ce n'est pas en se battant pour un march\u00e9 existant, mais gr\u00e2ce \u00e0 l'ouverture et aux progr\u00e8s technologiques qui ont cr\u00e9\u00e9 un nouveau march\u00e9\u201c. Cette d\u00e9claration de la partie chinoise au forum a impressionn\u00e9 Oliver Blum, pr\u00e9sident de Volkswagen. Il a d\u00e9clar\u00e9 qu'il \u00e9tait important pour l'industrie automobile en particulier de d\u00e9velopper de nouvelles industries gr\u00e2ce \u00e0 l'innovation, favorisant ainsi le d\u00e9veloppement \u00e9conomique global.<\/p>\n\n\n\n<p><strong>Cette certitude et cette stabilit\u00e9 proviennent \u00e9galement de la porte de la Chine, qui \u201es'ouvre de plus en plus\u201c.<\/strong><\/p>\n\n\n\n<p>En Chine, l'ouverture n'a jamais \u00e9t\u00e9 une question th\u00e9orique, mais a toujours consist\u00e9 \u00e0 r\u00e9soudre des probl\u00e8mes concrets et \u00e0 mettre en \u0153uvre des d\u00e9cisions individuelles. Lors du forum, la partie chinoise a r\u00e9affirm\u00e9 son engagement \u00e0 continuer de cr\u00e9er un environnement commercial favorable, \u00e0 appliquer pleinement le traitement national des entreprises \u00e9trang\u00e8res et \u00e0 permettre aux entreprises de tous les pays qui viennent en Chine de se d\u00e9velopper pacifiquement et de mettre en \u0153uvre de grands projets.<\/p>\n\n\n\n<p><strong><a href=\"https:\/\/czech.cri.cn\/2026\/03\/25\/ARTI1774408507461484\" title=\"\">CMG<\/a><\/strong><\/p>","protected":false},"excerpt":{"rendered":"<p>Fin mars \u00e0 P\u00e9kin. Lors de la r\u00e9union annuelle du China Development Forum 2026, les repr\u00e9sentants de pr\u00e8s d'une centaine d'entreprises multinationales se sont...<\/p>","protected":false},"author":10,"featured_media":42891,"comment_status":"open","ping_status":"closed","sticky":false,"template":"","format":"standard","meta":{"_acf_changed":false,"_lmt_disableupdate":"","_lmt_disable":"","footnotes":""},"categories":[7,658,1,2973],"tags":[22,27,11799,309,11802,10,11796,11795,11798,11803,17,614,11801,41,11797,11800,3677],"class_list":["post-42888","post","type-post","status-publish","format-standard","has-post-thumbnail","hentry","category-politika","category-prectete-si","category-tema","category-zahranicni","tag-cina","tag-ekonomika","tag-forum-o-rozvoji-ciny-2026","tag-hdp","tag-inovacni-sily-ciny","tag-news","tag-nizkouhlikova-temata","tag-nova-spotreba","tag-obraceni-pohledu-na-vychod","tag-oliver-blum","tag-top","tag-umela-inteligence","tag-velky-trh","tag-world","tag-zacatek-cinske-15-petiletky","tag-zakladni-kamenem-jistoty","tag-zelena"],"acf":[],"aioseo_notices":[],"_links":{"self":[{"href":"https:\/\/gnews.cz\/fr\/wp-json\/wp\/v2\/posts\/42888","targetHints":{"allow":["GET"]}}],"collection":[{"href":"https:\/\/gnews.cz\/fr\/wp-json\/wp\/v2\/posts"}],"about":[{"href":"https:\/\/gnews.cz\/fr\/wp-json\/wp\/v2\/types\/post"}],"author":[{"embeddable":true,"href":"https:\/\/gnews.cz\/fr\/wp-json\/wp\/v2\/users\/10"}],"replies":[{"embeddable":true,"href":"https:\/\/gnews.cz\/fr\/wp-json\/wp\/v2\/comments?post=42888"}],"version-history":[{"count":2,"href":"https:\/\/gnews.cz\/fr\/wp-json\/wp\/v2\/posts\/42888\/revisions"}],"predecessor-version":[{"id":42892,"href":"https:\/\/gnews.cz\/fr\/wp-json\/wp\/v2\/posts\/42888\/revisions\/42892"}],"wp:featuredmedia":[{"embeddable":true,"href":"https:\/\/gnews.cz\/fr\/wp-json\/wp\/v2\/media\/42891"}],"wp:attachment":[{"href":"https:\/\/gnews.cz\/fr\/wp-json\/wp\/v2\/media?parent=42888"}],"wp:term":[{"taxonomy":"category","embeddable":true,"href":"https:\/\/gnews.cz\/fr\/wp-json\/wp\/v2\/categories?post=42888"},{"taxonomy":"post_tag","embeddable":true,"href":"https:\/\/gnews.cz\/fr\/wp-json\/wp\/v2\/tags?post=42888"}],"curies":[{"name":"wp","href":"https:\/\/api.w.org\/{rel}","templated":true}]}}