{"id":42902,"date":"2026-03-27T15:30:00","date_gmt":"2026-03-27T14:30:00","guid":{"rendered":"https:\/\/gnews.cz\/?p=42902"},"modified":"2026-03-27T10:18:16","modified_gmt":"2026-03-27T09:18:16","slug":"hormuzsky-pruliv-by-se-mohl-otevrit-jakmile-iran-prestane-ohrozovat-lodni-dopravu-rubio","status":"publish","type":"post","link":"https:\/\/gnews.cz\/fr\/tema\/hormuzsky-pruliv-by-se-mohl-otevrit-jakmile-iran-prestane-ohrozovat-lodni-dopravu-rubio\/","title":{"rendered":"Le d\u00e9troit d'Ormuz pourrait \u00eatre rouvert une fois que l'Iran aura cess\u00e9 de menacer la navigation - Rubio"},"content":{"rendered":"<p><strong>WASHINGTON, 27 mars La navigation dans le d\u00e9troit d'Ormuz sera rouverte d\u00e8s que l'Iran cessera de repr\u00e9senter une menace pour la navigation internationale, a d\u00e9clar\u00e9 jeudi \u00e0 la presse le secr\u00e9taire d'\u00c9tat am\u00e9ricain Marco Rubio.<\/strong><\/p>\n\n\n\n<blockquote class=\"wp-block-quote is-layout-flow wp-block-quote-is-layout-flow\">\n<p><strong>\u201eIl (le d\u00e9troit d'Ormuz) pourrait \u00eatre ouvert demain si l'Iran cessait de menacer la navigation mondiale\u201c, a d\u00e9clar\u00e9 M. Rubio, selon le service de presse du d\u00e9partement d'\u00c9tat. Le secr\u00e9taire d'\u00c9tat am\u00e9ricain a \u00e9lud\u00e9 une question concernant la possibilit\u00e9 d'une op\u00e9ration terrestre am\u00e9ricaine visant \u00e0 r\u00e9tablir la navigation dans le d\u00e9troit.<\/strong><\/p>\n<\/blockquote>\n\n\n\n<p>Les \u00c9tats-Unis et Isra\u00ebl ont lanc\u00e9 une op\u00e9ration militaire contre l'Iran le 28 f\u00e9vrier. Les principales villes iraniennes ont \u00e9t\u00e9 touch\u00e9es, notamment T\u00e9h\u00e9ran. Le Corps des gardiens de la r\u00e9volution islamique (CGRI) a lanc\u00e9 des frappes de repr\u00e9sailles contre Isra\u00ebl et les installations militaires am\u00e9ricaines \u00e0 Bahre\u00efn, en Jordanie, en Irak, au Qatar, au Kowe\u00eft, aux \u00c9mirats arabes unis et en Arabie saoudite.<\/p>\n\n\n\n<blockquote class=\"wp-block-quote is-layout-flow wp-block-quote-is-layout-flow\">\n<p><strong>Les autorit\u00e9s iraniennes ont \u00e9galement d\u00e9cid\u00e9 de fermer le d\u00e9troit d'Ormuz aux navires associ\u00e9s aux \u00c9tats-Unis, \u00e0 Isra\u00ebl et aux pays qui ont soutenu l'agression contre la R\u00e9publique islamique. Le 25 mars, le ministre iranien des affaires \u00e9trang\u00e8res, Abbas Araghchi, a annonc\u00e9 que l'Iran avait autoris\u00e9 des pays amis, dont la Russie, l'Inde, l'Irak, la Chine et le Pakistan, \u00e0 emprunter le d\u00e9troit d'Ormuz.<\/strong><\/p>\n<\/blockquote>\n\n\n\n<p><strong><a href=\"https:\/\/tass.com\/world\/2107821\" title=\"\">TASS<\/a>\/gnews.cz<\/strong><\/p>","protected":false},"excerpt":{"rendered":"<p>WASHINGTON, 27 mars Le trafic maritime par le d\u00e9troit d'Ormuz sera rouvert d\u00e8s que l'Iran cessera de repr\u00e9senter une menace pour la navigation internationale, a d\u00e9clar\u00e9 un haut responsable iranien dans...<\/p>","protected":false},"author":10,"featured_media":42904,"comment_status":"open","ping_status":"closed","sticky":false,"template":"","format":"standard","meta":{"_acf_changed":false,"_lmt_disableupdate":"","_lmt_disable":"","footnotes":""},"categories":[3,7,1,2973],"tags":[3703,11822,22,357,3710,58,11824,760,11820,11412,49,11823,11789,11788,2782,10,11826,10787,11821,331,11819,17,38,41],"class_list":["post-42902","post","type-post","status-publish","format-standard","has-post-thumbnail","hentry","category-neprehlednete","category-politika","category-tema","category-zahranicni","tag-abbas-aragcci","tag-bahrajnu","tag-cina","tag-doprava","tag-hormuzsky-pruliv","tag-indie","tag-iraku","tag-iran-3","tag-iranske-islamske-revolucni-gardy-irgc","tag-islamska-republika","tag-izrael","tag-jordansku","tag-kataru","tag-kuvajtu","tag-marco-rubio","tag-news","tag-pakystan","tag-ruska","tag-saudske-arabie","tag-spojene-arabske-emiraty","tag-tehran","tag-top","tag-usa","tag-world"],"acf":[],"aioseo_notices":[],"_links":{"self":[{"href":"https:\/\/gnews.cz\/fr\/wp-json\/wp\/v2\/posts\/42902","targetHints":{"allow":["GET"]}}],"collection":[{"href":"https:\/\/gnews.cz\/fr\/wp-json\/wp\/v2\/posts"}],"about":[{"href":"https:\/\/gnews.cz\/fr\/wp-json\/wp\/v2\/types\/post"}],"author":[{"embeddable":true,"href":"https:\/\/gnews.cz\/fr\/wp-json\/wp\/v2\/users\/10"}],"replies":[{"embeddable":true,"href":"https:\/\/gnews.cz\/fr\/wp-json\/wp\/v2\/comments?post=42902"}],"version-history":[{"count":3,"href":"https:\/\/gnews.cz\/fr\/wp-json\/wp\/v2\/posts\/42902\/revisions"}],"predecessor-version":[{"id":42906,"href":"https:\/\/gnews.cz\/fr\/wp-json\/wp\/v2\/posts\/42902\/revisions\/42906"}],"wp:featuredmedia":[{"embeddable":true,"href":"https:\/\/gnews.cz\/fr\/wp-json\/wp\/v2\/media\/42904"}],"wp:attachment":[{"href":"https:\/\/gnews.cz\/fr\/wp-json\/wp\/v2\/media?parent=42902"}],"wp:term":[{"taxonomy":"category","embeddable":true,"href":"https:\/\/gnews.cz\/fr\/wp-json\/wp\/v2\/categories?post=42902"},{"taxonomy":"post_tag","embeddable":true,"href":"https:\/\/gnews.cz\/fr\/wp-json\/wp\/v2\/tags?post=42902"}],"curies":[{"name":"wp","href":"https:\/\/api.w.org\/{rel}","templated":true}]}}