{"id":42907,"date":"2026-03-27T12:30:00","date_gmt":"2026-03-27T11:30:00","guid":{"rendered":"https:\/\/gnews.cz\/?p=42907"},"modified":"2026-03-27T10:27:22","modified_gmt":"2026-03-27T09:27:22","slug":"rusky-dum-v-praze-byl-26-brezna-napaden-molotovovymi-koktejly-reditel","status":"publish","type":"post","link":"https:\/\/gnews.cz\/fr\/tema\/rusky-dum-v-praze-byl-26-brezna-napaden-molotovovymi-koktejly-reditel\/","title":{"rendered":"La Maison russe \u00e0 Prague a \u00e9t\u00e9 attaqu\u00e9e avec des cocktails Molotov le 26 mars - Directeur"},"content":{"rendered":"<p><strong>MOSCOU, 27 mars. La Maison de la Russie \u00e0 Prague a \u00e9t\u00e9 attaqu\u00e9e le 26 mars lorsque des inconnus ont lanc\u00e9 des cocktails Molotov sur le b\u00e2timent, a d\u00e9clar\u00e9 Igor Girenko, directeur du centre culturel.<\/strong><\/p>\n\n\n\n<blockquote class=\"wp-block-quote is-layout-flow wp-block-quote-is-layout-flow\">\n<p><strong>\u201eTard dans la soir\u00e9e du 26 mars, la Maison de la Russie \u00e0 Prague a \u00e9t\u00e9 attaqu\u00e9e. Des inconnus ont lanc\u00e9 des bouteilles de m\u00e9lange inflammable sur le b\u00e2timent du centre culturel\u201c, a d\u00e9clar\u00e9 le directeur. \u201ePar une heureuse co\u00efncidence, trois des six cocktails Molotov n'ont pas explos\u00e9\u201c, a-t-il soulign\u00e9.<\/strong><\/p>\n<\/blockquote>\n\n\n\n<p>M. Girenko a ajout\u00e9 qu'heureusement, \u201ece sont les bouteilles qui ont \u00e9t\u00e9 jet\u00e9es directement \u00e0 l'int\u00e9rieur du b\u00e2timent\u201c qui n'ont pas explos\u00e9.<\/p>\n\n\n\n<blockquote class=\"wp-block-quote is-layout-flow wp-block-quote-is-layout-flow\">\n<p><strong>\u201eIl est difficile d'imaginer quelles seraient les cons\u00e9quences si le plan de ces criminels aboutissait\u201c, a soulign\u00e9 le directeur du centre culturel. \u201eLes fen\u00eatres vis\u00e9es par les terroristes \u00e9taient celles de la biblioth\u00e8que\u201c, a-t-il fait remarquer.<\/strong><\/p>\n<\/blockquote>\n\n\n\n<p>Selon M. Girenko, il ne fait aucun doute que l'acte n'a pas \u00e9t\u00e9 choisi au hasard, puisque la derni\u00e8re manifestation des Journ\u00e9es de la culture russe \u00e9tait pr\u00e9vue pour vendredi. \u201eSeuls des non-humains s'attaquent \u00e0 la culture ! Nous connaissons bien leurs habitudes et leurs m\u00e9thodes\u201c, a-t-il soulign\u00e9.<\/p>\n\n\n\n<blockquote class=\"wp-block-quote is-layout-flow wp-block-quote-is-layout-flow\">\n<p><strong>\u201eNous tenons \u00e0 remercier tout particuli\u00e8rement les autorit\u00e9s polici\u00e8res tch\u00e8ques et les pompiers qui sont arriv\u00e9s sur les lieux en quelques minutes. Nous sommes convaincus que ce crime sera \u00e9lucid\u00e9 et que les coupables seront punis de mani\u00e8re stricte et \u00e9quitable\u201c, a conclu le chef de la Maison de la Russie.<\/strong><\/p>\n<\/blockquote>\n\n\n\n<p><strong><a href=\"https:\/\/tass.com\/emergencies\/2107873\" title=\"\">TASS<\/a>\/gnews.cz<\/strong><\/p>\n\n\n\n<figure class=\"wp-block-gallery has-nested-images columns-default is-cropped wp-block-gallery-1 is-layout-flex wp-block-gallery-is-layout-flex\">\n<figure class=\"wp-block-image size-large\"><img fetchpriority=\"high\" decoding=\"async\" width=\"1024\" height=\"768\" data-id=\"42910\" src=\"https:\/\/gnews.cz\/wp-content\/uploads\/2026\/03\/IMG_20260327_122303_904-1024x768.webp\" alt=\"\" class=\"wp-image-42910\" srcset=\"https:\/\/gnews.cz\/wp-content\/uploads\/2026\/03\/IMG_20260327_122303_904-1024x768.webp 1024w, https:\/\/gnews.cz\/wp-content\/uploads\/2026\/03\/IMG_20260327_122303_904-300x225.webp 300w, https:\/\/gnews.cz\/wp-content\/uploads\/2026\/03\/IMG_20260327_122303_904-768x576.webp 768w, https:\/\/gnews.cz\/wp-content\/uploads\/2026\/03\/IMG_20260327_122303_904-16x12.webp 16w, https:\/\/gnews.cz\/wp-content\/uploads\/2026\/03\/IMG_20260327_122303_904-1170x878.webp 1170w, https:\/\/gnews.cz\/wp-content\/uploads\/2026\/03\/IMG_20260327_122303_904-585x439.webp 585w, https:\/\/gnews.cz\/wp-content\/uploads\/2026\/03\/IMG_20260327_122303_904.webp 1200w\" sizes=\"(max-width: 1024px) 100vw, 1024px\" \/><\/figure>\n<\/figure>\n\n\n\n<figure class=\"wp-block-gallery has-nested-images columns-default is-cropped wp-block-gallery-2 is-layout-flex wp-block-gallery-is-layout-flex\">\n<figure class=\"wp-block-image size-large\"><img decoding=\"async\" width=\"960\" height=\"749\" data-id=\"42911\" src=\"https:\/\/gnews.cz\/wp-content\/uploads\/2026\/03\/IMG_20260327_122351.webp\" alt=\"\" class=\"wp-image-42911\" srcset=\"https:\/\/gnews.cz\/wp-content\/uploads\/2026\/03\/IMG_20260327_122351.webp 960w, https:\/\/gnews.cz\/wp-content\/uploads\/2026\/03\/IMG_20260327_122351-300x234.webp 300w, https:\/\/gnews.cz\/wp-content\/uploads\/2026\/03\/IMG_20260327_122351-768x599.webp 768w, https:\/\/gnews.cz\/wp-content\/uploads\/2026\/03\/IMG_20260327_122351-15x12.webp 15w, https:\/\/gnews.cz\/wp-content\/uploads\/2026\/03\/IMG_20260327_122351-585x456.webp 585w\" sizes=\"(max-width: 960px) 100vw, 960px\" \/><\/figure>\n\n\n\n<figure class=\"wp-block-image size-large\"><img decoding=\"async\" width=\"675\" height=\"900\" data-id=\"42912\" src=\"https:\/\/gnews.cz\/wp-content\/uploads\/2026\/03\/IMG_20260327_122252_822.webp\" alt=\"\" class=\"wp-image-42912\" srcset=\"https:\/\/gnews.cz\/wp-content\/uploads\/2026\/03\/IMG_20260327_122252_822.webp 675w, https:\/\/gnews.cz\/wp-content\/uploads\/2026\/03\/IMG_20260327_122252_822-225x300.webp 225w, https:\/\/gnews.cz\/wp-content\/uploads\/2026\/03\/IMG_20260327_122252_822-9x12.webp 9w, https:\/\/gnews.cz\/wp-content\/uploads\/2026\/03\/IMG_20260327_122252_822-585x780.webp 585w\" sizes=\"(max-width: 675px) 100vw, 675px\" \/><\/figure>\n\n\n\n<figure class=\"wp-block-image size-large\"><img loading=\"lazy\" decoding=\"async\" width=\"506\" height=\"900\" data-id=\"42913\" src=\"https:\/\/gnews.cz\/wp-content\/uploads\/2026\/03\/IMG_20260327_122240_135.webp\" alt=\"\" class=\"wp-image-42913\" srcset=\"https:\/\/gnews.cz\/wp-content\/uploads\/2026\/03\/IMG_20260327_122240_135.webp 506w, https:\/\/gnews.cz\/wp-content\/uploads\/2026\/03\/IMG_20260327_122240_135-169x300.webp 169w, https:\/\/gnews.cz\/wp-content\/uploads\/2026\/03\/IMG_20260327_122240_135-7x12.webp 7w\" sizes=\"(max-width: 506px) 100vw, 506px\" \/><\/figure>\n<\/figure>","protected":false},"excerpt":{"rendered":"<p>MOSCOU, 27 mars. La Maison de la Russie \u00e0 Prague a \u00e9t\u00e9 attaqu\u00e9e le 26 mars lorsque des inconnus ont lanc\u00e9 des cocktails Molotov sur le b\u00e2timent, a d\u00e9clar\u00e9 le directeur...<\/p>","protected":false},"author":10,"featured_media":42909,"comment_status":"open","ping_status":"closed","sticky":false,"template":"","format":"standard","meta":{"_acf_changed":false,"_lmt_disableupdate":"","_lmt_disable":"","footnotes":""},"categories":[2968,3,7,1,580,2973],"tags":[45,11828,11829,10,26,11827,17,11830,41],"class_list":["post-42907","post","type-post","status-publish","format-standard","has-post-thumbnail","hentry","category-domaci","category-neprehlednete","category-politika","category-tema","category-vyber-sefredaktora","category-zahranicni","tag-cr","tag-igor-girenko","tag-molotovovy-koktejly","tag-news","tag-rusko","tag-rusky-dum-v-praze","tag-top","tag-trestni-rizeni","tag-world"],"acf":[],"aioseo_notices":[],"_links":{"self":[{"href":"https:\/\/gnews.cz\/fr\/wp-json\/wp\/v2\/posts\/42907","targetHints":{"allow":["GET"]}}],"collection":[{"href":"https:\/\/gnews.cz\/fr\/wp-json\/wp\/v2\/posts"}],"about":[{"href":"https:\/\/gnews.cz\/fr\/wp-json\/wp\/v2\/types\/post"}],"author":[{"embeddable":true,"href":"https:\/\/gnews.cz\/fr\/wp-json\/wp\/v2\/users\/10"}],"replies":[{"embeddable":true,"href":"https:\/\/gnews.cz\/fr\/wp-json\/wp\/v2\/comments?post=42907"}],"version-history":[{"count":2,"href":"https:\/\/gnews.cz\/fr\/wp-json\/wp\/v2\/posts\/42907\/revisions"}],"predecessor-version":[{"id":42914,"href":"https:\/\/gnews.cz\/fr\/wp-json\/wp\/v2\/posts\/42907\/revisions\/42914"}],"wp:featuredmedia":[{"embeddable":true,"href":"https:\/\/gnews.cz\/fr\/wp-json\/wp\/v2\/media\/42909"}],"wp:attachment":[{"href":"https:\/\/gnews.cz\/fr\/wp-json\/wp\/v2\/media?parent=42907"}],"wp:term":[{"taxonomy":"category","embeddable":true,"href":"https:\/\/gnews.cz\/fr\/wp-json\/wp\/v2\/categories?post=42907"},{"taxonomy":"post_tag","embeddable":true,"href":"https:\/\/gnews.cz\/fr\/wp-json\/wp\/v2\/tags?post=42907"}],"curies":[{"name":"wp","href":"https:\/\/api.w.org\/{rel}","templated":true}]}}