{"id":42915,"date":"2026-03-27T18:30:00","date_gmt":"2026-03-27T17:30:00","guid":{"rendered":"https:\/\/gnews.cz\/?p=42915"},"modified":"2026-03-27T10:41:29","modified_gmt":"2026-03-27T09:41:29","slug":"divadla-slavi-svetovy-den-ktery-odstartoval-na-pocatku-v-helsinkach","status":"publish","type":"post","link":"https:\/\/gnews.cz\/fr\/tema\/divadla-slavi-svetovy-den-ktery-odstartoval-na-pocatku-v-helsinkach\/","title":{"rendered":"Les th\u00e9\u00e2tres c\u00e9l\u00e8brent la Journ\u00e9e mondiale qui a d\u00e9but\u00e9 \u00e0 Helsinki"},"content":{"rendered":"<p><strong>La Journ\u00e9e internationale du th\u00e9\u00e2tre a \u00e9t\u00e9 institu\u00e9e en 1961 par l'Institut international du th\u00e9\u00e2tre (IIT). Cette journ\u00e9e est c\u00e9l\u00e9br\u00e9e chaque ann\u00e9e le 27 mars par tous les centres nationaux de l'ITI et, avec eux, par l'ensemble de la communaut\u00e9 th\u00e9\u00e2trale internationale. Diverses manifestations th\u00e9\u00e2trales sont organis\u00e9es \u00e0 cette occasion.<\/strong><\/p>\n\n\n\n<blockquote class=\"wp-block-quote is-layout-flow wp-block-quote-is-layout-flow\">\n<p><strong>La Journ\u00e9e mondiale du th\u00e9\u00e2tre a \u00e9t\u00e9 propos\u00e9e d'abord \u00e0 Helsinki, puis \u00e0 Vienne, lors du 9e congr\u00e8s mondial de l'Institut international du th\u00e9\u00e2tre, en juin 1961, par le pr\u00e9sident Arvi Kivimaa, au nom du centre finlandais de l'Institut international du th\u00e9\u00e2tre. Les centres nationaux de l'IIT, qui sont aujourd'hui pr\u00e8s de 100 dans le monde, c\u00e9l\u00e8brent la Journ\u00e9e mondiale du th\u00e9\u00e2tre de mani\u00e8res diverses et vari\u00e9es.<\/strong><\/p>\n<\/blockquote>\n\n\n\n<p>Chaque ann\u00e9e, une \u00e9minente personnalit\u00e9 du th\u00e9\u00e2tre ou une personne de c\u0153ur et d'esprit d'un autre domaine est invit\u00e9e \u00e0 partager ses r\u00e9flexions sur le th\u00e9\u00e2tre et l'harmonie entre les peuples. Ce que l'on appelle le Message international est traduit en plus de 20 langues, lu \u00e0 des dizaines de milliers de spectateurs avant les repr\u00e9sentations dans les th\u00e9\u00e2tres du monde entier et publi\u00e9 dans des centaines de journaux. <\/p>\n\n\n\n<h2 class=\"wp-block-heading\"><strong>En R\u00e9publique tch\u00e8que, la Journ\u00e9e mondiale du th\u00e9\u00e2tre est c\u00e9l\u00e9br\u00e9e par la Nuit du th\u00e9\u00e2tre, qui aura lieu samedi prochain, autour du 27 mars.<\/strong><\/h2>\n\n\n\n<p><strong><a href=\"https:\/\/www.kudyznudy.cz\/aktuality\/divadla-zitra-oslavi-svetovy-den-divadla\" title=\"\">kudyznudy.cz<\/a>\/gnews.cz<\/strong><\/p>\n\n\n\n<figure class=\"wp-block-gallery has-nested-images columns-default is-cropped wp-block-gallery-1 is-layout-flex wp-block-gallery-is-layout-flex\">\n<figure class=\"wp-block-image size-large\"><img fetchpriority=\"high\" decoding=\"async\" width=\"889\" height=\"577\" data-id=\"42919\" src=\"https:\/\/gnews.cz\/wp-content\/uploads\/2026\/03\/Screenshot_20260327_124049.webp\" alt=\"\" class=\"wp-image-42919\" srcset=\"https:\/\/gnews.cz\/wp-content\/uploads\/2026\/03\/Screenshot_20260327_124049.webp 889w, https:\/\/gnews.cz\/wp-content\/uploads\/2026\/03\/Screenshot_20260327_124049-300x195.webp 300w, https:\/\/gnews.cz\/wp-content\/uploads\/2026\/03\/Screenshot_20260327_124049-768x498.webp 768w, https:\/\/gnews.cz\/wp-content\/uploads\/2026\/03\/Screenshot_20260327_124049-18x12.webp 18w, https:\/\/gnews.cz\/wp-content\/uploads\/2026\/03\/Screenshot_20260327_124049-585x380.webp 585w\" sizes=\"(max-width: 889px) 100vw, 889px\" \/><\/figure>\n\n\n\n<figure class=\"wp-block-image size-large\"><img decoding=\"async\" width=\"1024\" height=\"650\" data-id=\"42920\" src=\"https:\/\/gnews.cz\/wp-content\/uploads\/2026\/03\/Screenshot_20260327_124106-1024x650.webp\" alt=\"\" class=\"wp-image-42920\" srcset=\"https:\/\/gnews.cz\/wp-content\/uploads\/2026\/03\/Screenshot_20260327_124106-1024x650.webp 1024w, https:\/\/gnews.cz\/wp-content\/uploads\/2026\/03\/Screenshot_20260327_124106-300x190.webp 300w, https:\/\/gnews.cz\/wp-content\/uploads\/2026\/03\/Screenshot_20260327_124106-768x487.webp 768w, https:\/\/gnews.cz\/wp-content\/uploads\/2026\/03\/Screenshot_20260327_124106-18x12.webp 18w, https:\/\/gnews.cz\/wp-content\/uploads\/2026\/03\/Screenshot_20260327_124106-1170x743.webp 1170w, https:\/\/gnews.cz\/wp-content\/uploads\/2026\/03\/Screenshot_20260327_124106-585x371.webp 585w, https:\/\/gnews.cz\/wp-content\/uploads\/2026\/03\/Screenshot_20260327_124106.webp 1221w\" sizes=\"(max-width: 1024px) 100vw, 1024px\" \/><\/figure>\n<\/figure>","protected":false},"excerpt":{"rendered":"<p>La Journ\u00e9e internationale du th\u00e9\u00e2tre a \u00e9t\u00e9 institu\u00e9e en 1961 par l'Institut international du th\u00e9\u00e2tre (IIT). Cette journ\u00e9e est c\u00e9l\u00e9br\u00e9e chaque ann\u00e9e le 27 mars...<\/p>","protected":false},"author":10,"featured_media":42917,"comment_status":"open","ping_status":"closed","sticky":false,"template":"","format":"standard","meta":{"_acf_changed":false,"_lmt_disableupdate":"","_lmt_disable":"","footnotes":""},"categories":[2968,6,3,1,3104,580,8,5],"tags":[11835,45,11834,11833,11832,11831,10,11837,11836,17,987,41],"class_list":["post-42915","post","type-post","status-publish","format-standard","has-post-thumbnail","hentry","category-domaci","category-kultura","category-neprehlednete","category-tema","category-veda","category-vyber-sefredaktora","category-zabava","category-zdravy-styl","tag-arvi-kivimaa","tag-cr","tag-finsky-stredisko-mezinarodni-divadelni-ustav","tag-helsinky","tag-international-theatre-institute-iti","tag-mezinarodni-den-divadla","tag-news","tag-noc-divadel","tag-poselstvi","tag-top","tag-viden","tag-world"],"acf":[],"aioseo_notices":[],"_links":{"self":[{"href":"https:\/\/gnews.cz\/fr\/wp-json\/wp\/v2\/posts\/42915","targetHints":{"allow":["GET"]}}],"collection":[{"href":"https:\/\/gnews.cz\/fr\/wp-json\/wp\/v2\/posts"}],"about":[{"href":"https:\/\/gnews.cz\/fr\/wp-json\/wp\/v2\/types\/post"}],"author":[{"embeddable":true,"href":"https:\/\/gnews.cz\/fr\/wp-json\/wp\/v2\/users\/10"}],"replies":[{"embeddable":true,"href":"https:\/\/gnews.cz\/fr\/wp-json\/wp\/v2\/comments?post=42915"}],"version-history":[{"count":2,"href":"https:\/\/gnews.cz\/fr\/wp-json\/wp\/v2\/posts\/42915\/revisions"}],"predecessor-version":[{"id":42921,"href":"https:\/\/gnews.cz\/fr\/wp-json\/wp\/v2\/posts\/42915\/revisions\/42921"}],"wp:featuredmedia":[{"embeddable":true,"href":"https:\/\/gnews.cz\/fr\/wp-json\/wp\/v2\/media\/42917"}],"wp:attachment":[{"href":"https:\/\/gnews.cz\/fr\/wp-json\/wp\/v2\/media?parent=42915"}],"wp:term":[{"taxonomy":"category","embeddable":true,"href":"https:\/\/gnews.cz\/fr\/wp-json\/wp\/v2\/categories?post=42915"},{"taxonomy":"post_tag","embeddable":true,"href":"https:\/\/gnews.cz\/fr\/wp-json\/wp\/v2\/tags?post=42915"}],"curies":[{"name":"wp","href":"https:\/\/api.w.org\/{rel}","templated":true}]}}