{"id":42923,"date":"2026-03-27T21:30:00","date_gmt":"2026-03-27T20:30:00","guid":{"rendered":"https:\/\/gnews.cz\/?p=42923"},"modified":"2026-04-01T06:24:34","modified_gmt":"2026-04-01T04:24:34","slug":"gnews-rozhovor-s-poslancem-janem-hrncirem-spd-dil-iv-o-fialove-politice-a-co-delat","status":"publish","type":"post","link":"https:\/\/gnews.cz\/fr\/tema\/gnews-rozhovor-s-poslancem-janem-hrncirem-spd-dil-iv-o-fialove-politice-a-co-delat\/","title":{"rendered":"GNEWS Entretien avec le d\u00e9put\u00e9 Jan Hrn\u010d\u00ed\u0159 (SPD), partie IV : la politique de Fial et ce qu'il faut faire"},"content":{"rendered":"<p><strong>La critique s\u00e9v\u00e8re est adress\u00e9e au gouvernement de Petr Fiala. Le d\u00e9put\u00e9 Jan Hrn\u010d\u00ed\u0159 du parti Libert\u00e9 et d\u00e9mocratie directe (SPD) n'a pas m\u00e2ch\u00e9 ses mots dans l'interview et a accus\u00e9 le cabinet de ne pas s'attaquer aux probl\u00e8mes des familles et de l'industrie tch\u00e8ques. Dans la suite de l'interview pour&nbsp;<a href=\"https:\/\/gnews.cz\/fr\/\">Gnews.cz<\/a>&nbsp;<\/strong><\/p>\n\n\n\n<figure class=\"wp-block-embed is-provider-youtube wp-block-embed-youtube\"><div class=\"wp-block-embed__wrapper\">\n<iframe title=\"Jan Hrn\u010d\u00ed\u0159 (SPD) sur la politique de Fial et ce qu&#039;il faut faire\" width=\"1170\" height=\"658\" src=\"https:\/\/www.youtube.com\/embed\/dzOq2nO4gDc?feature=oembed\" frameborder=\"0\" allow=\"accelerometer; autoplay; clipboard-write; encrypted-media; gyroscope; picture-in-picture; web-share\" referrerpolicy=\"strict-origin-when-cross-origin\" allowfullscreen><\/iframe>\n<\/div><\/figure>\n\n\n\n<p><em>Vous pouvez \u00e9couter la troisi\u00e8me partie de notre entretien avec Jan Hrn\u010d\u00ed\u0159.<\/em>&nbsp;<strong><a href=\"https:\/\/youtu.be\/_H6TAGFwnDk\">ici<\/a><\/strong><\/p>\n\n\n\n<blockquote class=\"wp-block-quote is-layout-flow wp-block-quote-is-layout-flow\">\n<p><strong>Selon Hrn\u010d\u00ed\u0159, cette situation a eu un impact majeur sur le r\u00e9sultat des \u00e9lections. \u201e De nombreuses familles ont \u00e9t\u00e9 saisies et nous avons connu ce que l'on appelle la pauvret\u00e9 \u00e9nerg\u00e9tique \u201c, a-t-il d\u00e9clar\u00e9. Selon lui, ce ph\u00e9nom\u00e8ne \u00e9tait auparavant inconnu en R\u00e9publique tch\u00e8que, mais ces derni\u00e8res ann\u00e9es, il est devenu une r\u00e9alit\u00e9 pour des milliers de m\u00e9nages.<\/strong><\/p>\n<\/blockquote>\n\n\n\n<p>Des mots durs ont \u00e9galement \u00e9t\u00e9 prononc\u00e9s \u00e0 l'\u00e9gard de l'Union europ\u00e9enne et des politiques de Green Deal. Hrn\u010d\u00ed\u0159 affirme que le gouvernement f\u00e9d\u00e9ral s'est davantage concentr\u00e9 sur Bruxelles que sur ses propres citoyens et qu'il a largement contribu\u00e9 \u00e0 faire adopter des r\u00e9glementations environnementales qui, selon lui, ont eu un impact n\u00e9gatif sur l'\u00e9conomie. Bien que le gouvernement fasse \u00e9tat d'une croissance \u00e9conomique d'environ 2,5 %, Hrn\u010d\u00ed\u0159 souligne qu'il pense qu'elle est principalement due au fait que les m\u00e9nages dissolvent leur \u00e9pargne apr\u00e8s une p\u00e9riode d'inflation \u00e9lev\u00e9e. Le secteur cl\u00e9 de l'industrie manufacturi\u00e8re, quant \u00e0 lui, s'est affaibli sur le long terme, pr\u00e9cise-t-il.<\/p>\n\n\n\n<blockquote class=\"wp-block-quote is-layout-flow wp-block-quote-is-layout-flow\">\n<p><strong>Selon l'eurod\u00e9put\u00e9, les mesures actuelles vont dans la direction oppos\u00e9e. L'\u00c9tat doit prendre en charge une partie des co\u00fbts de soutien aux centrales solaires, ce qui devrait soulager les m\u00e9nages et les entreprises. \u201eIl s'agit d'environ 17 milliards de couronnes tch\u00e8ques\u201c, a-t-il d\u00e9clar\u00e9, ajoutant que les prix de l'\u00e9lectricit\u00e9 \u00e9taient parmi les plus \u00e9lev\u00e9s d'Europe sous le gouvernement pr\u00e9c\u00e9dent.<\/strong><\/p>\n<\/blockquote>\n\n\n\n<p>Le sujet reste explosif : qui est r\u00e9ellement responsable des probl\u00e8mes \u00e9nerg\u00e9tiques et \u00e9conomiques co\u00fbteux des Tch\u00e8ques ?<\/p>\n\n\n\n<p><em>Vous pouvez regarder la partie pr\u00e9c\u00e9dente de l'interview<\/em>: <strong><em><a href=\"https:\/\/gnews.cz\/fr\/theme\/gnews-rozhovor-s-poslancem-janem-hrncirem-spd-dil-iii-bez-ciny-pry-evropa-nezvladne-technologie-ani-elektromobily\/\" target=\"_blank\" rel=\"noopener\" title=\"\">ici<\/a><\/em><\/strong>\u00a0<\/p>\n\n\n\n<p><strong>Actualit\u00e9s g\u00e9n\u00e9rales<\/strong><\/p>","protected":false},"excerpt":{"rendered":"<p>La critique acerbe est dirig\u00e9e contre le gouvernement de Petr Fiala. Le d\u00e9put\u00e9 Jan Hrn\u010d\u00ed\u0159 du parti Libert\u00e9 et d\u00e9mocratie directe (SPD) n'a pas m\u00e2ch\u00e9 ses mots lors d'une interview et a accus\u00e9...<\/p>","protected":false},"author":9,"featured_media":42785,"comment_status":"open","ping_status":"closed","sticky":false,"template":"","format":"standard","meta":{"_acf_changed":false,"_lmt_disableupdate":"","_lmt_disable":"","footnotes":""},"categories":[2968,7,658,2,1,580],"tags":[45,11838,11842,11839,46,78,11840,5420,3071,11732,10,9267,1314,11841,11755,17,6360,41],"class_list":["post-42923","post","type-post","status-publish","format-standard","has-post-thumbnail","hentry","category-domaci","category-politika","category-prectete-si","category-rozhovory","category-tema","category-vyber-sefredaktora","tag-cr","tag-ceske-rodiny","tag-drahe-energie","tag-energeticka-chudoba","tag-eu","tag-evropa","tag-fenomen","tag-general-news","tag-green-deal","tag-jan-hrncir","tag-news","tag-poslanec","tag-prumysl","tag-solarni-elektrarny","tag-svoboda-a-prima-demokracie-spd","tag-top","tag-vlada-petra-fialy","tag-world"],"acf":[],"aioseo_notices":[],"_links":{"self":[{"href":"https:\/\/gnews.cz\/fr\/wp-json\/wp\/v2\/posts\/42923","targetHints":{"allow":["GET"]}}],"collection":[{"href":"https:\/\/gnews.cz\/fr\/wp-json\/wp\/v2\/posts"}],"about":[{"href":"https:\/\/gnews.cz\/fr\/wp-json\/wp\/v2\/types\/post"}],"author":[{"embeddable":true,"href":"https:\/\/gnews.cz\/fr\/wp-json\/wp\/v2\/users\/9"}],"replies":[{"embeddable":true,"href":"https:\/\/gnews.cz\/fr\/wp-json\/wp\/v2\/comments?post=42923"}],"version-history":[{"count":3,"href":"https:\/\/gnews.cz\/fr\/wp-json\/wp\/v2\/posts\/42923\/revisions"}],"predecessor-version":[{"id":43282,"href":"https:\/\/gnews.cz\/fr\/wp-json\/wp\/v2\/posts\/42923\/revisions\/43282"}],"wp:featuredmedia":[{"embeddable":true,"href":"https:\/\/gnews.cz\/fr\/wp-json\/wp\/v2\/media\/42785"}],"wp:attachment":[{"href":"https:\/\/gnews.cz\/fr\/wp-json\/wp\/v2\/media?parent=42923"}],"wp:term":[{"taxonomy":"category","embeddable":true,"href":"https:\/\/gnews.cz\/fr\/wp-json\/wp\/v2\/categories?post=42923"},{"taxonomy":"post_tag","embeddable":true,"href":"https:\/\/gnews.cz\/fr\/wp-json\/wp\/v2\/tags?post=42923"}],"curies":[{"name":"wp","href":"https:\/\/api.w.org\/{rel}","templated":true}]}}