{"id":42926,"date":"2026-03-28T21:30:00","date_gmt":"2026-03-28T20:30:00","guid":{"rendered":"https:\/\/gnews.cz\/?p=42926"},"modified":"2026-04-01T15:58:32","modified_gmt":"2026-04-01T13:58:32","slug":"gnews-rozhovor-s-poslancem-janem-hrncirem-spd-dil-v-o-iranu-vzdy-je-lepsi-hledat-diplomaticke-reseni","status":"publish","type":"post","link":"https:\/\/gnews.cz\/fr\/rozhovory\/gnews-rozhovor-s-poslancem-janem-hrncirem-spd-dil-v-o-iranu-vzdy-je-lepsi-hledat-diplomaticke-reseni\/","title":{"rendered":"GNEWS Entretien avec le d\u00e9put\u00e9 Jan Hrn\u010d\u00ed\u0159 (SPD), partie V : sur l'Iran - il est toujours pr\u00e9f\u00e9rable de rechercher une solution diplomatique"},"content":{"rendered":"<p><strong>Le d\u00e9put\u00e9 Jan Hrn\u010d\u00ed\u0159 du parti Libert\u00e9 et D\u00e9mocratie directe (SPD) met vivement en garde contre les cons\u00e9quences des conflits militaires. Dans une interview, il souligne que l'agression, selon lui, ne r\u00e9sout jamais rien et, au contraire, apporte d'autres probl\u00e8mes qui peuvent affecter l'Europe.<\/strong> <strong>Dans la derni\u00e8re partie de l'interview pour&nbsp;<a href=\"https:\/\/gnews.cz\/fr\/\">Gnews.cz<\/a>&nbsp;<\/strong><\/p>\n\n\n\n<figure class=\"wp-block-embed is-provider-youtube wp-block-embed-youtube\"><div class=\"wp-block-embed__wrapper\">\n<iframe title=\"Jan Hrn\u010d\u00ed\u0159 (SPD) sur l&#039;Iran\" width=\"1170\" height=\"658\" src=\"https:\/\/www.youtube.com\/embed\/eJEgolFQmlU?feature=oembed\" frameborder=\"0\" allow=\"accelerometer; autoplay; clipboard-write; encrypted-media; gyroscope; picture-in-picture; web-share\" referrerpolicy=\"strict-origin-when-cross-origin\" allowfullscreen><\/iframe>\n<\/div><\/figure>\n\n\n\n<p><em>Vous pouvez \u00e9galement \u00e9couter la quatri\u00e8me partie de notre entretien avec Jan Hrn\u010d\u00ed\u0159.<\/em> <strong><a href=\"https:\/\/youtu.be\/_H6TAGFwnDk\">ici<\/a><\/strong><\/p>\n\n\n\n<p><strong>\u201eNous sommes oppos\u00e9s \u00e0 toute agression. Il est toujours pr\u00e9f\u00e9rable de rechercher une solution diplomatique\u201c, a d\u00e9clar\u00e9 Hrn\u010d\u00ed\u0159. Il a rappel\u00e9 que les interventions militaires du pass\u00e9 ont souvent conduit \u00e0 des \u00c9tats divis\u00e9s, \u00e0 des vagues migratoires et \u00e0 des menaces pour la s\u00e9curit\u00e9.<\/strong><\/p>\n\n\n\n<p>Il a cit\u00e9 en exemple le conflit en Syrie, \u00e0 la suite duquel l'Europe a \u00e9t\u00e9 confront\u00e9e non seulement \u00e0 une crise migratoire, mais aussi \u00e0 une s\u00e9rie d'attaques terroristes. Il a d\u00e9clar\u00e9 qu'il existait un risque r\u00e9el qu'une situation similaire se r\u00e9p\u00e8te. \u201eIl pourrait y avoir une r\u00e9surgence des attaques islamistes sur notre territoire \u00e9galement\u201c, a-t-il averti.<\/p>\n\n\n\n<p>Il a \u00e9galement attir\u00e9 l'attention sur l'impact \u00e9conomique possible. Une nouvelle escalade des conflits pourrait, selon lui, affecter n\u00e9gativement la croissance \u00e9conomique de l'Union europ\u00e9enne et faire retomber l'\u00e9conomie dans la r\u00e9cession. Hrn\u010d\u00ed\u0159 a \u00e9galement comment\u00e9 les tensions concernant l'Iran. Bien qu'il admette que les actions des \u00c9tats-Unis ou d'Isra\u00ebl puissent avoir des raisons de s\u00e9curit\u00e9, il rejette l'\u00e9limination de dirigeants politiques sans proc\u00e8s.<\/p>\n\n\n\n<blockquote class=\"wp-block-quote is-layout-flow wp-block-quote-is-layout-flow\">\n<p><strong>\u201eM\u00eame si le r\u00e9gime est n\u00e9faste, certaines limites ne doivent pas \u00eatre franchies\u201c, a-t-il soulign\u00e9. Il a ajout\u00e9 qu'il \u00e9tait n\u00e9cessaire de revenir \u00e0 la diplomatie et de chercher des solutions \u00e0 la table des n\u00e9gociations, et non sur le champ de bataille.<\/strong><\/p>\n<\/blockquote>\n\n\n\n<p>La d\u00e9claration relance ainsi une question fondamentale : l'Europe risque-t-elle un retour \u00e0 la terreur en raison des conflits en cours ?<\/p>\n\n\n\n<p><em>Vous pouvez regarder la partie pr\u00e9c\u00e9dente de l'interview<\/em>: <strong><a href=\"https:\/\/gnews.cz\/fr\/theme\/gnews-rozhovor-s-poslancem-janem-hrncirem-spd-dil-iv-o-fialove-politice-a-co-delat\/\" title=\"\">ici<\/a><\/strong><\/p>\n\n\n\n<p><strong>Actualit\u00e9s g\u00e9n\u00e9rales<\/strong><\/p>","protected":false},"excerpt":{"rendered":"<p>Le d\u00e9put\u00e9 Jan Hrn\u010d\u00ed\u0159 du parti Libert\u00e9 et d\u00e9mocratie directe (SPD) met vivement en garde contre les cons\u00e9quences des conflits militaires. Dans une interview, il a soulign\u00e9 que l'agression, selon lui,...<\/p>","protected":false},"author":9,"featured_media":42785,"comment_status":"open","ping_status":"closed","sticky":false,"template":"","format":"standard","meta":{"_acf_changed":false,"_lmt_disableupdate":"","_lmt_disable":"","footnotes":""},"categories":[2968,3,7,2,580,2973],"tags":[2482,8453,45,1523,5327,78,5420,4025,760,11890,11732,11889,10,9267,9960,11755,212,17,5689,11888,11887,41],"class_list":["post-42926","post","type-post","status-publish","format-standard","has-post-thumbnail","hentry","category-domaci","category-neprehlednete","category-politika","category-rozhovory","category-vyber-sefredaktora","category-zahranicni","tag-agrese","tag-bezpecnostni-hrozby","tag-cr","tag-diplomacie","tag-eskalace","tag-evropa","tag-general-news","tag-gnews-cz","tag-iran-3","tag-islamisticke-utoky","tag-jan-hrncir","tag-migracni-krize","tag-news","tag-poslanec","tag-riziko","tag-svoboda-a-prima-demokracie-spd","tag-syrie","tag-top","tag-top2","tag-vojenske-zasahy","tag-vojenskych-konfliktu","tag-world"],"acf":[],"aioseo_notices":[],"_links":{"self":[{"href":"https:\/\/gnews.cz\/fr\/wp-json\/wp\/v2\/posts\/42926","targetHints":{"allow":["GET"]}}],"collection":[{"href":"https:\/\/gnews.cz\/fr\/wp-json\/wp\/v2\/posts"}],"about":[{"href":"https:\/\/gnews.cz\/fr\/wp-json\/wp\/v2\/types\/post"}],"author":[{"embeddable":true,"href":"https:\/\/gnews.cz\/fr\/wp-json\/wp\/v2\/users\/9"}],"replies":[{"embeddable":true,"href":"https:\/\/gnews.cz\/fr\/wp-json\/wp\/v2\/comments?post=42926"}],"version-history":[{"count":3,"href":"https:\/\/gnews.cz\/fr\/wp-json\/wp\/v2\/posts\/42926\/revisions"}],"predecessor-version":[{"id":43281,"href":"https:\/\/gnews.cz\/fr\/wp-json\/wp\/v2\/posts\/42926\/revisions\/43281"}],"wp:featuredmedia":[{"embeddable":true,"href":"https:\/\/gnews.cz\/fr\/wp-json\/wp\/v2\/media\/42785"}],"wp:attachment":[{"href":"https:\/\/gnews.cz\/fr\/wp-json\/wp\/v2\/media?parent=42926"}],"wp:term":[{"taxonomy":"category","embeddable":true,"href":"https:\/\/gnews.cz\/fr\/wp-json\/wp\/v2\/categories?post=42926"},{"taxonomy":"post_tag","embeddable":true,"href":"https:\/\/gnews.cz\/fr\/wp-json\/wp\/v2\/tags?post=42926"}],"curies":[{"name":"wp","href":"https:\/\/api.w.org\/{rel}","templated":true}]}}