{"id":42942,"date":"2026-03-28T15:30:00","date_gmt":"2026-03-28T14:30:00","guid":{"rendered":"https:\/\/gnews.cz\/?p=42942"},"modified":"2026-04-28T21:11:49","modified_gmt":"2026-04-28T19:11:49","slug":"slovanska-epopej-alfonse-muchy-obraz-dvacaty-apotheosa-z-dejin-slovanstva-ctyri-obdobi-slovanstva-ve-ctyrech-barvach","status":"publish","type":"post","link":"https:\/\/gnews.cz\/fr\/tema\/slovanska-epopej-alfonse-muchy-obraz-dvacaty-apotheosa-z-dejin-slovanstva-ctyri-obdobi-slovanstva-ve-ctyrech-barvach\/","title":{"rendered":"\u00c9pop\u00e9e slave d'Alfons Mucha - le vingti\u00e8me tableau : Apoth\u00e9ose de l'Histoire de la Slavit\u00e9. Quatre p\u00e9riodes de l'histoire slave en quatre couleurs"},"content":{"rendered":"<p><strong>Le vingti\u00e8me tableau. Vous flottez dans un espace o\u00f9 le temps n'est pas une ligne, mais un cercle solide et puissant - et au centre de celui-ci, le tableau L'\u00e9pop\u00e9e slave, apoth\u00e9ose de la slavit\u00e9, d'Alfons Mucha, palpite de mani\u00e8re dominante. Le point culminant de ce cycle brillant concerne, entre autres, une cosmologie litt\u00e9ralement incarn\u00e9e par des couleurs, des figures et des symboles ; il s'agit d'une carte mystique de la m\u00e9moire collective bas\u00e9e sur la r\u00e9alit\u00e9 et l'h\u00e9ritage historique qui se d\u00e9verse \u00e0 travers les si\u00e8cles comme une rivi\u00e8re douce et sans fin. La composition se d\u00e9ploie comme un mandala spirituel. Les quatre courants de couleur ne sont pas seulement un tableau esth\u00e9tique, mais une expression ontologique du flux de l'histoire. Dans le coin inf\u00e9rieur droit, la couleur bleue est litt\u00e9ralement profonde, presque liquide, comme une source de l'inconscient. C'est le commencement primitif, mythique, o\u00f9 les Slaves naissent de la brume de la for\u00eat, de l'eau et des temps agit\u00e9s. Le bleu ici n'est pas froid, mais maternel, il porte le silence avant les mots, le potentiel de l'histoire avant l'action.<\/strong><\/p>\n\n\n\n<p>Le p\u00f4le oppos\u00e9, rouge en haut \u00e0 gauche, plane comme une cicatrice sanglante et en m\u00eame temps comme une banni\u00e8re. Cette couleur concentre le feu des guerres hussites - le sang et la foi, la destruction, la renaissance et l'invincibilit\u00e9. Le rouge n'est pas seulement un \u00e9l\u00e9ment de confrontation, il est litt\u00e9ralement l'\u00e9nergie \u00e9ruptive de la r\u00e9sistance, le moment o\u00f9 l'histoire se brise et o\u00f9 l'homme affronte son destin. Entre ces deux p\u00f4les, une masse sombre se d\u00e9bat, \u00e0 premi\u00e8re vue une sorte de figure en noir qui personnifie l'oppression. Ils ne sont pas individualis\u00e9s, ils sont plut\u00f4t dans l'ombre, comme s'ils \u00e9taient des arch\u00e9types de l'ennemi lui-m\u00eame. Dans leur pr\u00e9sence r\u00e9sonnent les raids des Francs, des Avars et des dominations ult\u00e9rieures. Ici, le noir absorbe la lumi\u00e8re, il est le poids de toute l'histoire, mais il cr\u00e9e en m\u00eame temps un contraste sans lequel la lumi\u00e8re de l'espoir ne pourrait \u00eatre discern\u00e9e.<\/p>\n\n\n\n<p>Comme dans les toiles pr\u00e9c\u00e9dentes, l'espoir se pr\u00e9sente sous la forme du jaune, une couleur qui n'\u00e9blouit pas mais qui illumine. Les personnages qui baignent dans cette couleur n'apparaissent pas triomphants dans un sens agressif, mais portent plut\u00f4t une conscience sereine de l'accomplissement. C'est la lumi\u00e8re de la r\u00e9conciliation, de la libert\u00e9 et de l'unit\u00e9, une sorte d'horizon eschatologique o\u00f9 l'histoire se referme dans l'harmonie. Le centre du tableau est occup\u00e9 par un jeune homme fort aux bras ouverts - une figure qui n'est pas une personne sp\u00e9cifique, mais une incarnation de la souffrance et de l'espoir collectifs. Son geste fort et path\u00e9tique refl\u00e8te le motif du Christ, \u00e0 la fois sacrifice et r\u00e9demption. Cependant, il ne s'agit pas d'une copie mais d'une transposition, o\u00f9 l'homme slave est porteur de sa propre histoire de salut.<\/p>\n\n\n\n<p>Des cercles de couronnes se d\u00e9ploient autour d'elle, leur forme cyclique \u00e9voquant l'unit\u00e9 et l'\u00e9ternit\u00e9. Les jeunes gens aux branches de tilleul sont un symbole de l'identit\u00e9 slave, rendant un hommage cr\u00e9dible au pass\u00e9, tout en le transformant. Parmi eux, on peut m\u00eame reconna\u00eetre une r\u00e9f\u00e9rence aux l\u00e9gions tch\u00e9coslovaques, dont la pr\u00e9sence relie le mythe \u00e0 l'histoire moderne. Par-dessus tout, il y a d'autres signes s\u00e9rieux, la colombe comme un souffle silencieux de paix, et l'arc-en-ciel comme une sorte de pont entre tous les mondes existants. Ces symboles ne sont pas des d\u00e9corations, mais le langage par lequel la peinture parle du d\u00e9passement des dualit\u00e9s telles que la guerre et la paix, la souffrance et la joie, le pass\u00e9 et l'avenir.<\/p>\n\n\n\n<p>L'ensemble ressemble \u00e0 un paysage spirituel o\u00f9 le temps n'est pas lin\u00e9aire et, si j'ose utiliser mon mot favori, o\u00f9 il est stratifi\u00e9. Ici, le pass\u00e9 ne recule pas, mais persiste comme une \u00e9nergie qui fa\u00e7onne le pr\u00e9sent et l'avenir. Ainsi, Mucha ne cr\u00e9e pas seulement une image historique, mais une immense vision m\u00e9taphysique qui nous met au d\u00e9fi de comprendre l'histoire comme un processus qui doit tendre vers l'unit\u00e9, faute de quoi les Slaves cesseront d'exister. Dans cette apoth\u00e9ose, le triomphe n'est pas le cri des vainqueurs, mais la lumi\u00e8re silencieuse et salutaire de la connaissance.<\/p>\n\n\n\n<p><strong>Lire aussi :<\/strong> <a href=\"https:\/\/gnews.cz\/fr\/theme\/slovanska-epopej-alfonse-muchy-obraz-sesnacty-jan-amos-komensky-ucitel-narodu-plaminek-nadeje\/\" title=\"\"><strong>Epop\u00e9e slave par Alfons Mucha - peinture <a href=\"https:\/\/gnews.cz\/wp-admin\/post.php?post=42322&amp;action=edit\">Dix-neuvi\u00e8me : Abolition du servage en Russie. Le travail gratuit - le curriculum des nations<\/a><\/strong><\/a><\/p>\n\n\n\n<p><strong>Jan Vojt\u011bch, R\u00e9dacteur en chef, Actualit\u00e9s g\u00e9n\u00e9rales<\/strong><\/p>","protected":false},"excerpt":{"rendered":"<p>La vingti\u00e8me image. Vous flottez dans un espace o\u00f9 le temps n'est pas une ligne, mais un cercle solide et puissant - et en son centre, il pulse de fa\u00e7on dominante...<\/p>","protected":false},"author":10,"featured_media":42945,"comment_status":"open","ping_status":"closed","sticky":false,"template":"","format":"standard","meta":{"_acf_changed":false,"_lmt_disableupdate":"","_lmt_disable":"","footnotes":""},"categories":[2968,6,3,1,3104,580,8,5],"tags":[411,11875,11883,11873,11874,11882,45,11884,11872,11880,7668,10948,11881,9713,7051,8601,755,11878,11877,10712,10,410,9509,11871,17,8547,5689,11885,11879,41,11876],"class_list":["post-42942","post","type-post","status-publish","format-standard","has-post-thumbnail","hentry","category-domaci","category-kultura","category-neprehlednete","category-tema","category-veda","category-vyber-sefredaktora","category-zabava","category-zdravy-styl","tag-alfons-mucha","tag-apoteoza-slovanstva","tag-avari","tag-barevna-symbolika","tag-cerna-barva","tag-cervena-barva","tag-cr","tag-ceskoslovenske-legie","tag-duchovni-rozmer","tag-duha","tag-frankove","tag-historicka-pamet","tag-holubice","tag-husitske-valky","tag-jednota","tag-kristus","tag-mir","tag-modra-barva","tag-mytologie","tag-narodni-identita","tag-news","tag-slovanska-epopej","tag-slovanska-historie","tag-symbolismus","tag-top","tag-top-2","tag-top2","tag-umelecka-analyza","tag-utlak-slovanu","tag-world","tag-zluta-barva"],"acf":[],"aioseo_notices":[],"_links":{"self":[{"href":"https:\/\/gnews.cz\/fr\/wp-json\/wp\/v2\/posts\/42942","targetHints":{"allow":["GET"]}}],"collection":[{"href":"https:\/\/gnews.cz\/fr\/wp-json\/wp\/v2\/posts"}],"about":[{"href":"https:\/\/gnews.cz\/fr\/wp-json\/wp\/v2\/types\/post"}],"author":[{"embeddable":true,"href":"https:\/\/gnews.cz\/fr\/wp-json\/wp\/v2\/users\/10"}],"replies":[{"embeddable":true,"href":"https:\/\/gnews.cz\/fr\/wp-json\/wp\/v2\/comments?post=42942"}],"version-history":[{"count":4,"href":"https:\/\/gnews.cz\/fr\/wp-json\/wp\/v2\/posts\/42942\/revisions"}],"predecessor-version":[{"id":44877,"href":"https:\/\/gnews.cz\/fr\/wp-json\/wp\/v2\/posts\/42942\/revisions\/44877"}],"wp:featuredmedia":[{"embeddable":true,"href":"https:\/\/gnews.cz\/fr\/wp-json\/wp\/v2\/media\/42945"}],"wp:attachment":[{"href":"https:\/\/gnews.cz\/fr\/wp-json\/wp\/v2\/media?parent=42942"}],"wp:term":[{"taxonomy":"category","embeddable":true,"href":"https:\/\/gnews.cz\/fr\/wp-json\/wp\/v2\/categories?post=42942"},{"taxonomy":"post_tag","embeddable":true,"href":"https:\/\/gnews.cz\/fr\/wp-json\/wp\/v2\/tags?post=42942"}],"curies":[{"name":"wp","href":"https:\/\/api.w.org\/{rel}","templated":true}]}}