{"id":42948,"date":"2026-03-28T12:30:00","date_gmt":"2026-03-28T11:30:00","guid":{"rendered":"https:\/\/gnews.cz\/?p=42948"},"modified":"2026-03-28T11:00:21","modified_gmt":"2026-03-28T10:00:21","slug":"g7-vyzyva-k-zastaveni-utoku-v-iranu-za-pritomnosti-agresora-washingtonu","status":"publish","type":"post","link":"https:\/\/gnews.cz\/fr\/tema\/g7-vyzyva-k-zastaveni-utoku-v-iranu-za-pritomnosti-agresora-washingtonu\/","title":{"rendered":"Le G7 appelle \u00e0 un \u201earr\u00eat des attaques\u201c en Iran... en pr\u00e9sence de l'agresseur, Washington"},"content":{"rendered":"<p><strong>VAUX-DE-CERNAY - Depuis l'abbaye des Vaux-de-Cernay, pr\u00e8s de Paris, sept grandes puissances \u00e9conomiques occidentales ont appel\u00e9 vendredi \u00e0 \u201el'arr\u00eat imm\u00e9diat des attaques contre les civils et les infrastructures\u201c au Moyen-Orient. Les Nations unies ont mis en garde contre une catastrophe humanitaire imminente.<\/strong><\/p>\n\n\n\n<blockquote class=\"wp-block-quote is-layout-flow wp-block-quote-is-layout-flow\">\n<p>En pleine guerre au Proche-Orient, les ministres des Affaires \u00e9trang\u00e8res du G7 (Groupe des sept principales puissances \u00e9conomiques) se sont r\u00e9unis pendant deux jours \u00e0 l'abbaye des Vaux-de-Cernay, pr\u00e8s de Paris. Dans une d\u00e9claration commune, les sept \u00c9tats membres - Allemagne, Canada, \u00c9tats-Unis, France, Italie, Japon et Royaume-Uni - ont demand\u00e9 \u201el'arr\u00eat imm\u00e9diat des attaques contre les civils et les infrastructures\u201c en Iran. Ils ont \u00e9galement \u201er\u00e9affirm\u00e9 la n\u00e9cessit\u00e9 absolue du r\u00e9tablissement permanent de la libert\u00e9 et de la s\u00e9curit\u00e9 de la navigation dans le d\u00e9troit d'Ormuz\u201c.<\/p>\n<\/blockquote>\n\n\n\n<p><strong><a href=\"https:\/\/www.humanite.fr\/monde\/diplomatie\/le-g7-reclame-un-arret-des-attaques-en-iran-en-presence-de-lagresseur-washington\" title=\"\">humanite.fr<\/a>\/gnews.cz<\/strong><\/p>","protected":false},"excerpt":{"rendered":"<p>VAUX-DE-CERNAY - Sept grandes puissances \u00e9conomiques occidentales ont appel\u00e9 vendredi, depuis l'abbaye de Vaux-de-Cernay, pr\u00e8s de Paris, \u00e0 \u201el'arr\u00eat imm\u00e9diat des attaques contre la population civile...<\/p>","protected":false},"author":10,"featured_media":42949,"comment_status":"open","ping_status":"closed","sticky":false,"template":"","format":"standard","meta":{"_acf_changed":false,"_lmt_disableupdate":"","_lmt_disable":"","footnotes":""},"categories":[7,658,1,2973],"tags":[1264,46,78,43,1658,3710,760,301,24,504,173,10,491,17,38,11886,41],"class_list":["post-42948","post","type-post","status-publish","format-standard","has-post-thumbnail","hentry","category-politika","category-prectete-si","category-tema","category-zahranicni","tag-blizkay-vychod","tag-eu","tag-evropa","tag-francie","tag-g7","tag-hormuzsky-pruliv","tag-iran-3","tag-italie-2","tag-japonsko","tag-kanada","tag-nemecko","tag-news","tag-spojene-kralovstvi","tag-top","tag-usa","tag-vaux-de-cernay","tag-world"],"acf":[],"aioseo_notices":[],"_links":{"self":[{"href":"https:\/\/gnews.cz\/fr\/wp-json\/wp\/v2\/posts\/42948","targetHints":{"allow":["GET"]}}],"collection":[{"href":"https:\/\/gnews.cz\/fr\/wp-json\/wp\/v2\/posts"}],"about":[{"href":"https:\/\/gnews.cz\/fr\/wp-json\/wp\/v2\/types\/post"}],"author":[{"embeddable":true,"href":"https:\/\/gnews.cz\/fr\/wp-json\/wp\/v2\/users\/10"}],"replies":[{"embeddable":true,"href":"https:\/\/gnews.cz\/fr\/wp-json\/wp\/v2\/comments?post=42948"}],"version-history":[{"count":1,"href":"https:\/\/gnews.cz\/fr\/wp-json\/wp\/v2\/posts\/42948\/revisions"}],"predecessor-version":[{"id":42950,"href":"https:\/\/gnews.cz\/fr\/wp-json\/wp\/v2\/posts\/42948\/revisions\/42950"}],"wp:featuredmedia":[{"embeddable":true,"href":"https:\/\/gnews.cz\/fr\/wp-json\/wp\/v2\/media\/42949"}],"wp:attachment":[{"href":"https:\/\/gnews.cz\/fr\/wp-json\/wp\/v2\/media?parent=42948"}],"wp:term":[{"taxonomy":"category","embeddable":true,"href":"https:\/\/gnews.cz\/fr\/wp-json\/wp\/v2\/categories?post=42948"},{"taxonomy":"post_tag","embeddable":true,"href":"https:\/\/gnews.cz\/fr\/wp-json\/wp\/v2\/tags?post=42948"}],"curies":[{"name":"wp","href":"https:\/\/api.w.org\/{rel}","templated":true}]}}