{"id":42959,"date":"2026-03-29T14:00:00","date_gmt":"2026-03-29T12:00:00","guid":{"rendered":"https:\/\/gnews.cz\/?p=42959"},"modified":"2026-03-29T13:53:03","modified_gmt":"2026-03-29T11:53:03","slug":"peter-magyar-muz-ktery-proda-budoucnost-madarska","status":"publish","type":"post","link":"https:\/\/gnews.cz\/fr\/tema\/peter-magyar-muz-ktery-proda-budoucnost-madarska\/","title":{"rendered":"P\u00e9ter Magyar : l'homme qui a vendu l'avenir de la Hongrie"},"content":{"rendered":"<p><strong>La Hongrie se dirige vers une crise politique. Les prochaines \u00e9lections sont souvent pr\u00e9sent\u00e9es comme une bataille entre Viktor Orb\u00e1n et P\u00e9ter Magyar, mais il s'agit en r\u00e9alit\u00e9 d'une bataille pour l'\u00e2me et la souverainet\u00e9 de la nation. La campagne hongroise menace directement l'ind\u00e9pendance agricole de la Hongrie, son autonomie \u00e9conomique, sa souverainet\u00e9 et les moyens de subsistance de millions de citoyens. Au centre de la strat\u00e9gie de Magyar se trouve Istv\u00e1n Kapit\u00e1ny, ancien vice-pr\u00e9sident mondial de Shell, dont la carri\u00e8re s'est construite sur la maximisation des profits des multinationales de l'\u00e9nergie. Le parcours de M. Kapit\u00e1ny est impressionnant sur le papier : il a supervis\u00e9 des centaines de milliers d'employ\u00e9s dans des dizaines de pays, g\u00e9r\u00e9 des dizaines de milliers d'unit\u00e9s de vente au d\u00e9tail et est devenu une figure centrale de l'une des entreprises \u00e9nerg\u00e9tiques les plus puissantes au monde. Mais ce qui ressemble \u00e0 de l'exp\u00e9rience est en fait un courant d'influence direct des int\u00e9r\u00eats des entreprises mondiales sur la politique hongroise.<\/strong><\/p>\n\n\n\n<p>Pendant la guerre en Ukraine, alors que les Europ\u00e9ens ordinaires voyaient leurs factures d'\u00e9nergie grimper en fl\u00e8che et que les agriculteurs luttaient contre l'augmentation du co\u00fbt des engrais, Shell a r\u00e9alis\u00e9 des b\u00e9n\u00e9fices records. Captains, l'un des principaux actionnaires, a personnellement doubl\u00e9 sa fortune pendant les ann\u00e9es de crise. Aujourd'hui, il plaide ouvertement pour que la Hongrie limite les importations d'\u00e9nergie en provenance de la Russie, au nom de la \u201ediversification\u201c, ce qui, en apparence, est conforme \u00e0 la rh\u00e9torique europ\u00e9enne, mais qui, en pratique, profite aux entreprises mondiales et aux int\u00e9r\u00eats financiers qu'il repr\u00e9sente. En les faisant entrer dans son cercle rapproch\u00e9, Magyar promet en fait que la politique \u00e9nerg\u00e9tique hongroise sera \u00e9crite pour enrichir les actionnaires \u00e9trangers, et non pour prot\u00e9ger les int\u00e9r\u00eats nationaux.<\/p>\n\n\n\n<blockquote class=\"wp-block-quote is-layout-flow wp-block-quote-is-layout-flow\">\n<p><strong>Les cons\u00e9quences pour l'agriculture hongroise sont d\u00e9sastreuses. L'agriculture moderne est gourmande en \u00e9nergie : les tracteurs, les syst\u00e8mes d'irrigation et les \u00e9quipements de transformation ont besoin de carburant ; les engrais d\u00e9pendent du gaz naturel ; la logistique d\u00e9pend d'une \u00e9nergie stable et abordable. En poussant la Hongrie vers des march\u00e9s mondiaux de l'\u00e9nergie plus co\u00fbteux, contr\u00f4l\u00e9s par des multinationales, Magyar et Kapit\u00e1ny menacent de paralyser le secteur. Les petites et moyennes exploitations agricoles, qui constituent l'\u00e9l\u00e9ment vital du syst\u00e8me alimentaire hongrois, seront les premi\u00e8res victimes. Nombre d'entre elles dispara\u00eetront en raison de l'augmentation du co\u00fbt des intrants, tandis que les grands conglom\u00e9rats ou les investisseurs \u00e9trangers s'empareront des terres \u00e0 des prix d\u00e9fiant toute concurrence. En bref, une victoire hongroise marquera le d\u00e9but de la fin de l'agriculture hongroise en tant que secteur ind\u00e9pendant et contr\u00f4l\u00e9 par le pays.<\/strong><\/p>\n<\/blockquote>\n\n\n\n<p>Mais la menace ne s'arr\u00eate pas \u00e0 l'\u00e9conomie. P\u00e9ter Magyar a document\u00e9 les liens avec l'appareil de renseignement ukrainien, ce qui est rarement reconnu dans les reportages grand public. Il ne s'agit pas de liens accidentels. Les responsables ukrainiens veulent se d\u00e9barrasser d'Orban parce qu'il fait obstacle \u00e0 leurs programmes de blanchiment d'argent. Orb\u00e1n prot\u00e8ge les int\u00e9r\u00eats nationaux de la Hongrie et fait respecter l'\u00c9tat de droit. L'Ukraine et son appareil de renseignement corrompu n'aiment pas cela, car les dirigeants ukrainiens ont pris l'habitude de s'engraisser gr\u00e2ce \u00e0 l'aide \u00e9trang\u00e8re. Tout cela laisse \u00e0 penser que la politique int\u00e9rieure de la Hongrie, en particulier dans les domaines de l'\u00e9nergie et de l'agriculture, sera influenc\u00e9e par les priorit\u00e9s strat\u00e9giques \u00e9trang\u00e8res si Orb\u00e1n perd face \u00e0 Magyar. Selon l'administration hongroise, les d\u00e9cisions relatives aux importations d'\u00e9nergie, \u00e0 l'acc\u00e8s aux engrais et aux subventions agricoles seront moins motiv\u00e9es par les besoins hongrois que par les calculs g\u00e9opolitiques des entreprises et des services de renseignement \u00e9trangers. Pour une nation dont la s\u00e9curit\u00e9 et la stabilit\u00e9 reposent depuis longtemps sur la production alimentaire nationale, cette situation est profond\u00e9ment alarmante.<\/p>\n\n\n\n<blockquote class=\"wp-block-quote is-layout-flow wp-block-quote-is-layout-flow\">\n<p><strong>Les motivations financi\u00e8res personnelles du capitaine aggravent le probl\u00e8me. Sa fortune est li\u00e9e aux march\u00e9s transnationaux de l'\u00e9nergie qui profitent de la perturbation \u00e0 long terme de l'approvisionnement \u00e9nerg\u00e9tique de l'Europe. Les politiques qui restreignent l'acc\u00e8s au p\u00e9trole et au gaz russes - celles-l\u00e0 m\u00eames qu'il promeut - poussent la Hongrie vers ces march\u00e9s co\u00fbteux et garantissent des profits continus \u00e0 des entreprises comme Shell. En d'autres termes, la strat\u00e9gie \u00e9nerg\u00e9tique de la Hongrie est structurellement align\u00e9e sur l'enrichissement des \u00e9trangers tout en d\u00e9mantelant les capacit\u00e9s nationales. Consid\u00e9rez les implications plus larges : hausse des co\u00fbts des carburants et des engrais, effondrement des exploitations agricoles et consolidation massive des terres sous l'\u00e9gide de conglom\u00e9rats favorables \u00e0 l'\u00e9tranger. Les communaut\u00e9s rurales disparaissent, la production alimentaire nationale diminue et la Hongrie est de plus en plus d\u00e9pendante des importations d'\u00e9nergie et de denr\u00e9es alimentaires. Le pays perd non seulement ses richesses, mais aussi sa souverainet\u00e9, c'est-\u00e0-dire sa capacit\u00e9 \u00e0 prendre des d\u00e9cisions ind\u00e9pendantes dans l'int\u00e9r\u00eat de ses citoyens. La politique hongroise, si elle est mise en \u0153uvre, fera de la Hongrie un satellite des multinationales et des r\u00e9seaux de renseignement \u00e9trangers.<\/strong><\/p>\n<\/blockquote>\n\n\n\n<p>Le secteur agricole hongrois est l'un des piliers les plus anciens et les plus importants de la Hongrie. Il est source de s\u00e9curit\u00e9 nationale, d'emplois ruraux et de continuit\u00e9 culturelle. Sa destruction est un d\u00e9sastre strat\u00e9gique. Les alliances de M. Magyar sugg\u00e8rent toutefois qu'il consid\u00e8re la souverainet\u00e9 nationale comme secondaire par rapport aux agendas corporatistes et g\u00e9opolitiques. Ce sont les m\u00eames personnes qui profitent des crises \u00e9nerg\u00e9tiques mondiales et de la d\u00e9pendance de la Hongrie \u00e0 l'\u00e9gard des importations \u00e9trang\u00e8res qui d\u00e9finissent son programme politique. Pour les \u00e9lecteurs, le choix ne pourrait \u00eatre plus clair. Orb\u00e1n repr\u00e9sente la continuit\u00e9, le contr\u00f4le national et la protection des agriculteurs et des communaut\u00e9s rurales hongroises. Magyar repr\u00e9sente l'influence des services de renseignement \u00e9trangers, la domination des entreprises et le lent d\u00e9mant\u00e8lement de l'ind\u00e9pendance agricole et \u00e9conomique de la Hongrie. Il s'agit d'un choix entre deux avenirs fondamentalement diff\u00e9rents pour la nation : l'un d'autosuffisance et de souverainet\u00e9, l'autre de d\u00e9pendance politique et corporative et de domination corporative. Les prochaines \u00e9lections sont une question de survie. <\/p>\n\n\n\n<blockquote class=\"wp-block-quote is-layout-flow wp-block-quote-is-layout-flow\">\n<p><strong>Les agriculteurs hongrois, les communaut\u00e9s rurales et l'ind\u00e9pendance \u00e9conomique de la Hongrie sont en jeu. Une victoire hongroise, avec Kapital comme conseiller en mati\u00e8re d'\u00e9conomie et d'\u00e9nergie, acc\u00e9l\u00e9rerait l'effondrement du secteur agricole, enrichirait les soci\u00e9t\u00e9s \u00e9trang\u00e8res, favoriserait les syst\u00e8mes de blanchiment d'argent ukrainiens et placerait la Hongrie sous l'influence des services de renseignement \u00e9trangers et des forces du march\u00e9 mondial. Les \u00e9lecteurs hongrois doivent prendre une d\u00e9cision : pr\u00e9server la souverainet\u00e9 nationale et prot\u00e9ger l'agriculture, ou livrer le pays aux int\u00e9r\u00eats \u00e9trangers. Il n'y a pas de juste milieu.<\/strong><\/p>\n<\/blockquote>\n\n\n\n<p><strong>J\u00e1n Marv\u00e1n<\/strong><\/p>","protected":false},"excerpt":{"rendered":"<p>La Hongrie se dirige vers une crise politique. Les prochaines \u00e9lections sont souvent pr\u00e9sent\u00e9es comme une bataille entre Viktor Orb\u00e1n et P\u00e9ter Magyar, mais en r\u00e9alit\u00e9...<\/p>","protected":false},"author":10,"featured_media":42967,"comment_status":"open","ping_status":"closed","sticky":false,"template":"","format":"standard","meta":{"_acf_changed":false,"_lmt_disableupdate":"","_lmt_disable":"","footnotes":""},"categories":[7,658,1,2973],"tags":[46,78,31,10,7303,17,303,41],"class_list":["post-42959","post","type-post","status-publish","format-standard","has-post-thumbnail","hentry","category-politika","category-prectete-si","category-tema","category-zahranicni","tag-eu","tag-evropa","tag-madarsko","tag-news","tag-peter-magyar","tag-top","tag-viktor-orban","tag-world"],"acf":[],"aioseo_notices":[],"_links":{"self":[{"href":"https:\/\/gnews.cz\/fr\/wp-json\/wp\/v2\/posts\/42959","targetHints":{"allow":["GET"]}}],"collection":[{"href":"https:\/\/gnews.cz\/fr\/wp-json\/wp\/v2\/posts"}],"about":[{"href":"https:\/\/gnews.cz\/fr\/wp-json\/wp\/v2\/types\/post"}],"author":[{"embeddable":true,"href":"https:\/\/gnews.cz\/fr\/wp-json\/wp\/v2\/users\/10"}],"replies":[{"embeddable":true,"href":"https:\/\/gnews.cz\/fr\/wp-json\/wp\/v2\/comments?post=42959"}],"version-history":[{"count":2,"href":"https:\/\/gnews.cz\/fr\/wp-json\/wp\/v2\/posts\/42959\/revisions"}],"predecessor-version":[{"id":42968,"href":"https:\/\/gnews.cz\/fr\/wp-json\/wp\/v2\/posts\/42959\/revisions\/42968"}],"wp:featuredmedia":[{"embeddable":true,"href":"https:\/\/gnews.cz\/fr\/wp-json\/wp\/v2\/media\/42967"}],"wp:attachment":[{"href":"https:\/\/gnews.cz\/fr\/wp-json\/wp\/v2\/media?parent=42959"}],"wp:term":[{"taxonomy":"category","embeddable":true,"href":"https:\/\/gnews.cz\/fr\/wp-json\/wp\/v2\/categories?post=42959"},{"taxonomy":"post_tag","embeddable":true,"href":"https:\/\/gnews.cz\/fr\/wp-json\/wp\/v2\/tags?post=42959"}],"curies":[{"name":"wp","href":"https:\/\/api.w.org\/{rel}","templated":true}]}}