{"id":42971,"date":"2026-03-29T19:30:00","date_gmt":"2026-03-29T17:30:00","guid":{"rendered":"https:\/\/gnews.cz\/?p=42971"},"modified":"2026-03-29T19:18:52","modified_gmt":"2026-03-29T17:18:52","slug":"cesko-a-slovensko-obnovuji-mezivladni-konzultace-po-trilete-pauze","status":"publish","type":"post","link":"https:\/\/gnews.cz\/fr\/tema\/cesko-a-slovensko-obnovuji-mezivladni-konzultace-po-trilete-pauze\/","title":{"rendered":"La R\u00e9publique tch\u00e8que et la Slovaquie reprennent les consultations intergouvernementales apr\u00e8s une interruption de trois ans"},"content":{"rendered":"<p><strong>PRAGUE - Apr\u00e8s trois ans, les gouvernements tch\u00e8que et slovaque tiendront une r\u00e9union conjointe mardi. Les consultations intergouvernementales, qui \u00e9taient par le pass\u00e9 un symbole des relations sup\u00e9rieures \u00e0 la norme entre les deux pays, ont eu lieu pour la derni\u00e8re fois en mars 2023. Elles ont ensuite \u00e9t\u00e9 suspendues par le gouvernement de l'\u00e9poque dirig\u00e9 par le Premier ministre Petr Fiala en raison de divergences en mati\u00e8re de politique \u00e9trang\u00e8re. La r\u00e9union des ministres des deux cabinets aura lieu au ch\u00e2teau de Nov\u00e1 Horka, dans la r\u00e9gion de Novoji\u010d\u00edn. Selon le programme officiel, la r\u00e9union d\u00e9butera \u00e0 11h30 et sera suivie d'une conf\u00e9rence de presse pr\u00e9vue \u00e0 14h00. Les principaux sujets devraient \u00eatre non seulement les questions de politique \u00e9trang\u00e8re, mais aussi la coop\u00e9ration \u00e9conomique, l'\u00e9nergie et les infrastructures de transport. <\/strong><\/p>\n\n\n\n<p>La reprise des consultations conjointes est consid\u00e9r\u00e9e comme une \u00e9tape importante vers l'apaisement des relations entre les deux pays. Celles-ci ont \u00e9t\u00e9 marqu\u00e9es ces derni\u00e8res ann\u00e9es par des divergences de vues sur des questions internationales essentielles, notamment l'approche de la guerre en Ukraine et certaines d\u00e9cisions de l'Union europ\u00e9enne. Cependant, les analystes politiques soulignent que malgr\u00e9 ces diff\u00e9rences, les relations entre Prague et Bratislava restent stables et historiquement tr\u00e8s \u00e9troites. Il existe une longue tradition de n\u00e9gociations conjointes entre les gouvernements, qui remonte \u00e0 la p\u00e9riode qui a suivi la division de la Tch\u00e9coslovaquie en 1993. Les r\u00e9unions r\u00e9guli\u00e8res visaient \u00e0 coordonner les progr\u00e8s des deux pays dans un certain nombre de domaines et \u00e0 renforcer la coop\u00e9ration mutuelle. <\/p>\n\n\n\n<blockquote class=\"wp-block-quote is-layout-flow wp-block-quote-is-layout-flow\">\n<p><strong>Leur suppression en 2024 a donc attir\u00e9 l'attention non seulement des milieux politiques, mais aussi du public.<br>Les analystes s'accordent \u00e0 dire que la reprise du dialogue peut contribuer \u00e0 am\u00e9liorer la communication et \u00e0 trouver des positions communes au sein de l'Union europ\u00e9enne et d'autres structures internationales. Dans le m\u00eame temps, ils soulignent que les diff\u00e9rences entre les priorit\u00e9s politiques des deux gouvernements n'ont pas compl\u00e8tement disparu et qu'elles continueront \u00e0 faire l'objet de n\u00e9gociations. La r\u00e9union de mardi ne sera donc pas seulement un retour symbolique \u00e0 une forme traditionnelle de coop\u00e9ration, mais aussi un test de la capacit\u00e9 des deux gouvernements \u00e0 trouver un compromis sur les questions qui les ont divis\u00e9s ces derni\u00e8res ann\u00e9es. Les r\u00e9sultats des n\u00e9gociations et les accords concrets devraient \u00eatre pr\u00e9sent\u00e9s au public lors d'une conf\u00e9rence de presse cet apr\u00e8s-midi.<\/strong><\/p>\n<\/blockquote>\n\n\n\n<p><strong>gnews.cz - GH<\/strong><\/p>","protected":false},"excerpt":{"rendered":"<p>PRAGUE - Apr\u00e8s trois ans, les gouvernements tch\u00e8que et slovaque tiendront une r\u00e9union conjointe mardi. Les consultations intergouvernementales, qui dans le pass\u00e9 \u00e9taient...<\/p>","protected":false},"author":10,"featured_media":42973,"comment_status":"open","ping_status":"closed","sticky":false,"template":"","format":"standard","meta":{"_acf_changed":false,"_lmt_disableupdate":"","_lmt_disable":"","footnotes":""},"categories":[2968,3,7,1,580,2973],"tags":[5754,45,5372,11922,1523,4094,11923,11924,9185,10,11921,419,9261,6934,32,714,2438,17,29,92,41,4383],"class_list":["post-42971","post","type-post","status-publish","format-standard","has-post-thumbnail","hentry","category-domaci","category-neprehlednete","category-politika","category-tema","category-vyber-sefredaktora","category-zahranicni","tag-andrej-babis","tag-cr","tag-cesko","tag-cesko-slovenske-vztahy","tag-diplomacie","tag-evropska-unie","tag-evropske-unie","tag-mezinarodni-otazky","tag-mezivladni-konzultace","tag-news","tag-nova-horka","tag-petr-fiala","tag-robrt-fico","tag-slovenska-republika","tag-slovensko","tag-spoluprace","tag-tiskova-konference","tag-top","tag-ukrajina","tag-vlada","tag-world","tag-zahranicni-politika"],"acf":[],"aioseo_notices":[],"_links":{"self":[{"href":"https:\/\/gnews.cz\/fr\/wp-json\/wp\/v2\/posts\/42971","targetHints":{"allow":["GET"]}}],"collection":[{"href":"https:\/\/gnews.cz\/fr\/wp-json\/wp\/v2\/posts"}],"about":[{"href":"https:\/\/gnews.cz\/fr\/wp-json\/wp\/v2\/types\/post"}],"author":[{"embeddable":true,"href":"https:\/\/gnews.cz\/fr\/wp-json\/wp\/v2\/users\/10"}],"replies":[{"embeddable":true,"href":"https:\/\/gnews.cz\/fr\/wp-json\/wp\/v2\/comments?post=42971"}],"version-history":[{"count":1,"href":"https:\/\/gnews.cz\/fr\/wp-json\/wp\/v2\/posts\/42971\/revisions"}],"predecessor-version":[{"id":42972,"href":"https:\/\/gnews.cz\/fr\/wp-json\/wp\/v2\/posts\/42971\/revisions\/42972"}],"wp:featuredmedia":[{"embeddable":true,"href":"https:\/\/gnews.cz\/fr\/wp-json\/wp\/v2\/media\/42973"}],"wp:attachment":[{"href":"https:\/\/gnews.cz\/fr\/wp-json\/wp\/v2\/media?parent=42971"}],"wp:term":[{"taxonomy":"category","embeddable":true,"href":"https:\/\/gnews.cz\/fr\/wp-json\/wp\/v2\/categories?post=42971"},{"taxonomy":"post_tag","embeddable":true,"href":"https:\/\/gnews.cz\/fr\/wp-json\/wp\/v2\/tags?post=42971"}],"curies":[{"name":"wp","href":"https:\/\/api.w.org\/{rel}","templated":true}]}}