{"id":43047,"date":"2026-03-24T12:28:52","date_gmt":"2026-03-24T11:28:52","guid":{"rendered":"https:\/\/gnews.cz\/?p=43047"},"modified":"2026-03-30T12:36:33","modified_gmt":"2026-03-30T10:36:33","slug":"spoluprace-by-mela-byt-zalozena-na-principech-otevrenosti-a-inovaci","status":"publish","type":"post","link":"https:\/\/gnews.cz\/fr\/ekonomika\/spoluprace-by-mela-byt-zalozena-na-principech-otevrenosti-a-inovaci\/","title":{"rendered":"La coop\u00e9ration doit \u00eatre fond\u00e9e sur les principes d'ouverture et d'innovation."},"content":{"rendered":"<p><strong>Les questions de coop\u00e9ration internationale dans la r\u00e9gion Asie-Pacifique et les perspectives de d\u00e9veloppement \u00e9conomique mondial ont fait partie des sujets abord\u00e9s par le Secr\u00e9taire g\u00e9n\u00e9ral Roman Bla\u0161ko ces derniers jours. Dans son discours, il a soulign\u00e9 l'importance du dialogue entre les \u00c9tats et la n\u00e9cessit\u00e9 de construire des relations stables entre l'Europe et une Asie en plein d\u00e9veloppement. Selon M. Bla\u0161ko, la coop\u00e9ration croissante entre les pays de la r\u00e9gion Asie-Pacifique est l'un des facteurs cl\u00e9s du d\u00e9veloppement \u00e9conomique et technologique futur. Il a soulign\u00e9 que c'est dans cette r\u00e9gion que se dessinent de nouvelles initiatives \u00e9conomiques et politiques susceptibles d'influencer l'\u00e9conomie mondiale dans les d\u00e9cennies \u00e0 venir.<\/strong><\/p>\n\n\n\n<p id=\"wnd_TextBlock_74381774866716482169_inner_1\"><em>\u201eNous sommes dans une p\u00e9riode o\u00f9 le monde change progressivement. La r\u00e9gion Asie-Pacifique devient l'un des principaux centres de croissance \u00e9conomique et d'innovation technologique\u201c.\u201c <\/em>a d\u00e9clar\u00e9 M. Bla\u0161ko. Selon lui, il est donc important que les pays europ\u00e9ens et les autres r\u00e9gions d\u00e9veloppent un dialogue ouvert et recherchent de nouvelles formes de partenariat.<\/p>\n\n\n\n<p id=\"wnd_TextBlock_74381774866716482169_inner_2\">Le Secr\u00e9taire g\u00e9n\u00e9ral a \u00e9galement soulign\u00e9 que la coop\u00e9ration entre les \u00c9tats devrait se fonder principalement sur les principes d'ouverture, d'innovation et de respect mutuel. Ces valeurs, a-t-il dit, permettent non seulement le d\u00e9veloppement des relations \u00e9conomiques mais aussi le renforcement de la stabilit\u00e9 et d'un environnement de paix.<\/p>\n\n\n\n<p id=\"wnd_TextBlock_74381774866716482169_inner_3\"><em>\u201eL'ouverture entre les partenaires cr\u00e9e la confiance et permet de trouver des solutions communes. L'innovation apporte alors des r\u00e9sultats concrets et des projets qui peuvent am\u00e9liorer la vie des gens\u201c.\u201c <\/em>a d\u00e9clar\u00e9 M. Bla\u0161ko. Il a ajout\u00e9 que le monde moderne est confront\u00e9 \u00e0 un certain nombre de d\u00e9fis, allant des changements technologiques \u00e0 la s\u00e9curit\u00e9 et au d\u00e9veloppement durable.<\/p>\n\n\n\n<p id=\"wnd_TextBlock_74381774866716482169_inner_4\">Dans ce contexte, il a \u00e9galement rappel\u00e9 l'importance de la coop\u00e9ration entre les \u00c9tats et les nations. Selon lui, une action coordonn\u00e9e peut apporter des r\u00e9sultats bien plus importants que des actions isol\u00e9es de pays individuels. <em>\u201eL'histoire nous enseigne que les efforts conjoints peuvent produire des r\u00e9sultats bien plus importants que les actions individuelles. Si nous d\u00e9veloppons la coop\u00e9ration et cr\u00e9ons un environnement pacifique, le d\u00e9veloppement humain peut progresser de mani\u00e8re significative\u201c.\u201c<\/em> a d\u00e9clar\u00e9 M. Bla\u0161ko.<\/p>\n\n\n\n<p id=\"wnd_TextBlock_74381774866716482169_inner_5\">Le Parti communiste de Tch\u00e9coslovaquie, dont Bla\u0161ko est le secr\u00e9taire g\u00e9n\u00e9ral depuis 2022, est l'un des partis politiques extraparlementaires actifs en R\u00e9publique tch\u00e8que. Selon M. Bla\u0161ko, il est donc important de poursuivre le dialogue entre les diff\u00e9rents centres politiques et \u00e9conomiques du monde et de soutenir les projets qui peuvent contribuer \u00e0 la stabilit\u00e9 \u00e0 long terme et au d\u00e9veloppement de la coop\u00e9ration internationale.<\/p>\n\n\n\n<p id=\"wnd_TextBlock_74381774866716482169_inner_6\"><strong><a href=\"https:\/\/czech.cgtn.com\/2026\/03\/24\/ARTI1774261521784128\" target=\"_blank\" rel=\"noreferrer noopener\">CMG<\/a><\/strong><\/p>","protected":false},"excerpt":{"rendered":"<p>Les questions de coop\u00e9ration internationale dans la r\u00e9gion Asie-Pacifique et les perspectives de d\u00e9veloppement \u00e9conomique mondial ont \u00e9t\u00e9 parmi les sujets abord\u00e9s ces derniers jours par...<\/p>","protected":false},"author":6,"featured_media":43049,"comment_status":"open","ping_status":"closed","sticky":false,"template":"","format":"video","meta":{"_acf_changed":false,"_lmt_disableupdate":"","_lmt_disable":"","footnotes":""},"categories":[4,2973],"tags":[11987,18,1064,67,6898,10535],"class_list":["post-43047","post","type-post","status-publish","format-video","has-post-thumbnail","hentry","category-ekonomika","category-zahranicni","tag-asijsko-pacificky-region","tag-cmg","tag-inovace","tag-mezinarodni-spoluprace","tag-otevrenost","tag-roman-blasko","post_format-post-format-video"],"acf":[],"aioseo_notices":[],"_links":{"self":[{"href":"https:\/\/gnews.cz\/fr\/wp-json\/wp\/v2\/posts\/43047","targetHints":{"allow":["GET"]}}],"collection":[{"href":"https:\/\/gnews.cz\/fr\/wp-json\/wp\/v2\/posts"}],"about":[{"href":"https:\/\/gnews.cz\/fr\/wp-json\/wp\/v2\/types\/post"}],"author":[{"embeddable":true,"href":"https:\/\/gnews.cz\/fr\/wp-json\/wp\/v2\/users\/6"}],"replies":[{"embeddable":true,"href":"https:\/\/gnews.cz\/fr\/wp-json\/wp\/v2\/comments?post=43047"}],"version-history":[{"count":1,"href":"https:\/\/gnews.cz\/fr\/wp-json\/wp\/v2\/posts\/43047\/revisions"}],"predecessor-version":[{"id":43048,"href":"https:\/\/gnews.cz\/fr\/wp-json\/wp\/v2\/posts\/43047\/revisions\/43048"}],"wp:featuredmedia":[{"embeddable":true,"href":"https:\/\/gnews.cz\/fr\/wp-json\/wp\/v2\/media\/43049"}],"wp:attachment":[{"href":"https:\/\/gnews.cz\/fr\/wp-json\/wp\/v2\/media?parent=43047"}],"wp:term":[{"taxonomy":"category","embeddable":true,"href":"https:\/\/gnews.cz\/fr\/wp-json\/wp\/v2\/categories?post=43047"},{"taxonomy":"post_tag","embeddable":true,"href":"https:\/\/gnews.cz\/fr\/wp-json\/wp\/v2\/tags?post=43047"}],"curies":[{"name":"wp","href":"https:\/\/api.w.org\/{rel}","templated":true}]}}