{"id":43062,"date":"2026-03-26T13:43:45","date_gmt":"2026-03-26T12:43:45","guid":{"rendered":"https:\/\/gnews.cz\/?p=43062"},"modified":"2026-03-30T13:54:38","modified_gmt":"2026-03-30T11:54:38","slug":"spoluprace-namisto-konfliktu-cinske-predsednictvi-apec-2026-klade-duraz-na-otevrenost-inovace-a-spolecne-vyzvy","status":"publish","type":"post","link":"https:\/\/gnews.cz\/fr\/ekonomika\/spoluprace-namisto-konfliktu-cinske-predsednictvi-apec-2026-klade-duraz-na-otevrenost-inovace-a-spolecne-vyzvy\/","title":{"rendered":"La coop\u00e9ration plut\u00f4t que le conflit : la pr\u00e9sidence chinoise de l'APEC 2026 met l'accent sur l'ouverture, l'innovation et les d\u00e9fis communs"},"content":{"rendered":"<p id=\"wnd_TextBlock_48141774871159717207_inner_0\"><strong>Alors que l'Occident, selon certains observateurs, s'appuie de plus en plus sur le r\u00e8glement des diff\u00e9rends par la force, la r\u00e9gion Asie-Pacifique, men\u00e9e par la Chine, pointe dans la direction oppos\u00e9e. Cette ann\u00e9e, l'APEC est consacr\u00e9e \u00e0 l'approfondissement de la coop\u00e9ration \u00e9conomique, \u00e0 la transformation num\u00e9rique et au partage de l'innovation.<\/strong><\/p>\n\n\n\n<p id=\"wnd_TextBlock_48141774871159717207_inner_1\">Selon le <strong>Ivana Cinky<\/strong>, Selon le pr\u00e9sident du comit\u00e9 de district du parti communiste de Tch\u00e9coslovaquie \u00e0 Bene\u0161ov, journaliste et publiciste, le monde se trouve actuellement \u00e0 la crois\u00e9e des chemins. <em>\u201eAlors que l'Occident est aujourd'hui en proie \u00e0 de graves divisions et recourt de plus en plus \u00e0 la force pour les r\u00e9soudre, \u00e0 l'Est, cette ann\u00e9e est marqu\u00e9e par la coop\u00e9ration entre les nations\u201c.\u201c <\/em>a d\u00e9clar\u00e9 M. Cinka, ajoutant que les m\u00e9dias tch\u00e8ques n\u00e9gligent malheureusement ce ph\u00e9nom\u00e8ne.<\/p>\n\n\n\n<p id=\"wnd_TextBlock_48141774871159717207_inner_2\">Le travail en cours au sein de la Communaut\u00e9 \u00e9conomique Asie-Pacifique (APEC) est un sujet qui m\u00e9rite plus d'attention, a-t-il ajout\u00e9. Le pays h\u00f4te pour 2026 est la Chine, qui a d\u00e9j\u00e0 d\u00e9voil\u00e9 la devise de sa pr\u00e9sidence \u00e0 Sh\u0113nzh\u014dch\u014dn en d\u00e9cembre 2025 : <em>\u201eConstruire cette communaut\u00e9 pour une prosp\u00e9rit\u00e9 partag\u00e9e\u201c.\u201c<\/em>\u00a0Les 21 \u00c9tats membres ont tous adopt\u00e9 cette vision, selon M. Cinca.<\/p>\n\n\n\n<p id=\"wnd_TextBlock_48141774871159717207_inner_3\">Le programme de cette ann\u00e9e est ambitieux et loin de se limiter \u00e0 un seul sommet. <em>\u201eIl ne s'agit pas d'un \u00e9v\u00e9nement ponctuel\u201c.\u201c<\/em> Le zinc est mis \u00e0 rude \u00e9preuve. Environ 300 r\u00e9unions de travail sont pr\u00e9vues tout au long de l'ann\u00e9e, autour de trois axes principaux :<\/p>\n\n\n\n<p id=\"wnd_TextBlock_48141774871159717207_inner_4\"><strong>Ouverture<\/strong>Le programme de l'Union europ\u00e9enne : promouvoir le libre-\u00e9change, supprimer les barri\u00e8res et relier les diff\u00e9rents accords commerciaux r\u00e9gionaux.<\/p>\n\n\n\n<p id=\"wnd_TextBlock_48141774871159717207_inner_5\"><strong>L'innovation<\/strong>R : L'accent est mis sur l'intelligence artificielle, la transformation num\u00e9rique, les technologies vertes et le partage des pratiques d'innovation.<\/p>\n\n\n\n<p id=\"wnd_TextBlock_48141774871159717207_inner_6\"><strong>D\u00e9fis mondiaux<\/strong>Le Parlement europ\u00e9en : Travailler ensemble pour lutter contre le changement climatique, renforcer les cha\u00eenes d'approvisionnement et garantir la stabilit\u00e9 financi\u00e8re.<\/p>\n\n\n\n<p id=\"wnd_TextBlock_48141774871159717207_inner_7\">Selon Cinka, ce cadre n'est pas une simple d\u00e9claration vide de sens. D\u00e8s la premi\u00e8re quinzaine de f\u00e9vrier, plus de 60 r\u00e9unions de travail ont \u00e9t\u00e9 organis\u00e9es pour lancer une discussion d'experts sur ces sujets.<\/p>\n\n\n\n<p id=\"wnd_TextBlock_48141774871159717207_inner_8\">Le point culminant de cette ann\u00e9e d'efforts sera le traditionnel sommet des principaux dirigeants. Les 18 et 19 novembre 2026, la 33e r\u00e9union des dirigeants de l'APEC se tiendra \u00e0 Shenzhen, en Chine.<\/p>\n\n\n\n<p id=\"wnd_TextBlock_48141774871159717207_inner_9\">Cinka conclut son essai par une observation qu'il juge significative : <em>\u201eDans tout ce programme grandiose, il n'y a pas une seule mention d'armement et de pr\u00e9paration \u00e0 la guerre.\u201c<\/em> Selon lui, cela montre clairement la diff\u00e9rence de priorit\u00e9s entre la r\u00e9gion Asie-Pacifique et l'orientation actuelle de certaines puissances occidentales.<\/p>\n\n\n\n<p id=\"wnd_TextBlock_48141774871159717207_inner_10\"><a href=\"https:\/\/ksc4.cms.webnode.cz\/l\/spoluprace-namisto-konfliktu-cinske-predsednictvi-apec-2026-klade-duraz-na-otevrenost-inovace-a-spolecne-vyzvy\/#\"><strong>CMG<\/strong><\/a><\/p>","protected":false},"excerpt":{"rendered":"<p>Alors que l'Occident, selon certains observateurs, recourt de plus en plus \u00e0 la force pour r\u00e9soudre ses diff\u00e9rends, la r\u00e9gion Asie-Pacifique, sous l'impulsion de la Chine, fait le chemin inverse. Cette ann\u00e9e...<\/p>","protected":false},"author":6,"featured_media":43064,"comment_status":"open","ping_status":"closed","sticky":false,"template":"","format":"video","meta":{"_acf_changed":false,"_lmt_disableupdate":"","_lmt_disable":"","footnotes":""},"categories":[4,550,2973],"tags":[231,11987,22,18,10483,714],"class_list":["post-43062","post","type-post","status-publish","format-video","has-post-thumbnail","hentry","category-ekonomika","category-videa","category-zahranicni","tag-apec","tag-asijsko-pacificky-region","tag-cina","tag-cmg","tag-ivan-cinka","tag-spoluprace","post_format-post-format-video"],"acf":[],"aioseo_notices":[],"_links":{"self":[{"href":"https:\/\/gnews.cz\/fr\/wp-json\/wp\/v2\/posts\/43062","targetHints":{"allow":["GET"]}}],"collection":[{"href":"https:\/\/gnews.cz\/fr\/wp-json\/wp\/v2\/posts"}],"about":[{"href":"https:\/\/gnews.cz\/fr\/wp-json\/wp\/v2\/types\/post"}],"author":[{"embeddable":true,"href":"https:\/\/gnews.cz\/fr\/wp-json\/wp\/v2\/users\/6"}],"replies":[{"embeddable":true,"href":"https:\/\/gnews.cz\/fr\/wp-json\/wp\/v2\/comments?post=43062"}],"version-history":[{"count":1,"href":"https:\/\/gnews.cz\/fr\/wp-json\/wp\/v2\/posts\/43062\/revisions"}],"predecessor-version":[{"id":43063,"href":"https:\/\/gnews.cz\/fr\/wp-json\/wp\/v2\/posts\/43062\/revisions\/43063"}],"wp:featuredmedia":[{"embeddable":true,"href":"https:\/\/gnews.cz\/fr\/wp-json\/wp\/v2\/media\/43064"}],"wp:attachment":[{"href":"https:\/\/gnews.cz\/fr\/wp-json\/wp\/v2\/media?parent=43062"}],"wp:term":[{"taxonomy":"category","embeddable":true,"href":"https:\/\/gnews.cz\/fr\/wp-json\/wp\/v2\/categories?post=43062"},{"taxonomy":"post_tag","embeddable":true,"href":"https:\/\/gnews.cz\/fr\/wp-json\/wp\/v2\/tags?post=43062"}],"curies":[{"name":"wp","href":"https:\/\/api.w.org\/{rel}","templated":true}]}}