{"id":43071,"date":"2026-03-30T18:00:00","date_gmt":"2026-03-30T16:00:00","guid":{"rendered":"https:\/\/gnews.cz\/?p=43071"},"modified":"2026-03-31T05:13:49","modified_gmt":"2026-03-31T03:13:49","slug":"usa-a-izrael-tahnou-svet-ke-treti-svetove-valce-varuje-jeffrey-sachs","status":"publish","type":"post","link":"https:\/\/gnews.cz\/fr\/neprehlednete\/usa-a-izrael-tahnou-svet-ke-treti-svetove-valce-varuje-jeffrey-sachs\/","title":{"rendered":"Les \u00c9tats-Unis et Isra\u00ebl entra\u00eenent le monde vers la troisi\u00e8me guerre mondiale, avertit Jeffrey Sachs"},"content":{"rendered":"<p><strong>Jeffrey Sachs, \u00e9conomiste am\u00e9ricain de renom et professeur \u00e0 l'universit\u00e9 de Columbia, a lanc\u00e9 un avertissement s\u00e9v\u00e8re : l'attaque am\u00e9ricano-isra\u00e9lienne contre l'Iran pourrait d\u00e9g\u00e9n\u00e9rer en un conflit mondial d'une ampleur sans pr\u00e9c\u00e9dent. Dans une interview accord\u00e9e au portail japonais Nikkei Asia, il a d\u00e9clar\u00e9 que le monde \u00e9tait au bord d'une troisi\u00e8me guerre mondiale.<\/strong><\/p>\n\n\n\n<h2 class=\"wp-block-heading\">Une guerre qui \u00e9chappe \u00e0 tout contr\u00f4le<\/h2>\n\n\n\n<p>Sachs n'h\u00e9site pas \u00e0 nommer les choses directement. Selon lui, le conflit ne prendra fin que lorsque la r\u00e9sistance mondiale \u00e0 l'agression am\u00e9ricaine et isra\u00e9lienne y mettra un terme. <em>\u201eLa guerre prendra fin si et seulement si l'indignation du monde face \u00e0 l'agression des \u00c9tats-Unis et d'Isra\u00ebl oblige ces pays \u00e0 s'arr\u00eater. Dans le cas contraire, nous risquons de voir le Moyen-Orient en flammes et le monde plong\u00e9 dans une crise \u00e9nerg\u00e9tique et \u00e9conomique sans pr\u00e9c\u00e9dent dans l'histoire moderne\u201c.\u201c <\/em>a pr\u00e9venu le professeur.<\/p>\n\n\n\n<p>L'attaque a eu lieu le 28 f\u00e9vrier, lorsque les \u00c9tats-Unis et Isra\u00ebl ont lanc\u00e9 une op\u00e9ration militaire conjointe contre l'Iran. Les principales villes iraniennes, dont T\u00e9h\u00e9ran, ont \u00e9t\u00e9 touch\u00e9es. Les Gardiens de la r\u00e9volution iraniens ont rapidement lanc\u00e9 une op\u00e9ration de repr\u00e9sailles contre le territoire isra\u00e9lien et les bases militaires am\u00e9ricaines \u00e0 Bahre\u00efn, en Jordanie, au Kowe\u00eft, au Qatar, en Arabie saoudite et aux \u00c9mirats arabes unis. L'attaque a tu\u00e9 le guide supr\u00eame, l'ayatollah Ali Khamenei, ainsi qu'un certain nombre d'autres hauts responsables iraniens.<\/p>\n\n\n\n<h2 class=\"wp-block-heading\">Un plan pour dominer la r\u00e9gion<\/h2>\n\n\n\n<p>Selon Sachs, l'op\u00e9ration militaire a un objectif g\u00e9opolitique clair. Les \u00c9tats-Unis et Isra\u00ebl recherchent l'h\u00e9g\u00e9monie dans le monde arabe et en Asie occidentale, en combinant l'expansion territoriale isra\u00e9lienne et le contr\u00f4le exerc\u00e9 par les \u00c9tats-Unis sur les gouvernements de la r\u00e9gion. <em>\u201eL'objectif ultime est un Grand Isra\u00ebl absorbant toute la Palestine historique, avec des gouvernements arabes et islamiques souples, d\u00e9pouill\u00e9s de toute souverainet\u00e9 r\u00e9elle, y compris pour d\u00e9cider comment et o\u00f9 ils exportent leur p\u00e9trole et leur gaz\u201c.\u201c <\/em>d\u00e9clare Sachs.<\/p>\n\n\n\n<p>Il souligne \u00e9galement que ce projet se heurte \u00e0 l'opposition de l'ensemble de la r\u00e9gion. Aucun des pays voisins ne souhaite qu'Isra\u00ebl agisse de mani\u00e8re aussi incontr\u00f4l\u00e9e, et aucun ne souhaite que ses exportations d'hydrocarbures soient effectivement contr\u00f4l\u00e9es par Washington.<\/p>\n\n\n\n<h2 class=\"wp-block-heading\">Le d\u00e9troit d'Ormuz comme arme<\/h2>\n\n\n\n<p>L'Iran a r\u00e9agi de mani\u00e8re spectaculaire en fermant le d\u00e9troit d'Ormuz aux navires associ\u00e9s aux \u00c9tats-Unis, \u00e0 Isra\u00ebl et \u00e0 leurs alli\u00e9s. Il s'agit de l'un des couloirs maritimes les plus strat\u00e9giques au monde, par lequel transite environ un cinqui\u00e8me de la consommation mondiale de p\u00e9trole. Le 25 mars, le ministre iranien des affaires \u00e9trang\u00e8res, Abbas Araghchi, a annonc\u00e9 un assouplissement partiel du passage pour les \u201epays amis\u201c, \u00e0 savoir la Russie, l'Inde, l'Irak, la Chine et le Pakistan.<\/p>\n\n\n\n<p>Sachs pr\u00e9vient que les cons\u00e9quences \u00e9conomiques d'une nouvelle escalade du conflit pourraient \u00eatre catastrophiques.<strong> <\/strong>- pour les march\u00e9s de l'\u00e9nergie et l'\u00e9conomie mondiale dans son ensemble. Selon lui, le monde joue pour des taux tr\u00e8s \u00e9lev\u00e9s.<\/p>\n\n\n\n<p><strong>gnews.cz - GH<\/strong><\/p>","protected":false},"excerpt":{"rendered":"<p>Jeffrey Sachs, \u00e9conomiste am\u00e9ricain de renom et professeur \u00e0 l'universit\u00e9 de Columbia, a lanc\u00e9 un avertissement s\u00e9v\u00e8re : l'attaque am\u00e9ricano-isra\u00e9lienne contre l'Iran pourrait d\u00e9g\u00e9n\u00e9rer en un conflit mondial sans pr\u00e9c\u00e9dent....<\/p>","protected":false},"author":6,"featured_media":17333,"comment_status":"open","ping_status":"closed","sticky":false,"template":"","format":"standard","meta":{"_acf_changed":false,"_lmt_disableupdate":"","_lmt_disable":"","footnotes":""},"categories":[3,7,2973],"tags":[11999,9800,10962,7012,5254,2085,3710,12007,3552,12004,11998,12005,12003,5893,12001,17,11996,12002,11043,11997,11995,41],"class_list":["post-43071","post","type-post","status-publish","format-standard","has-post-thumbnail","hentry","category-neprehlednete","category-politika","category-zahranicni","tag-ajatollah-chamenei","tag-arabsky-svet","tag-blizky-vychod-konflikt","tag-energeticka-krize","tag-eskalace-konfliktu","tag-geopolitika","tag-hormuzsky-pruliv","tag-iranske-revolucni-gardy-2","tag-jeffrey-sachs","tag-kolumbijska-univerzita","tag-nikkei-asia","tag-regionalni-hegemonie","tag-ropa-a-plyn","tag-svetova-ekonomika","tag-teheran-utok","tag-top","tag-treti-svetova-valka","tag-usa-izrael-iran","tag-valka-na-blizkem-vychode","tag-velky-izrael","tag-vojensky-utok-na-iran","tag-world"],"acf":[],"aioseo_notices":[],"_links":{"self":[{"href":"https:\/\/gnews.cz\/fr\/wp-json\/wp\/v2\/posts\/43071","targetHints":{"allow":["GET"]}}],"collection":[{"href":"https:\/\/gnews.cz\/fr\/wp-json\/wp\/v2\/posts"}],"about":[{"href":"https:\/\/gnews.cz\/fr\/wp-json\/wp\/v2\/types\/post"}],"author":[{"embeddable":true,"href":"https:\/\/gnews.cz\/fr\/wp-json\/wp\/v2\/users\/6"}],"replies":[{"embeddable":true,"href":"https:\/\/gnews.cz\/fr\/wp-json\/wp\/v2\/comments?post=43071"}],"version-history":[{"count":3,"href":"https:\/\/gnews.cz\/fr\/wp-json\/wp\/v2\/posts\/43071\/revisions"}],"predecessor-version":[{"id":43097,"href":"https:\/\/gnews.cz\/fr\/wp-json\/wp\/v2\/posts\/43071\/revisions\/43097"}],"wp:featuredmedia":[{"embeddable":true,"href":"https:\/\/gnews.cz\/fr\/wp-json\/wp\/v2\/media\/17333"}],"wp:attachment":[{"href":"https:\/\/gnews.cz\/fr\/wp-json\/wp\/v2\/media?parent=43071"}],"wp:term":[{"taxonomy":"category","embeddable":true,"href":"https:\/\/gnews.cz\/fr\/wp-json\/wp\/v2\/categories?post=43071"},{"taxonomy":"post_tag","embeddable":true,"href":"https:\/\/gnews.cz\/fr\/wp-json\/wp\/v2\/tags?post=43071"}],"curies":[{"name":"wp","href":"https:\/\/api.w.org\/{rel}","templated":true}]}}