{"id":43090,"date":"2026-03-27T15:57:46","date_gmt":"2026-03-27T14:57:46","guid":{"rendered":"https:\/\/gnews.cz\/?p=43090"},"modified":"2026-03-31T11:45:16","modified_gmt":"2026-03-31T09:45:16","slug":"forum-v-cine-sleduje-i-ceska-republika-jde-totiz-o-vic-nez-si-myslite","status":"publish","type":"post","link":"https:\/\/gnews.cz\/fr\/politika\/forum-v-cine-sleduje-i-ceska-republika-jde-totiz-o-vic-nez-si-myslite\/","title":{"rendered":"La R\u00e9publique tch\u00e8que observe \u00e9galement le Forum en Chine, car c'est plus que vous ne le pensez."},"content":{"rendered":"<p id=\"wnd_TextBlock_37111774879114717579_inner_0\"><strong>Milan Kraj\u010da, vice-pr\u00e9sident du Parti communiste de Tch\u00e9coslovaquie et vice-pr\u00e9sident du Conseil mondial de la paix, a parl\u00e9 de l'importance du Forum de Boao pour l'Asie de cette ann\u00e9e, que la R\u00e9publique tch\u00e8que suit, selon lui, avec beaucoup d'int\u00e9r\u00eat.<\/strong><\/p>\n\n\n\n<p id=\"wnd_TextBlock_37111774879114717579_inner_1\"><em>\u201eDepuis plus d'un quart de si\u00e8cle, le forum de Boao est un lieu de rencontre pour les hommes politiques, les hommes d'affaires et les universitaires de dizaines de pays d'Asie.\u201c <\/em>a d\u00e9clar\u00e9 M. Kraj\u010da. Il a soulign\u00e9 que l'Asie est l'une des r\u00e9gions les plus dynamiques du monde aujourd'hui et que la R\u00e9publique populaire de Chine, en tant que pays d'accueil, conna\u00eet un d\u00e9veloppement extr\u00eamement rapide.<\/p>\n\n\n\n<p id=\"wnd_TextBlock_37111774879114717579_inner_2\">Selon Kraj\u010da, il est donc naturel que les \u00e9v\u00e9nements du forum attirent l'attention en Europe. <em>\u201eC'est une source d'inspiration pour nous de voir ce qui se passe en Asie et en Chine aujourd'hui\u201c.\u201c<\/em> a-t-il d\u00e9clar\u00e9, ajoutant que les conclusions de la r\u00e9union pourraient avoir un impact plus large au-del\u00e0 de la r\u00e9gion.<\/p>\n\n\n\n<p id=\"wnd_TextBlock_37111774879114717579_inner_3\">Lors de l'entretien, il a \u00e9galement soulign\u00e9 l'importance de la coop\u00e9ration internationale. Selon lui, il est dans l'int\u00e9r\u00eat de la R\u00e9publique tch\u00e8que d'approfondir ses relations non seulement avec la Chine, mais aussi avec les autres pays participant au forum.<em> \u201eNous voulons renforcer l'amiti\u00e9 et la coop\u00e9ration entre les peuples d'Europe et d'Asie\u201c.\u201c <\/em>Il a ajout\u00e9.<\/p>\n\n\n\n<p id=\"wnd_TextBlock_37111774879114717579_inner_4\">Il n'est pas encore possible de savoir quelles conclusions sp\u00e9cifiques le forum de cette ann\u00e9e apportera. Mais ce qui est certain, selon M. Kraj\u010da, c'est que son importance dans le monde continue de cro\u00eetre - et que la R\u00e9publique tch\u00e8que la surveillera de pr\u00e8s.<\/p>\n\n\n\n<p id=\"wnd_TextBlock_37111774879114717579_inner_5\"><strong><a href=\"https:\/\/czech.cgtn.com\/2026\/03\/27\/ARTI1774585008688504\" target=\"_blank\" rel=\"noreferrer noopener\">CMG<\/a><\/strong><\/p>","protected":false},"excerpt":{"rendered":"<p>Milan Kraj\u010da, vice-pr\u00e9sident du Parti communiste de Tch\u00e9coslovaquie et vice-pr\u00e9sident du Conseil mondial de la paix, a parl\u00e9 de l'importance du Forum de Boao pour l'Asie de cette ann\u00e9e, qui, selon...<\/p>","protected":false},"author":6,"featured_media":43126,"comment_status":"open","ping_status":"closed","sticky":false,"template":"","format":"video","meta":{"_acf_changed":false,"_lmt_disableupdate":"","_lmt_disable":"","footnotes":""},"categories":[2968,7,2973],"tags":[12008,45,6802,18,10363,9004],"class_list":["post-43090","post","type-post","status-publish","format-video","has-post-thumbnail","hentry","category-domaci","category-politika","category-zahranicni","tag-boao-forum-for-asia","tag-cr","tag-cinska-lidova-republika","tag-cmg","tag-kscm","tag-milan-krajca","post_format-post-format-video"],"acf":[],"aioseo_notices":[],"_links":{"self":[{"href":"https:\/\/gnews.cz\/fr\/wp-json\/wp\/v2\/posts\/43090","targetHints":{"allow":["GET"]}}],"collection":[{"href":"https:\/\/gnews.cz\/fr\/wp-json\/wp\/v2\/posts"}],"about":[{"href":"https:\/\/gnews.cz\/fr\/wp-json\/wp\/v2\/types\/post"}],"author":[{"embeddable":true,"href":"https:\/\/gnews.cz\/fr\/wp-json\/wp\/v2\/users\/6"}],"replies":[{"embeddable":true,"href":"https:\/\/gnews.cz\/fr\/wp-json\/wp\/v2\/comments?post=43090"}],"version-history":[{"count":1,"href":"https:\/\/gnews.cz\/fr\/wp-json\/wp\/v2\/posts\/43090\/revisions"}],"predecessor-version":[{"id":43125,"href":"https:\/\/gnews.cz\/fr\/wp-json\/wp\/v2\/posts\/43090\/revisions\/43125"}],"wp:featuredmedia":[{"embeddable":true,"href":"https:\/\/gnews.cz\/fr\/wp-json\/wp\/v2\/media\/43126"}],"wp:attachment":[{"href":"https:\/\/gnews.cz\/fr\/wp-json\/wp\/v2\/media?parent=43090"}],"wp:term":[{"taxonomy":"category","embeddable":true,"href":"https:\/\/gnews.cz\/fr\/wp-json\/wp\/v2\/categories?post=43090"},{"taxonomy":"post_tag","embeddable":true,"href":"https:\/\/gnews.cz\/fr\/wp-json\/wp\/v2\/tags?post=43090"}],"curies":[{"name":"wp","href":"https:\/\/api.w.org\/{rel}","templated":true}]}}