{"id":43093,"date":"2026-03-30T21:00:00","date_gmt":"2026-03-30T19:00:00","guid":{"rendered":"https:\/\/gnews.cz\/?p=43093"},"modified":"2026-03-31T08:47:34","modified_gmt":"2026-03-31T06:47:34","slug":"vlada-resi-drahe-pohonne-hmoty-uvolni-zasoby-a-zkusi-zastropit-marze","status":"publish","type":"post","link":"https:\/\/gnews.cz\/fr\/neprehlednete\/vlada-resi-drahe-pohonne-hmoty-uvolni-zasoby-a-zkusi-zastropit-marze\/","title":{"rendered":"Le gouvernement s'attaque aux carburants chers, lib\u00e8re des stocks et tente de limiter les marges"},"content":{"rendered":"<p><strong>Le gouvernement du Premier ministre Andrej Babi\u0161 cherche des moyens de r\u00e9duire les prix actuellement \u00e9lev\u00e9s des carburants. Le Premier ministre et ses ministres de l'\u00e9conomie se sont donc entretenus avec des repr\u00e9sentants des plus grands exploitants de stations-service de la R\u00e9publique tch\u00e8que. Le gouvernement reviendra sur la question dans le courant de la semaine.<\/strong><\/p>\n\n\n\n<p>Le cabinet a \u00e9galement d\u00e9cid\u00e9 de lib\u00e9rer jusqu'\u00e0 100 000 tonnes de p\u00e9trole des r\u00e9serves strat\u00e9giques du pays. Ces r\u00e9serves seront fournies \u00e0 Orlen Unipetrol sous la forme d'un pr\u00eat en raison du d\u00e9ficit d'approvisionnement par l'ol\u00e9oduc TAL.<\/p>\n\n\n\n<blockquote class=\"wp-block-quote is-layout-flow wp-block-quote-is-layout-flow\">\n<p>Selon le Premier ministre, les marges actuelles des distributeurs ne sont pas raisonnables. Le gouvernement s'attend \u00e0 ce qu'elles se situent autour de 3,50 CZK par litre pour le diesel et de 2,50 CZK pour l'essence. Les n\u00e9gociations avec les principaux acteurs du march\u00e9 se poursuivront mercredi et le cabinet se r\u00e9unira \u00e0 nouveau jeudi.<\/p>\n<\/blockquote>\n\n\n\n<p>Le minist\u00e8re des finances examinera \u00e9galement la possibilit\u00e9 de r\u00e9duire les droits d'accises. Le Premier ministre a soulign\u00e9 qu'il y avait d\u00e9j\u00e0 eu une l\u00e9g\u00e8re baisse des prix sur l'autoroute D1 et qu'il \u00e9tait possible de r\u00e9duire encore les prix selon les donn\u00e9es du gouvernement. Les distributeurs ont \u00e9t\u00e9 invit\u00e9s \u00e0 ne pas profiter de la situation tendue du march\u00e9.<\/p>\n\n\n\n<p>Le p\u00e9trole lib\u00e9r\u00e9 devrait contribuer \u00e0 stabiliser le march\u00e9 pendant les contraintes d'approvisionnement caus\u00e9es par les travaux d'entretien de l'ol\u00e9oduc TAL. Selon le gouvernement, la situation en Europe est tendue et pourrait n\u00e9cessiter une coordination internationale.<\/p>\n\n\n\n<blockquote class=\"wp-block-quote is-layout-flow wp-block-quote-is-layout-flow\">\n<p>Le cabinet a \u00e9galement abord\u00e9 d'autres sujets. Il a approuv\u00e9 des modifications au contrat de construction d'une nouvelle centrale nucl\u00e9aire \u00e0 Dukovany, a \u00e9tendu la liste des sanctions au citoyen russe Konstantin Rogach et a d\u00e9mis de ses fonctions Ondrej Soska, commissaire g\u00e9n\u00e9ral de la participation tch\u00e8que \u00e0 l'Expo 2025.<\/p>\n<\/blockquote>\n\n\n\n<p>Le gouvernement a \u00e9galement approuv\u00e9 la nomination de nouveaux ambassadeurs dans plusieurs pays, dont la nomination va maintenant \u00eatre examin\u00e9e par le pr\u00e9sident Petr Pavel. Il a \u00e9galement trait\u00e9 des propositions l\u00e9gislatives, telles que le report de certaines \u00e9tapes de la num\u00e9risation des prestations sociales ou des changements dans les soins de sant\u00e9 et la politique municipale.<\/p>\n\n\n\n<p><strong>gnews.cz - GH<\/strong><\/p>","protected":false},"excerpt":{"rendered":"<p>Le gouvernement du Premier ministre Andrej Babi\u0161 cherche des moyens de r\u00e9duire les prix actuellement \u00e9lev\u00e9s des carburants. Le Premier ministre et les ministres de l'\u00e9conomie se sont entretenus avec...<\/p>","protected":false},"author":6,"featured_media":43094,"comment_status":"open","ping_status":"closed","sticky":false,"template":"","format":"standard","meta":{"_acf_changed":false,"_lmt_disableupdate":"","_lmt_disable":"","footnotes":""},"categories":[2968,4,3],"tags":[5754,9117,3003,6365,991,17,41],"class_list":["post-43093","post","type-post","status-publish","format-standard","has-post-thumbnail","hentry","category-domaci","category-ekonomika","category-neprehlednete","tag-andrej-babis","tag-ceska-vlada-3","tag-orlen-unipetrol","tag-pohonne-hmoty","tag-ropa","tag-top","tag-world"],"acf":[],"aioseo_notices":[],"_links":{"self":[{"href":"https:\/\/gnews.cz\/fr\/wp-json\/wp\/v2\/posts\/43093","targetHints":{"allow":["GET"]}}],"collection":[{"href":"https:\/\/gnews.cz\/fr\/wp-json\/wp\/v2\/posts"}],"about":[{"href":"https:\/\/gnews.cz\/fr\/wp-json\/wp\/v2\/types\/post"}],"author":[{"embeddable":true,"href":"https:\/\/gnews.cz\/fr\/wp-json\/wp\/v2\/users\/6"}],"replies":[{"embeddable":true,"href":"https:\/\/gnews.cz\/fr\/wp-json\/wp\/v2\/comments?post=43093"}],"version-history":[{"count":2,"href":"https:\/\/gnews.cz\/fr\/wp-json\/wp\/v2\/posts\/43093\/revisions"}],"predecessor-version":[{"id":43122,"href":"https:\/\/gnews.cz\/fr\/wp-json\/wp\/v2\/posts\/43093\/revisions\/43122"}],"wp:featuredmedia":[{"embeddable":true,"href":"https:\/\/gnews.cz\/fr\/wp-json\/wp\/v2\/media\/43094"}],"wp:attachment":[{"href":"https:\/\/gnews.cz\/fr\/wp-json\/wp\/v2\/media?parent=43093"}],"wp:term":[{"taxonomy":"category","embeddable":true,"href":"https:\/\/gnews.cz\/fr\/wp-json\/wp\/v2\/categories?post=43093"},{"taxonomy":"post_tag","embeddable":true,"href":"https:\/\/gnews.cz\/fr\/wp-json\/wp\/v2\/tags?post=43093"}],"curies":[{"name":"wp","href":"https:\/\/api.w.org\/{rel}","templated":true}]}}