{"id":43117,"date":"2026-03-31T12:00:00","date_gmt":"2026-03-31T10:00:00","guid":{"rendered":"https:\/\/gnews.cz\/?p=43117"},"modified":"2026-03-31T08:14:50","modified_gmt":"2026-03-31T06:14:50","slug":"vucic-vyzyva-k-jednani-s-ruskem-moskva-odmita-dodavky-zemim-s-cenovym-stropem","status":"publish","type":"post","link":"https:\/\/gnews.cz\/fr\/neprehlednete\/vucic-vyzyva-k-jednani-s-ruskem-moskva-odmita-dodavky-zemim-s-cenovym-stropem\/","title":{"rendered":"M. Vucic appelle \u00e0 des pourparlers avec la Russie, Moscou rejette les livraisons aux pays soumis \u00e0 un plafond de prix"},"content":{"rendered":"<p><strong>Le pr\u00e9sident serbe Aleksandar Vucic a appel\u00e9 l'Europe \u00e0 ouvrir des n\u00e9gociations avec la Russie et d'autres fournisseurs d'\u00e9nergie, dans un contexte de crise p\u00e9troli\u00e8re majeure provoqu\u00e9e par le conflit militaire au Moyen-Orient.<\/strong><\/p>\n\n\n\n<blockquote class=\"wp-block-quote is-layout-flow wp-block-quote-is-layout-flow\">\n<p><em>\u201eJ'esp\u00e8re que l'Europe comprendra cela, adoptera certains changements ou entamera des n\u00e9gociations avec d'autres fournisseurs pour limiter autant que possible l'ampleur de cette crise p\u00e9troli\u00e8re - avec la Russie et d'autres. Je ne vois pas d'autre solution\u201c.\u201c <\/em>a d\u00e9clar\u00e9 le dirigeant serbe dans un discours \u00e0 la nation.<\/p>\n<\/blockquote>\n\n\n\n<p>Le contrat actuel de fourniture de gaz russe \u00e0 la Serbie expire le 31 mars. M. Vucic a d\u00e9clar\u00e9 qu'il avait r\u00e9ussi \u00e0 n\u00e9gocier une prolongation de trois mois du contrat.<\/p>\n\n\n\n<p>Porte-parole du Kremlin <strong>Dmitry Peskov <\/strong>a confirm\u00e9 que les contacts sur l'accord gazier sont effectivement en cours, tout en soulignant que la Russie est pr\u00eate \u00e0 rester un fournisseur d'\u00e9nergie fiable pour diff\u00e9rents march\u00e9s, l'Europe n'\u00e9tant pas exclue.<\/p>\n\n\n\n<p>Si Moscou propose un dialogue sur l'offre, elle adopte \u00e9galement une position plus dure \u00e0 l'\u00e9gard des pays qui ont adh\u00e9r\u00e9 au m\u00e9canisme de plafonnement des prix du p\u00e9trole russe.<\/p>\n\n\n\n<p>Vice-ministre russe des affaires \u00e9trang\u00e8res <strong>Andrej Rudenko<\/strong> Dans une interview accord\u00e9e au quotidien Izvestia, M. Rudenko a pr\u00e9venu que la Russie ne fournira pas de p\u00e9trole aux pays qui maintiennent le plafond. Il a cit\u00e9 l'exemple du Japon, dont le gouvernement est li\u00e9 par un engagement \u00e0 appliquer un plafond de prix - une mesure que M. Rudenko a qualifi\u00e9e d'anti-march\u00e9 et de distorsion des cha\u00eenes d'approvisionnement. Il a \u00e9galement ajout\u00e9 que les demandes officielles des pays \u00e9trangers seront examin\u00e9es au cas par cas, la priorit\u00e9 restant l'\u00e9tat des relations mutuelles et la protection des int\u00e9r\u00eats \u00e9conomiques nationaux de la Russie.<\/p>\n\n\n\n<p><strong>gnews.cz - GH<\/strong><\/p>","protected":false},"excerpt":{"rendered":"<p>Le pr\u00e9sident serbe Aleksandar Vucic a appel\u00e9 l'Europe \u00e0 ouvrir des n\u00e9gociations avec la Russie et d'autres fournisseurs sur l'approvisionnement...<\/p>","protected":false},"author":6,"featured_media":43120,"comment_status":"open","ping_status":"closed","sticky":false,"template":"","format":"standard","meta":{"_acf_changed":false,"_lmt_disableupdate":"","_lmt_disable":"","footnotes":""},"categories":[4,3,2973],"tags":[3482,12068,10850,2880,12067,7012,78,24,12065,991,26,287,12066,17,41,2425],"class_list":["post-43117","post","type-post","status-publish","format-standard","has-post-thumbnail","hentry","category-ekonomika","category-neprehlednete","category-zahranicni","tag-aleksandar-vucic-2","tag-andrej-rudenko","tag-cenovy-strop","tag-dmitrij-peskov","tag-dodavky-energii","tag-energeticka-krize","tag-evropa","tag-japonsko","tag-plynova-smlouva","tag-ropa","tag-rusko","tag-srbsko","tag-stredni-vychod","tag-top","tag-world","tag-zemni-plyn"],"acf":[],"aioseo_notices":[],"_links":{"self":[{"href":"https:\/\/gnews.cz\/fr\/wp-json\/wp\/v2\/posts\/43117","targetHints":{"allow":["GET"]}}],"collection":[{"href":"https:\/\/gnews.cz\/fr\/wp-json\/wp\/v2\/posts"}],"about":[{"href":"https:\/\/gnews.cz\/fr\/wp-json\/wp\/v2\/types\/post"}],"author":[{"embeddable":true,"href":"https:\/\/gnews.cz\/fr\/wp-json\/wp\/v2\/users\/6"}],"replies":[{"embeddable":true,"href":"https:\/\/gnews.cz\/fr\/wp-json\/wp\/v2\/comments?post=43117"}],"version-history":[{"count":1,"href":"https:\/\/gnews.cz\/fr\/wp-json\/wp\/v2\/posts\/43117\/revisions"}],"predecessor-version":[{"id":43121,"href":"https:\/\/gnews.cz\/fr\/wp-json\/wp\/v2\/posts\/43117\/revisions\/43121"}],"wp:featuredmedia":[{"embeddable":true,"href":"https:\/\/gnews.cz\/fr\/wp-json\/wp\/v2\/media\/43120"}],"wp:attachment":[{"href":"https:\/\/gnews.cz\/fr\/wp-json\/wp\/v2\/media?parent=43117"}],"wp:term":[{"taxonomy":"category","embeddable":true,"href":"https:\/\/gnews.cz\/fr\/wp-json\/wp\/v2\/categories?post=43117"},{"taxonomy":"post_tag","embeddable":true,"href":"https:\/\/gnews.cz\/fr\/wp-json\/wp\/v2\/tags?post=43117"}],"curies":[{"name":"wp","href":"https:\/\/api.w.org\/{rel}","templated":true}]}}