{"id":43155,"date":"2026-03-31T21:00:00","date_gmt":"2026-03-31T19:00:00","guid":{"rendered":"https:\/\/gnews.cz\/?p=43155"},"modified":"2026-03-31T20:36:57","modified_gmt":"2026-03-31T18:36:57","slug":"cesko-slovenske-vladni-zasedani-potvrdilo-posilovani-partnerstvi-obou-zemi","status":"publish","type":"post","link":"https:\/\/gnews.cz\/fr\/neprehlednete\/cesko-slovenske-vladni-zasedani-potvrdilo-posilovani-partnerstvi-obou-zemi\/","title":{"rendered":"La r\u00e9union des gouvernements tch\u00e8ques et slovaques confirme le renforcement du partenariat entre les deux pays"},"content":{"rendered":"<p><strong>Le mardi 31 mars 2026, la neuvi\u00e8me r\u00e9union conjointe des gouvernements de la R\u00e9publique tch\u00e8que et de la R\u00e9publique slovaque s'est tenue au ch\u00e2teau de Nov\u00e1 Horka \u00e0 Stud\u00e9nka. Les cabinets, dirig\u00e9s par les Premiers ministres Andrej Babi\u0161 et Robert Fico, ont discut\u00e9, entre autres, de la situation actuelle des prix des carburants et de l'approvisionnement en p\u00e9trole \u00e0 la suite de l'\u00e9clatement du conflit au Moyen-Orient. Les Premiers ministres des deux pays ont \u00e9galement sign\u00e9 un m\u00e9morandum sur la coop\u00e9ration renforc\u00e9e entre le gouvernement de la R\u00e9publique tch\u00e8que et le gouvernement de la R\u00e9publique slovaque, qui renforce leur partenariat dans des domaines cl\u00e9s.<\/strong><\/p>\n\n\n\n<p>Dans son discours d'ouverture, le Premier ministre Andrej Babi\u0161 a soulign\u00e9 l'importance de ces r\u00e9unions.&nbsp;<em>\u201eJe suis tr\u00e8s heureux que nous ayons pu rencontrer l'ensemble des gouvernements tch\u00e8que et slovaque apr\u00e8s trois ans. Je dois dire que nous avons d\u00fb limiter les discours des diff\u00e9rents ministres en raison du grand nombre de sujets abord\u00e9s. Nous avons beaucoup de choses \u00e0 nous aider mutuellement et \u00e0 r\u00e9soudre\u201c.\u201c&nbsp;<\/em>a-t-il d\u00e9clar\u00e9.&nbsp;<em>\u201eCe fut une excellente rencontre, factuelle, sans formalit\u00e9s. Nous avons beaucoup de choses \u00e0 nous dire parce que nous sommes tout simplement les plus grands partenaires commerciaux, nos entreprises investissent en Slovaquie, les entreprises slovaques investissent en R\u00e9publique tch\u00e8que. Je suis heureux que nous ayons pu r\u00e9soudre des probl\u00e8mes ensemble, dans l'int\u00e9r\u00eat de la vie quotidienne de nos concitoyens.\u201c<\/em>&nbsp;Le Premier ministre Babi\u0161 a d\u00e9crit la r\u00e9union.<\/p>\n\n\n\n<p>L'un des principaux sujets abord\u00e9s a \u00e9t\u00e9 la crise \u00e9nerg\u00e9tique actuelle. \u201e<em>Je pense que la solution se trouve dans la zone des pays du V4, de l'Autriche et de l'Allemagne. Nous devons continuer \u00e0 nous battre pour convaincre l'Allemagne en particulier qu'il vaut mieux plafonner les prix des quotas ETS1 pour l'ensemble de l'industrie europ\u00e9enne plut\u00f4t que de subventionner l'industrie.\u201c<\/em>&nbsp;a d\u00e9clar\u00e9 le Premier ministre Babi\u0161.<\/p>\n\n\n\n<p>Selon le Premier ministre tch\u00e8que, les prix \u00e9lev\u00e9s de l'\u00e9nergie sont un probl\u00e8me pour l'ensemble de la r\u00e9gion, et comme la coop\u00e9ration entre les quatre pays de Visegrad ne fonctionne pas pour l'instant, chaque pays tente de r\u00e9soudre le probl\u00e8me du carburant individuellement.&nbsp;<em>\u201eBien entendu, nous voulons que les raffineries MOL de Bratislava et de Hongrie produisent \u00e0 100 %. C'est important pour toute la r\u00e9gion. J'ai demand\u00e9 au Premier ministre Fico de demander \u00e0 la Slovaquie de mettre fin \u00e0 l'urgence p\u00e9troli\u00e8re, car nous sommes bien s\u00fbr \u00e9galement touch\u00e9s par cette situation.\u201c<\/em>&nbsp;a d\u00e9clar\u00e9 le Premier ministre Babi\u0161.<\/p>\n\n\n\n<p>\u00c0 l'issue de la r\u00e9union, les premiers ministres de la R\u00e9publique slovaque et de la R\u00e9publique tch\u00e8que ont sign\u00e9 un m\u00e9morandum sur le renforcement de la coop\u00e9ration entre le gouvernement de la R\u00e9publique tch\u00e8que et le gouvernement de la R\u00e9publique slovaque, qui ouvre une nouvelle \u00e9tape du partenariat strat\u00e9gique entre les deux pays. Ce document confirme l'engagement commun de d\u00e9velopper la coop\u00e9ration dans des domaines cl\u00e9s tels que la politique \u00e9trang\u00e8re et de s\u00e9curit\u00e9, l'\u00e9conomie, l'\u00e9nergie, les transports, la d\u00e9fense, l'\u00e9ducation, la culture, la sant\u00e9 et l'environnement. Le m\u00e9morandum s'appuie sur la proximit\u00e9 historique des deux nations et refl\u00e8te l'ambition de renforcer conjointement la stabilit\u00e9, la prosp\u00e9rit\u00e9 et la s\u00e9curit\u00e9 dans la r\u00e9gion de l'Europe centrale.<\/p>\n\n\n\n<p>Les deux premiers ministres ont \u00e9galement sign\u00e9 un protocole d'accord et de coop\u00e9ration dans le domaine de l'utilisation pacifique de l'\u00e9nergie nucl\u00e9aire, et le premier vice-premier ministre et ministre de l'industrie et du commerce, Karel Havlicek, et le vice-premier ministre et ministre de l'\u00e9conomie slovaque, Denisa Sakov\u00e1, ont \u00e9galement sign\u00e9 un accord entre le minist\u00e8re de l'industrie de la R\u00e9publique tch\u00e8que et le minist\u00e8re de l'\u00e9conomie de la R\u00e9publique slovaque sur le partage des responsabilit\u00e9s en mati\u00e8re de stockage du gaz dans les installations de stockage de Doln\u00ed Bojanovice.<\/p>\n\n\n\n<p>La r\u00e9union conjointe des gouvernements tch\u00e8que et slovaque a eu lieu pour la neuvi\u00e8me fois. La premi\u00e8re r\u00e9union conjointe des gouvernements tch\u00e8que et slovaque a eu lieu en 2012 \u00e0 Uhersk\u00e9 Hradi\u0161t\u011b, expression des relations sup\u00e9rieures \u00e0 la norme entre les deux pays. Huit r\u00e9unions conjointes ont eu lieu jusqu'\u00e0 pr\u00e9sent, la derni\u00e8re ayant eu lieu \u00e0 Tren\u010d\u00edn en 2023.<\/p>\n\n\n\n<p><strong>gnews.cz - GH<\/strong><\/p>","protected":false},"excerpt":{"rendered":"<p>La neuvi\u00e8me r\u00e9union conjointe des gouvernements de la R\u00e9publique tch\u00e8que et de la R\u00e9publique slovaque s'est tenue au ch\u00e2teau de Nov\u00e1 Horka \u00e0 Stud\u00e9nka le mardi 31 mars 2026....<\/p>","protected":false},"author":6,"featured_media":43156,"comment_status":"open","ping_status":"closed","sticky":false,"template":"","format":"standard","meta":{"_acf_changed":false,"_lmt_disableupdate":"","_lmt_disable":"","footnotes":""},"categories":[2968,3,7,2973],"tags":[5754,1264,5335,12112,6937,8140,357,7012,12113,11362,2711,12106,12105,11921,2421,1950,458,12108,2910,12109,5839,12110,17,12111,583,11248,41,1258],"class_list":["post-43155","post","type-post","status-publish","format-standard","has-post-thumbnail","hentry","category-domaci","category-neprehlednete","category-politika","category-zahranicni","tag-andrej-babis","tag-blizkay-vychod","tag-ceny-paliv","tag-cesko-slovenske-vztahy-2","tag-denisa-sakova","tag-dodavky-ropy","tag-doprava","tag-energeticka-krize","tag-ets1","tag-jaderna-energie","tag-havlicek","tag-memorandum-o-spolupraci","tag-mol-rafinerie","tag-nova-horka","tag-obchod","tag-obrana","tag-robert-fico","tag-ropna-nouze","tag-skolstvi-2","tag-spolecne-zasedani-vlad","tag-strategicke-partnerstvi","tag-studenka","tag-top","tag-uskladnovani-plynu","tag-v4","tag-visegradska-ctyrka","tag-world","tag-zdravotnictvi"],"acf":[],"aioseo_notices":[],"_links":{"self":[{"href":"https:\/\/gnews.cz\/fr\/wp-json\/wp\/v2\/posts\/43155","targetHints":{"allow":["GET"]}}],"collection":[{"href":"https:\/\/gnews.cz\/fr\/wp-json\/wp\/v2\/posts"}],"about":[{"href":"https:\/\/gnews.cz\/fr\/wp-json\/wp\/v2\/types\/post"}],"author":[{"embeddable":true,"href":"https:\/\/gnews.cz\/fr\/wp-json\/wp\/v2\/users\/6"}],"replies":[{"embeddable":true,"href":"https:\/\/gnews.cz\/fr\/wp-json\/wp\/v2\/comments?post=43155"}],"version-history":[{"count":1,"href":"https:\/\/gnews.cz\/fr\/wp-json\/wp\/v2\/posts\/43155\/revisions"}],"predecessor-version":[{"id":43157,"href":"https:\/\/gnews.cz\/fr\/wp-json\/wp\/v2\/posts\/43155\/revisions\/43157"}],"wp:featuredmedia":[{"embeddable":true,"href":"https:\/\/gnews.cz\/fr\/wp-json\/wp\/v2\/media\/43156"}],"wp:attachment":[{"href":"https:\/\/gnews.cz\/fr\/wp-json\/wp\/v2\/media?parent=43155"}],"wp:term":[{"taxonomy":"category","embeddable":true,"href":"https:\/\/gnews.cz\/fr\/wp-json\/wp\/v2\/categories?post=43155"},{"taxonomy":"post_tag","embeddable":true,"href":"https:\/\/gnews.cz\/fr\/wp-json\/wp\/v2\/tags?post=43155"}],"curies":[{"name":"wp","href":"https:\/\/api.w.org\/{rel}","templated":true}]}}