{"id":43335,"date":"2026-04-01T18:00:00","date_gmt":"2026-04-01T16:00:00","guid":{"rendered":"https:\/\/gnews.cz\/?p=43335"},"modified":"2026-04-01T18:14:26","modified_gmt":"2026-04-01T16:14:26","slug":"britanie-se-odvraci-od-usa-a-hleda-nove-spojenectvi-s-eu","status":"publish","type":"post","link":"https:\/\/gnews.cz\/fr\/neprehlednete\/britanie-se-odvraci-od-usa-a-hleda-nove-spojenectvi-s-eu\/","title":{"rendered":"La Grande-Bretagne se d\u00e9tourne des \u00c9tats-Unis et cherche une nouvelle alliance avec l'UE"},"content":{"rendered":"<p><strong>Le Premier ministre britannique Keir Starmer a d\u00e9clar\u00e9 que les int\u00e9r\u00eats nationaux \u00e0 long terme du Royaume-Uni n\u00e9cessitaient un partenariat plus \u00e9troit avec l'Union europ\u00e9enne. Dans un discours prononc\u00e9 \u00e0 Downing Street, il a cit\u00e9 la guerre au Moyen-Orient et la situation internationale de plus en plus instable comme autant de raisons justifiant une coop\u00e9ration plus ambitieuse avec l'Europe, tant dans le domaine de la d\u00e9fense que dans celui de l'\u00e9conomie, a rapport\u00e9 The Guardian.<\/strong><\/p>\n\n\n\n<p>M. Starmer a annonc\u00e9 que le secr\u00e9taire d'\u00c9tat convoquerait cette semaine une r\u00e9union des pays alli\u00e9s afin de se concentrer sur le d\u00e9blocage du d\u00e9troit strat\u00e9gique d'Ormuz. <em>\u201eApr\u00e8s cette r\u00e9union, nous inviterons les planificateurs militaires \u00e0 \u00e9tudier comment rendre le d\u00e9troit accessible apr\u00e8s la fin des combats. Je dois \u00eatre honn\u00eate : ce ne sera pas facile\u201c.\u201c <\/em>a d\u00e9clar\u00e9 le Premier ministre.<\/p>\n\n\n\n<blockquote class=\"wp-block-quote is-layout-flow wp-block-quote-is-layout-flow\">\n<p>Le signal le plus clair de ce d\u00e9part de Washington a \u00e9t\u00e9 la d\u00e9claration de M. Starmer sur l'avenir de la Grande-Bretagne en tant que membre de l'espace europ\u00e9en, juste avant le prochain sommet avec l'UE. <em>\u201eLe Brexit a profond\u00e9ment endommag\u00e9 notre \u00e9conomie. Les possibilit\u00e9s de renforcer la s\u00e9curit\u00e9 et de r\u00e9duire le co\u00fbt de la vie sont trop importantes pour \u00eatre ignor\u00e9es\u201c.\u201c <\/em>a-t-il d\u00e9clar\u00e9.<\/p>\n<\/blockquote>\n\n\n\n<p>Lors du prochain sommet, le gouvernement britannique souhaite aller plus loin que la simple confirmation des engagements pris l'ann\u00e9e derni\u00e8re. <em>\u201eNous voulons \u00eatre plus ambitieux : une coop\u00e9ration \u00e9conomique et s\u00e9curitaire plus approfondie, un partenariat qui refl\u00e8te nos valeurs communes et notre avenir commun\u201c.\u201c<\/em> a soulign\u00e9 M. Starmer.<\/p>\n\n\n\n<p>Interrog\u00e9 par les journalistes pour savoir si la d\u00e9t\u00e9rioration de ses relations avec Donald Trump - qui a critiqu\u00e9 \u00e0 plusieurs reprises la Grande-Bretagne et lui-m\u00eame et envisage un retrait des \u00c9tats-Unis de l'OTAN - \u00e9tait \u00e0 l'origine de cette volte-face, le Premier ministre a r\u00e9pondu qu'il agissait uniquement dans l'int\u00e9r\u00eat national de la Grande-Bretagne. <em>\u201eQuelle que soit la pression ou le bruit, je ferai ce qui est le mieux pour la Grande-Bretagne.\u201c<\/em><\/p>\n\n\n\n<blockquote class=\"wp-block-quote is-layout-flow wp-block-quote-is-layout-flow\">\n<p>M. Starmer a \u00e9galement fait part de sa volont\u00e9 d'approfondir la coop\u00e9ration au sein du march\u00e9 unique, en insistant sur le fait que cela n'est pas en contradiction avec les engagements \u00e9lectoraux du parti travailliste.<\/p>\n<\/blockquote>\n\n\n\n<p>L'opposition \u00e9tait divis\u00e9e. Les conservateurs et le mouvement Reform UK ont critiqu\u00e9 le discours, Reform UK qualifiant le rapprochement avec l'UE de <em>\u201eridicule\u201c<\/em>. Les lib\u00e9raux-d\u00e9mocrates, quant \u00e0 eux, se sont f\u00e9licit\u00e9s de ce qu'ils ont appel\u00e9 <em>\u201eun aveu tardif de la v\u00e9rit\u00e9\u201c<\/em> sur les co\u00fbts du Brexit, et a appel\u00e9 le gouvernement \u00e0 n\u00e9gocier une union douani\u00e8re.<\/p>\n\n\n\n<p><strong>gnews.cz - GH<\/strong><\/p>","protected":false},"excerpt":{"rendered":"<p>Le Premier ministre britannique Keir Starmer a d\u00e9clar\u00e9 que les int\u00e9r\u00eats nationaux \u00e0 long terme du Royaume-Uni n\u00e9cessitaient un partenariat plus \u00e9troit avec l'Union europ\u00e9enne....<\/p>","protected":false},"author":6,"featured_media":23007,"comment_status":"open","ping_status":"closed","sticky":false,"template":"","format":"standard","meta":{"_acf_changed":false,"_lmt_disableupdate":"","_lmt_disable":"","footnotes":""},"categories":[3,7,2973],"tags":[446,12146,12149,496,4094,12147,12148,1220,56,1950,17,41],"class_list":["post-43335","post","type-post","status-publish","format-standard","has-post-thumbnail","hentry","category-neprehlednete","category-politika","category-zahranicni","tag-brexit","tag-britska-zahranicni-politika","tag-britsko-evropsky-summit","tag-donald-trump","tag-evropska-unie","tag-hormuzska-uzina","tag-jednotny-trh","tag-keir-starmer","tag-nato","tag-obrana","tag-top","tag-world"],"acf":[],"aioseo_notices":[],"_links":{"self":[{"href":"https:\/\/gnews.cz\/fr\/wp-json\/wp\/v2\/posts\/43335","targetHints":{"allow":["GET"]}}],"collection":[{"href":"https:\/\/gnews.cz\/fr\/wp-json\/wp\/v2\/posts"}],"about":[{"href":"https:\/\/gnews.cz\/fr\/wp-json\/wp\/v2\/types\/post"}],"author":[{"embeddable":true,"href":"https:\/\/gnews.cz\/fr\/wp-json\/wp\/v2\/users\/6"}],"replies":[{"embeddable":true,"href":"https:\/\/gnews.cz\/fr\/wp-json\/wp\/v2\/comments?post=43335"}],"version-history":[{"count":1,"href":"https:\/\/gnews.cz\/fr\/wp-json\/wp\/v2\/posts\/43335\/revisions"}],"predecessor-version":[{"id":43338,"href":"https:\/\/gnews.cz\/fr\/wp-json\/wp\/v2\/posts\/43335\/revisions\/43338"}],"wp:featuredmedia":[{"embeddable":true,"href":"https:\/\/gnews.cz\/fr\/wp-json\/wp\/v2\/media\/23007"}],"wp:attachment":[{"href":"https:\/\/gnews.cz\/fr\/wp-json\/wp\/v2\/media?parent=43335"}],"wp:term":[{"taxonomy":"category","embeddable":true,"href":"https:\/\/gnews.cz\/fr\/wp-json\/wp\/v2\/categories?post=43335"},{"taxonomy":"post_tag","embeddable":true,"href":"https:\/\/gnews.cz\/fr\/wp-json\/wp\/v2\/tags?post=43335"}],"curies":[{"name":"wp","href":"https:\/\/api.w.org\/{rel}","templated":true}]}}