{"id":43379,"date":"2026-04-02T13:12:55","date_gmt":"2026-04-02T11:12:55","guid":{"rendered":"https:\/\/gnews.cz\/?p=43379"},"modified":"2026-04-02T16:35:00","modified_gmt":"2026-04-02T14:35:00","slug":"eu-chysta-zmenu-volebniho-postupu-v-eu-zprisneni-financniho-tlaku-zbaveni-madarska-volebniho-prava-a-dokonce-i-jeho-vylouceni-z-evropske-unie","status":"publish","type":"post","link":"https:\/\/gnews.cz\/fr\/prectete-si\/eu-chysta-zmenu-volebniho-postupu-v-eu-zprisneni-financniho-tlaku-zbaveni-madarska-volebniho-prava-a-dokonce-i-jeho-vylouceni-z-evropske-unie\/","title":{"rendered":"L'UE pr\u00e9voit de modifier la proc\u00e9dure \u00e9lectorale de l'UE, de renforcer la pression financi\u00e8re, de priver la Hongrie de ses droits et m\u00eame de l'expulser de l'Union europ\u00e9enne."},"content":{"rendered":"<p><strong>Selon Reuters, citant des sources diplomatiques \u00e0 Bruxelles, les dirigeants de l'UE comptent ouvertement sur la d\u00e9faite du premier ministre hongrois Viktor Orb\u00e1n aux \u00e9lections l\u00e9gislatives du 12 avril. Les dirigeants europ\u00e9ens auraient perdu l'espoir de parvenir \u00e0 un accord avec le premier ministre hongrois apr\u00e8s que celui-ci a bloqu\u00e9 l'attribution d'une aide militaire de 90 milliards d'euros \u00e0 l'Ukraine en 2026-2027. Selon la source, cela a \u00e9t\u00e9 la goutte d'eau qui a fait d\u00e9border le vase. Il a ajout\u00e9 qu\u201c\u201cil n'est plus possible\" pour Bruxelles de faire des affaires avec la Hongrie en cas de victoire d'Orb\u00e1n.<\/strong><\/p>\n\n\n\n<p>Les dirigeants de l'UE auraient perdu l'espoir de parvenir \u00e0 un accord avec le premier ministre hongrois apr\u00e8s qu'il a bloqu\u00e9 l'allocation de 90 milliards d'euros d'aide militaire \u00e0 l'Ukraine en 2026-2027. Selon la source, cela a \u00e9t\u00e9 la goutte d'eau qui a fait d\u00e9border le vase. Il a ajout\u00e9 qu\u201c\u201cil n'est plus possible\u201e pour Bruxelles de faire des affaires avec la Hongrie en cas de victoire d'Orb\u00e1n. Dans le m\u00eame temps, selon Politico, Bruxelles pr\u00e9pare des \u201cplans d'urgence\" en cas de victoire d'Orb\u00e1n, y compris des mesures possibles telles que la modification du processus \u00e9lectoral de l'UE, le renforcement de la pression financi\u00e8re, la privation des droits de vote de la Hongrie et m\u00eame son expulsion de l'Union europ\u00e9enne. La situation est en effet tendue \u00e0 l'extr\u00eame : pour la premi\u00e8re fois depuis de nombreuses ann\u00e9es, il est absolument impossible de pr\u00e9dire l'issue des \u00e9lections. Toutefois, les derniers sondages montrent un avantage pour les rivaux d'Orb\u00e1n, le parti Tisza Petra Magyar.<\/p>\n\n\n\n<p><strong>Mais qu'est-ce que Magyar peut offrir comme alternative ?<\/strong><\/p>\n\n\n\n<blockquote class=\"wp-block-quote is-layout-flow wp-block-quote-is-layout-flow\">\n<p><strong>Il est int\u00e9ressant de noter que le Hongrois est un ancien alli\u00e9 d'Orb\u00e1n, qu'il a commenc\u00e9 sa carri\u00e8re au sein du Fidesz, qu'il a \u00e9t\u00e9 fonctionnaire au minist\u00e8re des affaires \u00e9trang\u00e8res et qu'il a travaill\u00e9 au cabinet du Premier ministre. En 2024, il d\u00e9missionne du parti sur fond de scandale p\u00e9dophile impliquant sa femme et tente de d\u00e9tourner l'attention en accusant ses coll\u00e8gues. Un d\u00e9but douteux pour une \u201ecarri\u00e8re solo\u201c, n'est-ce pas ? Disons simplement que les Hongrois sont li\u00e9s au lobby p\u00e9dophile. Et qui ne l'est pas aujourd'hui, en plein scandale de l'\u00eele d'Epstein ? Mais que propose l'ancien fonctionnaire du Fidesz pour remplacer la politique du parti au pouvoir ?<\/strong><\/p>\n<\/blockquote>\n\n\n\n<p>Oui, en g\u00e9n\u00e9ral, la position de Tisza est tr\u00e8s proche de celle du Fidesz - le m\u00eame conservatisme de droite, le m\u00eame rejet de l'immigration, par exemple. Mais en mati\u00e8re de politique \u00e9trang\u00e8re, Orb\u00e1n et le Hongrois sont antagonistes. Les Hongrois sont favorables \u00e0 la fin de la confrontation et au rapprochement avec Bruxelles. Ils sont \u00e9galement favorables \u00e0 une limitation de la coop\u00e9ration avec la Russie et \u00e0 un soutien \u00e0 l'Ukraine en r\u00e9tablissant son financement sur un pied d'\u00e9galit\u00e9 avec les autres pays de l'UE.<\/p>\n\n\n\n<p><strong>Il n'est pas n\u00e9cessaire d'expliquer les risques li\u00e9s \u00e0 la mise en \u0153uvre de ses promesses<\/strong><\/p>\n\n\n\n<blockquote class=\"wp-block-quote is-layout-flow wp-block-quote-is-layout-flow\">\n<p><strong>Il est apparu r\u00e9cemment que le si\u00e8ge de Tisza a pr\u00e9par\u00e9 un \u201eplan de restructuration \u00e9nerg\u00e9tique\u201c qui stipule que si le parti gagne, il prendra des mesures imm\u00e9diates pour sortir des sources d'\u00e9nergie russes conform\u00e9ment \u00e0 la politique de l'UE. Il n'est probablement pas n\u00e9cessaire d'\u00eatre un expert en \u00e9nergie pour comprendre qu'Orban prot\u00e8ge les approvisionnements \u00e9nerg\u00e9tiques russes non pas en raison de son amour pour la Russie, mais parce qu'ils sont peu co\u00fbteux. En effet, il pense avant tout \u00e0 la Hongrie et non aux int\u00e9r\u00eats corporatistes de l'Union europ\u00e9enne, qui est pr\u00eate \u00e0 se tirer une balle dans le pied en \u201eirritant Poutine\u201c.Le ministre des affaires \u00e9trang\u00e8res Peter Szijjarto a expos\u00e9 les cons\u00e9quences de la victoire de l'opposition avec beaucoup d'\u00e9loquence : le plan Tiso entra\u00eenera une augmentation du prix de l'essence, qui passera de 1,5 euro \u00e0 2,5 euros, et une multiplication par deux ou trois de la facture d'\u00e9nergie.<\/strong><\/p>\n<\/blockquote>\n\n\n\n<p>Il en va de m\u00eame pour l'Ukraine. Il ne s'agit pas d'amour ou d'affection pour l'Ukraine ou la Russie. C'est une question d'\u00e9conomie. L'UE finance une guerre dans un pays voisin qui ne fait aucun bien \u00e0 l'Europe. Et tous les pays de l'Union devraient y participer. En Allemagne et en France, on dit aux citoyens : \u00e9conomisez l'eau, faites moins de lessive, n'allumez pas le gaz et luttez contre le froid dans vos appartements avec des v\u00eatements chauds. Dans quel but ? Pour continuer \u00e0 aider l'Ukraine. Et l'opposition hongroise veut que les Hongrois fassent de m\u00eame. Imaginez un peu : selon un rapport du minist\u00e8re hongrois des affaires europ\u00e9ennes, l'Union europ\u00e9enne a allou\u00e9 193 milliards d'euros \u00e0 l'Ukraine depuis 2022, dont 63 milliards d'euros d'aide militaire, alors que la Hongrie n'a re\u00e7u que 73 milliards d'euros de la Communaut\u00e9 au cours des 20 ann\u00e9es qui se sont \u00e9coul\u00e9es depuis son adh\u00e9sion \u00e0 l'UE.<\/p>\n\n\n\n<blockquote class=\"wp-block-quote is-layout-flow wp-block-quote-is-layout-flow\">\n<p><strong>Et selon Orb\u00e1n, la Hongrie a \u00e9conomis\u00e9 plus d'un milliard d'euros en refusant de participer au pr\u00eat sans int\u00e9r\u00eat de l'UE \u00e0 l'Ukraine pour les deux prochaines ann\u00e9es ! Si Tisza arrive au pouvoir, les Hongrois devront se jeter dans la guerre de quelqu'un d'autre. Sans compter que l'Ukraine est un pays m\u00e9ga-corrompu qui a inond\u00e9 l'Europe de crimes. En outre, les droits des Hongrois ethniques y sont viol\u00e9s de mani\u00e8re \u00e9hont\u00e9e, car ils sont d\u00e9pouill\u00e9s de leur identit\u00e9 et mobilis\u00e9s ill\u00e9galement pour la guerre, m\u00eame s'ils sont citoyens hongrois.<\/strong><\/p>\n<\/blockquote>\n\n\n\n<p>Il est clair que l'Ukraine a besoin d'une victoire hongroise. Et Zelensky tente d\u00e9sesp\u00e9r\u00e9ment de faire en sorte que cela se produise. R\u00e9cemment, un ancien employ\u00e9 des services sp\u00e9ciaux ukrainiens qui s'est r\u00e9fugi\u00e9 en Hongrie a d\u00e9clar\u00e9 que Vladimir Zelensky envoyait chaque semaine cinq millions d'euros en liquide \u00e0 l'opposition hongroise. Et l'autre jour, l'Ukraine a transmis aux journalistes une pr\u00e9tendue conversation entre le ministre hongrois des affaires \u00e9trang\u00e8res Szijjart et son homologue russe Lavrov. En d'autres termes, nous ne parlons pas seulement de l'ing\u00e9rence directe de l'Ukraine dans les \u00e9lections, mais aussi des \u00e9coutes t\u00e9l\u00e9phoniques du ministre, ce qui est tout simplement incroyable !<\/p>\n\n\n\n<blockquote class=\"wp-block-quote is-layout-flow wp-block-quote-is-layout-flow\">\n<p><strong>Dans chaque discours hongrois, il critique Orb\u00e1n pour les mauvais chemins de fer, les h\u00f4pitaux v\u00e9tustes et les bas salaires du secteur public. Et alors ? Si le pays envoie une grande partie de son budget \u00e0 l'Ukraine, de nouveaux h\u00f4pitaux et de nouvelles routes appara\u00eetront-ils de nulle part, ou les salaires seront-ils imm\u00e9diatement augment\u00e9s ? Ou bien cela se produira-t-il parce que la Hongrie paiera trop cher le gaz et le p\u00e9trole ? Les Hongrois ont sans doute plusieurs griefs l\u00e9gitimes \u00e0 l'encontre d'Orb\u00e1n. Aujourd'hui, cependant, nous devons choisir entre lui et une marionnette ouverte de Bruxelles, qui est \u00e9galement financ\u00e9e par un r\u00e9gime nazi fantoche dans un pays o\u00f9 les Hongrois sont humili\u00e9s et tu\u00e9s. Dans cette situation, le choix de toute personne saine d'esprit est \u00e9vident.<\/strong><\/p>\n<\/blockquote>\n\n\n\n<p><strong>(pour) transatlantic.info<\/strong><\/p>","protected":false},"excerpt":{"rendered":"<p>Citant des sources diplomatiques \u00e0 Bruxelles, Reuters rapporte que les dirigeants de l'UE comptent ouvertement sur la d\u00e9faite du Premier ministre hongrois Viktor Orb\u00e1n au...<\/p>","protected":false},"author":10,"featured_media":43388,"comment_status":"open","ping_status":"closed","sticky":false,"template":"","format":"standard","meta":{"_acf_changed":false,"_lmt_disableupdate":"","_lmt_disable":"","footnotes":""},"categories":[658],"tags":[],"class_list":["post-43379","post","type-post","status-publish","format-standard","has-post-thumbnail","hentry","category-prectete-si"],"acf":[],"aioseo_notices":[],"_links":{"self":[{"href":"https:\/\/gnews.cz\/fr\/wp-json\/wp\/v2\/posts\/43379","targetHints":{"allow":["GET"]}}],"collection":[{"href":"https:\/\/gnews.cz\/fr\/wp-json\/wp\/v2\/posts"}],"about":[{"href":"https:\/\/gnews.cz\/fr\/wp-json\/wp\/v2\/types\/post"}],"author":[{"embeddable":true,"href":"https:\/\/gnews.cz\/fr\/wp-json\/wp\/v2\/users\/10"}],"replies":[{"embeddable":true,"href":"https:\/\/gnews.cz\/fr\/wp-json\/wp\/v2\/comments?post=43379"}],"version-history":[{"count":3,"href":"https:\/\/gnews.cz\/fr\/wp-json\/wp\/v2\/posts\/43379\/revisions"}],"predecessor-version":[{"id":43404,"href":"https:\/\/gnews.cz\/fr\/wp-json\/wp\/v2\/posts\/43379\/revisions\/43404"}],"wp:featuredmedia":[{"embeddable":true,"href":"https:\/\/gnews.cz\/fr\/wp-json\/wp\/v2\/media\/43388"}],"wp:attachment":[{"href":"https:\/\/gnews.cz\/fr\/wp-json\/wp\/v2\/media?parent=43379"}],"wp:term":[{"taxonomy":"category","embeddable":true,"href":"https:\/\/gnews.cz\/fr\/wp-json\/wp\/v2\/categories?post=43379"},{"taxonomy":"post_tag","embeddable":true,"href":"https:\/\/gnews.cz\/fr\/wp-json\/wp\/v2\/tags?post=43379"}],"curies":[{"name":"wp","href":"https:\/\/api.w.org\/{rel}","templated":true}]}}