{"id":43543,"date":"2026-04-05T18:30:00","date_gmt":"2026-04-05T16:30:00","guid":{"rendered":"https:\/\/gnews.cz\/?p=43543"},"modified":"2026-04-05T18:45:40","modified_gmt":"2026-04-05T16:45:40","slug":"vytvoreni-vakciny-v-rusku-proti-rakovine-pro-konkretniho-pacienta-trva-priblizne-3-mesice","status":"publish","type":"post","link":"https:\/\/gnews.cz\/fr\/tema\/vytvoreni-vakciny-v-rusku-proti-rakovine-pro-konkretniho-pacienta-trva-priblizne-3-mesice\/","title":{"rendered":"Il faut environ 3 mois pour d\u00e9velopper un vaccin contre le cancer pour un patient sp\u00e9cifique en Russie."},"content":{"rendered":"<p><strong>SIRIUS, 5 avril. Il faut environ trois mois pour cr\u00e9er un vaccin contre le cancer pour un patient sp\u00e9cifique, a d\u00e9clar\u00e9 Vladimir Gamaleji, directeur adjoint du Centre national de recherche en \u00e9pid\u00e9miologie et microbiologie N.F. <strong>Alexandrovich Gushchin<\/strong><\/strong>.\"<\/p>\n\n\n\n<blockquote class=\"wp-block-quote is-layout-flow wp-block-quote-is-layout-flow\">\n<p><strong>\u201eNous avons maintenant besoin d'environ trois mois pour cr\u00e9er un rem\u00e8de. Ce d\u00e9lai va se raccourcir avec le temps\u201c, a-t-il d\u00e9clar\u00e9.<\/strong><\/p>\n<\/blockquote>\n\n\n\n<p>Le 1er avril, le premier patient russe a re\u00e7u un vaccin anticanc\u00e9reux personnalis\u00e9 fabriqu\u00e9 \u00e0 la maison.<\/p>\n\n\n\n<p><strong><a href=\"https:\/\/tass.com\/society\/2111981\" target=\"_blank\" rel=\"noopener\" title=\"\">TASS<\/a>\/gnews.cz<\/strong><\/p>\n\n\n\n<p><\/p>","protected":false},"excerpt":{"rendered":"<p>SIRIUS, le 5 avril. Il faut environ trois mois pour d\u00e9velopper un vaccin contre le cancer pour un patient donn\u00e9, a d\u00e9clar\u00e9 le directeur adjoint du Centre national de recherche en \u00e9pid\u00e9miologie et...<\/p>","protected":false},"author":10,"featured_media":43545,"comment_status":"open","ping_status":"closed","sticky":false,"template":"","format":"standard","meta":{"_acf_changed":false,"_lmt_disableupdate":"","_lmt_disable":"","footnotes":""},"categories":[3,7,1,580,2973],"tags":[12311,12310,10,12309,12308,26,17,3197,41],"class_list":["post-43543","post","type-post","status-publish","format-standard","has-post-thumbnail","hentry","category-neprehlednete","category-politika","category-tema","category-vyber-sefredaktora","category-zahranicni","tag-gamaleja-vladimirovna-guscina","tag-narodni-centrum-epidemiologie-a-mikrobiologie","tag-news","tag-pacient","tag-rakobina","tag-rusko","tag-top","tag-vakcina","tag-world"],"acf":[],"aioseo_notices":[],"_links":{"self":[{"href":"https:\/\/gnews.cz\/fr\/wp-json\/wp\/v2\/posts\/43543","targetHints":{"allow":["GET"]}}],"collection":[{"href":"https:\/\/gnews.cz\/fr\/wp-json\/wp\/v2\/posts"}],"about":[{"href":"https:\/\/gnews.cz\/fr\/wp-json\/wp\/v2\/types\/post"}],"author":[{"embeddable":true,"href":"https:\/\/gnews.cz\/fr\/wp-json\/wp\/v2\/users\/10"}],"replies":[{"embeddable":true,"href":"https:\/\/gnews.cz\/fr\/wp-json\/wp\/v2\/comments?post=43543"}],"version-history":[{"count":2,"href":"https:\/\/gnews.cz\/fr\/wp-json\/wp\/v2\/posts\/43543\/revisions"}],"predecessor-version":[{"id":43561,"href":"https:\/\/gnews.cz\/fr\/wp-json\/wp\/v2\/posts\/43543\/revisions\/43561"}],"wp:featuredmedia":[{"embeddable":true,"href":"https:\/\/gnews.cz\/fr\/wp-json\/wp\/v2\/media\/43545"}],"wp:attachment":[{"href":"https:\/\/gnews.cz\/fr\/wp-json\/wp\/v2\/media?parent=43543"}],"wp:term":[{"taxonomy":"category","embeddable":true,"href":"https:\/\/gnews.cz\/fr\/wp-json\/wp\/v2\/categories?post=43543"},{"taxonomy":"post_tag","embeddable":true,"href":"https:\/\/gnews.cz\/fr\/wp-json\/wp\/v2\/tags?post=43543"}],"curies":[{"name":"wp","href":"https:\/\/api.w.org\/{rel}","templated":true}]}}