{"id":43565,"date":"2026-04-06T15:00:00","date_gmt":"2026-04-06T13:00:00","guid":{"rendered":"https:\/\/gnews.cz\/?p=43565"},"modified":"2026-04-06T09:52:59","modified_gmt":"2026-04-06T07:52:59","slug":"nemecka-armada-si-zacina-hlidat-muze-delsi-pobyt-v-cizine-bude-jen-na-povoleni","status":"publish","type":"post","link":"https:\/\/gnews.cz\/fr\/tema\/nemecka-armada-si-zacina-hlidat-muze-delsi-pobyt-v-cizine-bude-jen-na-povoleni\/","title":{"rendered":"L'arm\u00e9e allemande commence \u00e0 surveiller les hommes. Les s\u00e9jours prolong\u00e9s \u00e0 l'\u00e9tranger sont soumis \u00e0 autorisation."},"content":{"rendered":"<p><strong>BERLIN - Les Allemands \u00e2g\u00e9s de 17 \u00e0 45 ans doivent d\u00e9sormais demander une autorisation aux autorit\u00e9s s'ils souhaitent s\u00e9journer \u00e0 l'\u00e9tranger pendant une p\u00e9riode plus longue. Cette mesure fait suite aux changements introduits par la loi sur la modernisation du service militaire, qui est entr\u00e9e en vigueur le 1er janvier et introduit notamment une forme de service militaire volontaire. C'est ce qu'a soulign\u00e9 la BBC.<\/strong><\/p>\n\n\n\n<p>L'objectif de ces mesures est de renforcer les d\u00e9fenses du pays en r\u00e9ponse aux menaces de s\u00e9curit\u00e9 li\u00e9es \u00e0 l'invasion de l'Ukraine par la Russie. Un porte-parole du minist\u00e8re de la d\u00e9fense a d\u00e9clar\u00e9 \u00e0 la BBC que les hommes \u00e2g\u00e9s de 17 ans et plus doivent d\u00e9sormais demander une autorisation de s\u00e9jour \u00e0 l'\u00e9tranger s'ils souhaitent voyager pendant plus de trois mois. En vertu de la loi actuelle, les autorit\u00e9s devraient normalement approuver les demandes. Toutefois, on ne sait pas encore comment la r\u00e8gle sera appliqu\u00e9e si elle est enfreinte. Un porte-parole du minist\u00e8re de la d\u00e9fense a d\u00e9clar\u00e9 que cette r\u00e9glementation visait \u00e0 garantir un syst\u00e8me d'enregistrement militaire fiable et pertinent, car il est important de savoir qui peut s\u00e9journer \u00e0 l'\u00e9tranger pendant une p\u00e9riode plus longue en cas d'urgence. <\/p>\n\n\n\n<p>Le minist\u00e8re a \u00e9galement reconnu que la mesure pourrait avoir des effets consid\u00e9rables sur les jeunes et a d\u00e9clar\u00e9 que les r\u00e8gles d'exemption \u00e9taient en cours d'\u00e9laboration afin d'\u00e9viter toute bureaucratie inutile. La base juridique de cette obligation est la loi allemande sur la conscription de 1956, qui a \u00e9t\u00e9 modifi\u00e9e \u00e0 plusieurs reprises, la derni\u00e8re fois en d\u00e9cembre dernier. Avant la derni\u00e8re modification, l'obligation de signaler les s\u00e9jours prolong\u00e9s \u00e0 l'\u00e9tranger ne s'appliquait qu'aux p\u00e9riodes o\u00f9 l'Allemagne \u00e9tait en \u00e9tat d'alerte ou de mobilisation. Selon un fonctionnaire du minist\u00e8re de la d\u00e9fense, une disposition similaire existait pendant la guerre froide mais n'\u00e9tait pas appliqu\u00e9e dans la pratique.<\/p>\n\n\n\n<h3 class=\"wp-block-heading\" id=\"--zeme-chce-vice-aktivnich-vojaku\">Le pays veut plus de soldats actifs<\/h3>\n\n\n\n<p>La loi sur la modernisation du service militaire pr\u00e9voit \u00e9galement un plan visant \u00e0 augmenter le nombre de soldats actifs \u00e0 260 000 d'ici 2035, contre environ 180 000 aujourd'hui. Le Parlement a \u00e9galement approuv\u00e9 en d\u00e9cembre l'introduction du service militaire volontaire, ce qui signifie que tous les jeunes de 18 ans recevront un questionnaire leur demandant s'ils sont int\u00e9ress\u00e9s par un engagement dans l'arm\u00e9e. \u00c0 partir de juillet 2027, les hommes devront \u00e9galement passer un test d'aptitude physique afin d'\u00e9valuer s'ils sont aptes \u00e0 servir en cas de guerre. Les femmes peuvent se porter volontaires pour servir dans l'arm\u00e9e. En vertu de la constitution allemande, elles ne peuvent pas \u00eatre forc\u00e9es \u00e0 servir dans l'arm\u00e9e.<\/p>\n\n\n\n<p>Bien que le plan soit bas\u00e9 sur le volontariat, une forme de service militaire obligatoire pourrait \u00eatre envisag\u00e9e en cas de d\u00e9t\u00e9rioration de la situation s\u00e9curitaire ou de p\u00e9nurie de volontaires. Lorsque la loi a \u00e9t\u00e9 adopt\u00e9e par le parlement, de nombreux jeunes se sont joints aux manifestations contre les changements. Comme d'autres pays europ\u00e9ens, l'Allemagne a r\u00e9duit ses forces arm\u00e9es dans les paisibles ann\u00e9es 1990. \u00c0 l'\u00e9poque de la guerre froide, l'arm\u00e9e allemande comptait pr\u00e8s d'un demi-million de soldats. Le service militaire obligatoire en Allemagne a \u00e9t\u00e9 aboli en 2011, sous la direction de la chanceli\u00e8re Angela Merkel.<\/p>\n\n\n\n<p><strong><a href=\"https:\/\/www.idnes.cz\/zpravy\/zahranicni\/nemecti-muzi-do-45-let-nutny-souhlas-pobyt-zahranici.A260405_155429_zahranicni_ikul\">idnes.cz<\/a>\/gnews.cz<\/strong><\/p>","protected":false},"excerpt":{"rendered":"<p>BERLIN - Les Allemands \u00e2g\u00e9s de 17 \u00e0 45 ans doivent d\u00e9sormais demander une autorisation aux autorit\u00e9s s'ils veulent rester plus longtemps...<\/p>","protected":false},"author":10,"featured_media":43569,"comment_status":"open","ping_status":"closed","sticky":false,"template":"","format":"standard","meta":{"_acf_changed":false,"_lmt_disableupdate":"","_lmt_disable":"","footnotes":""},"categories":[7,658,1,2973],"tags":[12362,2909,1836,717,46,78,2480,2929,173,1184,10,12361,17,29,12359,12358,41,12360],"class_list":["post-43565","post","type-post","status-publish","format-standard","has-post-thumbnail","hentry","category-politika","category-prectete-si","category-tema","category-zahranicni","tag-aktivni-vojaci","tag-angela-merkelova","tag-bbc","tag-berlin","tag-eu","tag-evropa","tag-ministerstvo-obrany","tag-mladi-lide","tag-nemecko","tag-nemecky-kancler","tag-news","tag-obranyschopnost-zeme","tag-top","tag-ukrajina","tag-vojenska-evidence","tag-vojenska-sluzba","tag-world","tag-zakon-o-modernizaci-vojenske-sluzby"],"acf":[],"aioseo_notices":[],"_links":{"self":[{"href":"https:\/\/gnews.cz\/fr\/wp-json\/wp\/v2\/posts\/43565","targetHints":{"allow":["GET"]}}],"collection":[{"href":"https:\/\/gnews.cz\/fr\/wp-json\/wp\/v2\/posts"}],"about":[{"href":"https:\/\/gnews.cz\/fr\/wp-json\/wp\/v2\/types\/post"}],"author":[{"embeddable":true,"href":"https:\/\/gnews.cz\/fr\/wp-json\/wp\/v2\/users\/10"}],"replies":[{"embeddable":true,"href":"https:\/\/gnews.cz\/fr\/wp-json\/wp\/v2\/comments?post=43565"}],"version-history":[{"count":1,"href":"https:\/\/gnews.cz\/fr\/wp-json\/wp\/v2\/posts\/43565\/revisions"}],"predecessor-version":[{"id":43570,"href":"https:\/\/gnews.cz\/fr\/wp-json\/wp\/v2\/posts\/43565\/revisions\/43570"}],"wp:featuredmedia":[{"embeddable":true,"href":"https:\/\/gnews.cz\/fr\/wp-json\/wp\/v2\/media\/43569"}],"wp:attachment":[{"href":"https:\/\/gnews.cz\/fr\/wp-json\/wp\/v2\/media?parent=43565"}],"wp:term":[{"taxonomy":"category","embeddable":true,"href":"https:\/\/gnews.cz\/fr\/wp-json\/wp\/v2\/categories?post=43565"},{"taxonomy":"post_tag","embeddable":true,"href":"https:\/\/gnews.cz\/fr\/wp-json\/wp\/v2\/tags?post=43565"}],"curies":[{"name":"wp","href":"https:\/\/api.w.org\/{rel}","templated":true}]}}