{"id":43566,"date":"2026-04-06T09:35:55","date_gmt":"2026-04-06T07:35:55","guid":{"rendered":"https:\/\/gnews.cz\/?p=43566"},"modified":"2026-04-06T09:35:58","modified_gmt":"2026-04-06T07:35:58","slug":"velikonocni-pondeli-v-cesku-tradice-pomlazky-slabne-svatky-jara-se-meni","status":"publish","type":"post","link":"https:\/\/gnews.cz\/fr\/kultura\/velikonocni-pondeli-v-cesku-tradice-pomlazky-slabne-svatky-jara-se-meni\/","title":{"rendered":"Lundi de P\u00e2ques en R\u00e9publique tch\u00e8que : la tradition de la pomlazka s'estompe, les vacances de printemps changent"},"content":{"rendered":"<p><strong>Le lundi de P\u00e2ques de cette ann\u00e9e en R\u00e9publique tch\u00e8que rappelle une fois de plus \u00e0 quel point les f\u00eates de printemps sont ancr\u00e9es dans la tradition, mais il montre aussi que leur forme change progressivement. Alors qu'il s'agissait autrefois de l'une des coutumes populaires les plus vivantes de l'ann\u00e9e, aujourd'hui, une partie plus r\u00e9duite de la soci\u00e9t\u00e9 participe activement \u00e0 la chasse aux bonbons. Pour beaucoup, cette journ\u00e9e marque surtout la fin symbolique de P\u00e2ques et le dernier jour du long week-end.<\/strong><\/p>\n\n\n\n<p>Les origines du lundi de P\u00e2ques remontent \u00e0 des id\u00e9es anciennes sur le renouvellement de la vie et le pouvoir de la nature. La tradition du pomlazek, tress\u00e9 \u00e0 partir de jeunes rameaux de saule, \u00e9tait cens\u00e9e \u201erajeunir\u201c, c'est-\u00e0-dire transmettre fra\u00eecheur, sant\u00e9 et \u00e9nergie. Le fait de verser de l'eau avait une signification similaire, qui a surv\u00e9cu jusqu'\u00e0 aujourd'hui, en particulier en Moravie. On croyait que la s\u00e8ve jeune des rameaux de saule ou l'eau fra\u00eeche pouvaient symboliquement transmettre la force vitale \u00e0 une personne.<\/p>\n\n\n\n<p>Le fouet lui-m\u00eame, appel\u00e9 selon les r\u00e9gions, par exemple mrska\u010dka, tartare ou karab\u00e1\u010d, \u00e9tait cens\u00e9 apporter aux femmes beaut\u00e9, vitalit\u00e9 et bonne humeur tout au long de l'ann\u00e9e. En retour, les chanteuses de chants de No\u00ebl recevaient traditionnellement des \u0153ufs de P\u00e2ques, des rubans pour le pommeau, des sucreries et, pour les adultes, un verre d'alcool. Les \u0153ufs peints restent l'un des symboles les plus significatifs de P\u00e2ques et sont encore peints dans la plupart des foyers aujourd'hui.<\/p>\n\n\n\n<p>Pourtant, il semble que certaines habitudes disparaissent peu \u00e0 peu. Selon des enqu\u00eates r\u00e9centes, de moins en moins de personnes tricotent leur propre poml\u00e1z et la tradition de la chasse aux bonbons n'est plus aussi r\u00e9pandue qu'auparavant. En revanche, d'autres activit\u00e9s li\u00e9es \u00e0 P\u00e2ques persistent, comme la cuisson de la mazanka ou de l'agneau, la d\u00e9coration des maisons et les r\u00e9unions de famille. Pour de nombreuses personnes, P\u00e2ques est l'occasion de se d\u00e9tendre et de passer du temps avec leurs proches, plut\u00f4t que d'observer strictement les coutumes.<\/p>\n\n\n\n<p>Mais le lundi de P\u00e2ques n'est pas seulement une question de traditions \u00e0 la maison. Des \u00e9v\u00e9nements th\u00e9matiques, des foires et des visites sp\u00e9ciales de monuments historiques et de mus\u00e9es en plein air sont organis\u00e9s dans tout le pays, o\u00f9 les visiteurs peuvent se rem\u00e9morer la mani\u00e8re dont la f\u00eate \u00e9tait c\u00e9l\u00e9br\u00e9e dans le pass\u00e9. Certaines localit\u00e9s organisent \u00e9galement des \u00e9v\u00e9nements folkloriques uniques, tels que des circumambulations ou des festivals r\u00e9gionaux auxquels participent les jeunes et les communaut\u00e9s locales.<\/p>\n\n\n\n<blockquote class=\"wp-block-quote is-layout-flow wp-block-quote-is-layout-flow\">\n<p>Avec la fin du lundi de P\u00e2ques, la courte saison des vacances touche \u00e9galement \u00e0 sa fin. Les \u00e9coliers terminent leurs vacances de P\u00e2ques et de nombreuses personnes rentrent de leur chalet ou de leur visite pour reprendre leur routine normale. Ce retour s'accompagne d'une augmentation traditionnelle du trafic routier, qui fait l'objet d'une surveillance polici\u00e8re chaque ann\u00e9e.<\/p>\n<\/blockquote>\n\n\n\n<p>Toutefois, \u00e0 c\u00f4t\u00e9 de la tradition, des voix critiques se font de plus en plus entendre. La coutume du fouet avec un pompon est controvers\u00e9e par une partie de la soci\u00e9t\u00e9 et certains la consid\u00e8rent comme d\u00e9pass\u00e9e ou inappropri\u00e9e, surtout si elle n'est pas per\u00e7ue comme symbolique et volontaire. Les discussions sur la mani\u00e8re d'adapter ces traditions aux valeurs contemporaines reviennent donc r\u00e9guli\u00e8rement.<\/p>\n\n\n\n<p>Aujourd'hui, le lundi de P\u00e2ques se situe \u00e0 la fronti\u00e8re entre le pass\u00e9 et le pr\u00e9sent. Pour certains, il reste une tradition vivante et populaire, pour d'autres, il s'agit plut\u00f4t d'un rappel de coutumes anciennes. Quoi qu'il en soit, il continue de remplir son r\u00f4le : il cl\u00f4t symboliquement les vacances de P\u00e2ques et marque l'arriv\u00e9e du printemps, du renouveau et d'un nouveau d\u00e9part.<\/p>\n\n\n\n<p><strong>gnews.cz - GH<\/strong><\/p>","protected":false},"excerpt":{"rendered":"<p>Le lundi de P\u00e2ques en R\u00e9publique tch\u00e8que rappelle une fois de plus \u00e0 quel point les f\u00eates de printemps sont ancr\u00e9es dans la tradition, mais il montre aussi comment leur forme...<\/p>","protected":false},"author":6,"featured_media":43567,"comment_status":"open","ping_status":"closed","sticky":false,"template":"","format":"standard","meta":{"_acf_changed":false,"_lmt_disableupdate":"","_lmt_disable":"","footnotes":""},"categories":[2968,6],"tags":[12340,12339,12335,12336,546,17,12338,12347,12334,12337,12341,41],"class_list":["post-43566","post","type-post","status-publish","format-standard","has-post-thumbnail","hentry","category-domaci","category-kultura","tag-ceske-zvyky","tag-koledovani","tag-kraslice","tag-pomlazka","tag-svatky-jara","tag-top","tag-velikonoce-cesko","tag-velikonocni-kontroverze","tag-velikonocni-pondeli","tag-velikonocni-prazdniny","tag-velikonocni-tradice","tag-world"],"acf":[],"aioseo_notices":[],"_links":{"self":[{"href":"https:\/\/gnews.cz\/fr\/wp-json\/wp\/v2\/posts\/43566","targetHints":{"allow":["GET"]}}],"collection":[{"href":"https:\/\/gnews.cz\/fr\/wp-json\/wp\/v2\/posts"}],"about":[{"href":"https:\/\/gnews.cz\/fr\/wp-json\/wp\/v2\/types\/post"}],"author":[{"embeddable":true,"href":"https:\/\/gnews.cz\/fr\/wp-json\/wp\/v2\/users\/6"}],"replies":[{"embeddable":true,"href":"https:\/\/gnews.cz\/fr\/wp-json\/wp\/v2\/comments?post=43566"}],"version-history":[{"count":1,"href":"https:\/\/gnews.cz\/fr\/wp-json\/wp\/v2\/posts\/43566\/revisions"}],"predecessor-version":[{"id":43568,"href":"https:\/\/gnews.cz\/fr\/wp-json\/wp\/v2\/posts\/43566\/revisions\/43568"}],"wp:featuredmedia":[{"embeddable":true,"href":"https:\/\/gnews.cz\/fr\/wp-json\/wp\/v2\/media\/43567"}],"wp:attachment":[{"href":"https:\/\/gnews.cz\/fr\/wp-json\/wp\/v2\/media?parent=43566"}],"wp:term":[{"taxonomy":"category","embeddable":true,"href":"https:\/\/gnews.cz\/fr\/wp-json\/wp\/v2\/categories?post=43566"},{"taxonomy":"post_tag","embeddable":true,"href":"https:\/\/gnews.cz\/fr\/wp-json\/wp\/v2\/tags?post=43566"}],"curies":[{"name":"wp","href":"https:\/\/api.w.org\/{rel}","templated":true}]}}