{"id":43613,"date":"2026-04-07T18:00:00","date_gmt":"2026-04-07T16:00:00","guid":{"rendered":"https:\/\/gnews.cz\/?p=43613"},"modified":"2026-04-07T13:45:00","modified_gmt":"2026-04-07T11:45:00","slug":"pakistan-se-stava-prostrednikem-v-konfliktu-mezi-usa-izraelem-a-iranem","status":"publish","type":"post","link":"https:\/\/gnews.cz\/fr\/neprehlednete\/pakistan-se-stava-prostrednikem-v-konfliktu-mezi-usa-izraelem-a-iranem\/","title":{"rendered":"Le Pakistan devient un m\u00e9diateur dans le conflit entre les \u00c9tats-Unis, Isra\u00ebl et l'Iran"},"content":{"rendered":"<p><strong>Le lancement du Club de la presse sino-sud-africaine \u00e0 Pretoria le 2 avril n'aurait pas pu avoir lieu \u00e0 un moment plus opportun. L'\u00e9v\u00e9nement a d\u00e9but\u00e9 sur une note diplomatique forte lorsque l'ambassadeur chinois en Afrique du Sud, Wu Peng, a pr\u00e9sent\u00e9 l'initiative de paix en cinq points entre la Chine et le Pakistan. Pour les journalistes et les professionnels des m\u00e9dias pr\u00e9sents, il ne s'agissait pas seulement d'une s\u00e9ance d'information, mais aussi d'un moment de confrontation avec la r\u00e9alit\u00e9 dans le contexte du conflit explosif de longue date entre Isra\u00ebl, l'Iran et les \u00c9tats-Unis, qui n'a cess\u00e9 de s'intensifier et de remodeler les tensions mondiales. Dans ce contexte d'escalade, l'initiative a pr\u00e9sent\u00e9 un cadre politique tout en signalant l'\u00e9mergence d'un leadership diplomatique alternatif \u00e0 un moment o\u00f9 les m\u00e9canismes traditionnels \u00e9chouent.<\/strong><\/p>\n\n\n\n<p>L'initiative conjointe en cinq points promue par le ministre chinois des affaires \u00e9trang\u00e8res <strong>Wang Yi <\/strong>et le vice-premier ministre et ministre des affaires \u00e9trang\u00e8res du Pakistan <strong>Ishaq Dar<\/strong>, \u00e0 premi\u00e8re vue, ressemble \u00e0 une intervention diplomatique \u00e9quilibr\u00e9e visant \u00e0 ramener l'escalade de la crise dans le cadre du droit international, du multilat\u00e9ralisme et de la retenue. Sous ce langage soigneusement formul\u00e9 se cache toutefois un avertissement clair : la r\u00e9gion du Golfe et le Moyen-Orient au sens large sont une fois de plus au bord d'une d\u00e9stabilisation syst\u00e9mique, due davantage \u00e0 des erreurs politiques, \u00e0 une rigidit\u00e9 id\u00e9ologique et \u00e0 des alliances divis\u00e9es qu'\u00e0 une fatalit\u00e9.<\/p>\n\n\n\n<p><strong>Une r\u00e9gion au bord du gouffre<\/strong><\/p>\n\n\n\n<p>L'escalade entre Isra\u00ebl, l'Iran et l'implication des \u00c9tats-Unis refl\u00e8te une crise structurelle plus profonde de la gouvernance mondiale. L'accent mis par l'initiative sur la \u201ecessation imm\u00e9diate des hostilit\u00e9s\u201c et l'adh\u00e9sion aux principes de l'ONU est une critique implicite d'un ordre mondial qui est de moins en moins capable de limiter les actions militaires unilat\u00e9rales.<\/p>\n\n\n\n<p>L'attaque contre l'Iran, non provoqu\u00e9e et ill\u00e9gale, cr\u00e9e un dangereux pr\u00e9c\u00e9dent qui viole les normes de souverainet\u00e9 en vigueur depuis la fin de la Seconde Guerre mondiale. La normalisation des attaques pr\u00e9ventives ou id\u00e9ologiquement justifi\u00e9es menace de transformer la r\u00e9gion en un champ de bataille permanent o\u00f9 la dissuasion c\u00e8de la place \u00e0 l'escalade.<\/p>\n\n\n\n<p><strong>Le r\u00f4le inattendu du Pakistan<\/strong><\/p>\n\n\n\n<p>Dans ce contexte, le Pakistan se profile comme un m\u00e9diateur dot\u00e9 d'une position unique. Sa proximit\u00e9 g\u00e9ographique avec l'Iran, ses liens \u00e9troits avec les \u00c9tats du Golfe et sa relation de longue date, quoique complexe, avec les \u00c9tats-Unis lui conf\u00e8rent une port\u00e9e diplomatique extraordinaire. Avec son partenariat strat\u00e9gique avec la Chine, notamment dans le cadre de l'initiative \"la Ceinture et la Route\", le Pakistan est pris entre des blocs g\u00e9opolitiques concurrents.<\/p>\n\n\n\n<p>Toutefois, cette position est une arme \u00e0 double tranchant. La cr\u00e9dibilit\u00e9 du Pakistan en tant que m\u00e9diateur d\u00e9pend de sa capacit\u00e9 \u00e0 surmonter les perceptions de partialit\u00e9, notamment en raison de sa coop\u00e9ration historique avec Washington en mati\u00e8re de s\u00e9curit\u00e9 et de sa d\u00e9pendance \u00e9conomique \u00e0 l'\u00e9gard de P\u00e9kin. L'initiative en cinq points sugg\u00e8re un effort pour forger une nouvelle identit\u00e9 diplomatique bas\u00e9e sur la m\u00e9diation et non sur la partisanerie.<\/p>\n\n\n\n<p>Dans le m\u00eame temps, cette situation offre au Pakistan une rare opportunit\u00e9 d'ajuster sa trajectoire interne. Un r\u00f4le actif sur la sc\u00e8ne internationale peut renforcer la confiance des investisseurs, promouvoir le commerce r\u00e9gional et acc\u00e9l\u00e9rer le d\u00e9veloppement des infrastructures. Sur le plan politique, il permet \u00e0 Islamabad de pr\u00e9senter la stabilit\u00e9 et de renforcer la l\u00e9gitimit\u00e9 des institutions. Si cette opportunit\u00e9 est saisie, le Pakistan peut passer d'un \u00e9tat r\u00e9actif \u00e0 un acteur actif dans les affaires mondiales.<\/p>\n\n\n\n<p><strong>La d\u00e9sint\u00e9gration de l'unit\u00e9 arabe<\/strong><\/p>\n\n\n\n<p>Le changement d'attitude des \u00c9tats du Golfe est \u00e9galement significatif. La position relativement unie qui pr\u00e9valait auparavant, notamment en ce qui concerne la question palestinienne, est en train de s'effriter. Les accords de normalisation avec Isra\u00ebl, la coop\u00e9ration en mati\u00e8re de s\u00e9curit\u00e9 et les strat\u00e9gies \u00e9conomiques t\u00e9moignent d'une rupture pragmatique mais controvers\u00e9e avec la solidarit\u00e9 id\u00e9ologique.<\/p>\n\n\n\n<p>Cette fragmentation affaiblit la capacit\u00e9 de d\u00e9sescalade collective et ouvre un espace \u00e0 l'influence des puissances ext\u00e9rieures. Dans le m\u00eame temps, elle menace de l\u00e9gitimer un ordre de s\u00e9curit\u00e9 qui privil\u00e9gie la stabilit\u00e9 des r\u00e9gimes au d\u00e9triment de la justice r\u00e9gionale.<\/p>\n\n\n\n<p><strong>La strat\u00e9gie d'Isra\u00ebl et ses cons\u00e9quences<\/strong><\/p>\n\n\n\n<p>La strat\u00e9gie actuelle d'Isra\u00ebl a des cons\u00e9quences importantes et potentiellement contre-productives. Une politique fond\u00e9e sur des actions militaires pr\u00e9ventives et une notion de s\u00e9curit\u00e9 stricte approfondit le cycle de la confrontation au lieu de le r\u00e9soudre. Ce qui est pr\u00e9sent\u00e9 comme une n\u00e9cessit\u00e9 peut devenir un exc\u00e8s strat\u00e9gique qui affaiblit la l\u00e9gitimit\u00e9 internationale et accro\u00eet l'isolement.<\/p>\n\n\n\n<p>Les r\u00e9cits qui justifient la d\u00e9stabilisation de la r\u00e9gion par l'ins\u00e9curit\u00e9 existentielle d'Isra\u00ebl posent \u00e9galement probl\u00e8me. Une telle approche est non seulement illogique, mais aussi dangereusement escaladatrice. Un ordre r\u00e9gional stable ne peut \u00eatre construit sur le principe d'une ins\u00e9curit\u00e9 partag\u00e9e, mais plut\u00f4t sur la reconnaissance mutuelle et l'\u00e9quilibre.<\/p>\n\n\n\n<p><strong>Une course vers le bas ?<\/strong><\/p>\n\n\n\n<p>Les appels au dialogue, \u00e0 la protection des infrastructures civiles et \u00e0 la s\u00e9curit\u00e9 des voies maritimes, en particulier dans le d\u00e9troit d'Ormuz, d\u00e9montrent l'importance mondiale du conflit. L'interruption de ce corridor pourrait provoquer des bouleversements \u00e9conomiques bien au-del\u00e0 des fronti\u00e8res de la r\u00e9gion.<\/p>\n\n\n\n<p>Toutefois, la question reste de savoir si ces propositions sont suffisantes pour emp\u00eacher la situation de se d\u00e9t\u00e9riorer davantage.<\/p>\n\n\n\n<p>Le succ\u00e8s de la diplomatie passe par la volont\u00e9 politique, notamment :<\/p>\n\n\n\n<p>- une r\u00e9\u00e9valuation de la politique am\u00e9ricaine qui s'\u00e9loigne du soutien \u00e0 l'action unilat\u00e9rale<br>- R\u00e9tablir le r\u00f4le collectif des \u00c9tats arabes<br>- La volont\u00e9 d'Isra\u00ebl de repenser sa strat\u00e9gie en faveur d'une coexistence \u00e0 long terme<br>- et la reconnaissance du fait que la s\u00e9curit\u00e9 ne peut \u00eatre assur\u00e9e par une confrontation soutenue<\/p>\n\n\n\n<p><strong>Entre d\u00e9sespoir et possibilit\u00e9<\/strong><\/p>\n\n\n\n<p>L'initiative Chine-Pakistan n'est pas une solution en soi, mais un cadre de d\u00e9part. Son importance r\u00e9side principalement dans le fait qu'elle montre l'\u00e9mergence de nouvelles voix diplomatiques dans un monde qui n'est plus domin\u00e9 par une seule puissance h\u00e9g\u00e9monique.<\/p>\n\n\n\n<p>Les d\u00e9veloppements futurs d\u00e9pendront des d\u00e9cisions prises dans les semaines \u00e0 venir. Des attitudes bien ancr\u00e9es et des certitudes id\u00e9ologiques menacent de l'emporter sur la pens\u00e9e rationnelle et de conduire \u00e0 une fragmentation plus profonde de la r\u00e9gion.<\/p>\n\n\n\n<p>Mais il existe encore une voie \u00e9troite o\u00f9 le multilat\u00e9ralisme n'est pas seulement d\u00e9clar\u00e9 mais r\u00e9ellement pratiqu\u00e9, o\u00f9 la diplomatie remplace la militarisation et o\u00f9 les le\u00e7ons de l'histoire sont prises au s\u00e9rieux.<\/p>\n\n\n\n<p>L'alternative n'est pas seulement la poursuite du conflit, mais la normalisation du chaos.<\/p>\n\n\n\n<p><strong>Kirtan Bhana<\/strong> a <strong>Anisha Pemjee<\/strong><\/p>\n\n\n\n<p><strong><a href=\"https:\/\/www.thediplomaticsociety.co.za\/5586-pakistan-emerges-as-a-mediator-in-the-us-israel-iran-conflict\" title=\"\">La soci\u00e9t\u00e9 diplomatique<\/a>\/gnews.cz - GH<\/strong><\/p>","protected":false},"excerpt":{"rendered":"<p>Le lancement du Club de la presse sino-sud-africaine \u00e0 Pretoria, le 2 avril, n'aurait pu avoir lieu \u00e0 un moment plus opportun. L'\u00e9v\u00e9nement a d\u00e9but\u00e9 sur une note diplomatique forte lorsque l'ambassadeur de Chine...<\/p>","protected":false},"author":6,"featured_media":43614,"comment_status":"open","ping_status":"closed","sticky":false,"template":"","format":"standard","meta":{"_acf_changed":false,"_lmt_disableupdate":"","_lmt_disable":"","footnotes":""},"categories":[3,7,2973],"tags":[680,1264,22,1523,2085,2464,760,12434,49,2252,5092,4778,3257,3415,3158,17,38,300,41],"class_list":["post-43613","post","type-post","status-publish","format-standard","has-post-thumbnail","hentry","category-neprehlednete","category-politika","category-zahranicni","tag-bezpecnost","tag-blizkay-vychod","tag-cina","tag-diplomacie","tag-geopolitika","tag-globalni-politika","tag-iran-3","tag-ishaq-dar","tag-izrael","tag-konflikt","tag-mezinarodni-vztahy","tag-multilateralismus","tag-pakistan-2","tag-persky-zaliv","tag-the-diplomatic-society","tag-top","tag-usa","tag-wang-yi","tag-world"],"acf":[],"aioseo_notices":[],"_links":{"self":[{"href":"https:\/\/gnews.cz\/fr\/wp-json\/wp\/v2\/posts\/43613","targetHints":{"allow":["GET"]}}],"collection":[{"href":"https:\/\/gnews.cz\/fr\/wp-json\/wp\/v2\/posts"}],"about":[{"href":"https:\/\/gnews.cz\/fr\/wp-json\/wp\/v2\/types\/post"}],"author":[{"embeddable":true,"href":"https:\/\/gnews.cz\/fr\/wp-json\/wp\/v2\/users\/6"}],"replies":[{"embeddable":true,"href":"https:\/\/gnews.cz\/fr\/wp-json\/wp\/v2\/comments?post=43613"}],"version-history":[{"count":1,"href":"https:\/\/gnews.cz\/fr\/wp-json\/wp\/v2\/posts\/43613\/revisions"}],"predecessor-version":[{"id":43615,"href":"https:\/\/gnews.cz\/fr\/wp-json\/wp\/v2\/posts\/43613\/revisions\/43615"}],"wp:featuredmedia":[{"embeddable":true,"href":"https:\/\/gnews.cz\/fr\/wp-json\/wp\/v2\/media\/43614"}],"wp:attachment":[{"href":"https:\/\/gnews.cz\/fr\/wp-json\/wp\/v2\/media?parent=43613"}],"wp:term":[{"taxonomy":"category","embeddable":true,"href":"https:\/\/gnews.cz\/fr\/wp-json\/wp\/v2\/categories?post=43613"},{"taxonomy":"post_tag","embeddable":true,"href":"https:\/\/gnews.cz\/fr\/wp-json\/wp\/v2\/tags?post=43613"}],"curies":[{"name":"wp","href":"https:\/\/api.w.org\/{rel}","templated":true}]}}