{"id":43639,"date":"2026-04-08T15:00:00","date_gmt":"2026-04-08T13:00:00","guid":{"rendered":"https:\/\/gnews.cz\/?p=43639"},"modified":"2026-04-08T11:23:28","modified_gmt":"2026-04-08T09:23:28","slug":"usa-a-iran-uzavrely-primeri-trumpovo-vitezstvi-nebo-spickova-diplomacie-pakistanu-a-ciny","status":"publish","type":"post","link":"https:\/\/gnews.cz\/fr\/tema\/usa-a-iran-uzavrely-primeri-trumpovo-vitezstvi-nebo-spickova-diplomacie-pakistanu-a-ciny\/","title":{"rendered":"Les \u00c9tats-Unis et l'Iran ont conclu un cessez-le-feu. \u201eVictoire\u201c de Trump ou diplomatie sup\u00e9rieure du Pakistan et de la Chine ?"},"content":{"rendered":"<p><strong>Le pr\u00e9sident am\u00e9ricain Donald Trump a annonc\u00e9 un cessez-le-feu de deux semaines avec l'Iran mercredi soir - moins de deux heures avant l'expiration d'un ultimatum qu'il avait fix\u00e9, \u00e0 l'issue duquel il avait menac\u00e9 de lancer des attaques massives contre les infrastructures civiles iraniennes. Le monde a sursaut\u00e9. Mais seulement \u00e0 moiti\u00e9.<\/strong><\/p>\n\n\n\n<p><strong>Le Pakistan, pompier de la derni\u00e8re heure<\/strong><\/p>\n\n\n\n<p>Le Pakistan a jou\u00e9 un r\u00f4le cl\u00e9 dans la mission de sauvetage diplomatique. Le chef des forces arm\u00e9es pakistanaises <strong>Asim Munir <\/strong>a pass\u00e9 toute la nuit en contact avec le vice-pr\u00e9sident am\u00e9ricain <strong>J. D. Vance<\/strong> et le ministre iranien des affaires \u00e9trang\u00e8res Abbas Araqchi, le Pakistan \u00e9tant le seul canal de communication entre les parties oppos\u00e9es.<\/p>\n\n\n\n<p>Premier ministre du Pakistan <strong>Shahbaz Sharif<\/strong> a ensuite annonc\u00e9 sur la plate-forme X que l'Iran et les \u00c9tats-Unis, ainsi que leurs alli\u00e9s, s'\u00e9taient mis d'accord sur un cessez-le-feu imm\u00e9diat <em>\u201epartout, y compris au Liban\u201c<\/em>. Dans un post sur Truth Social, Trump a \u00e9crit qu'il avait d\u00e9cid\u00e9 de suspendre le bombardement de l'Iran sur la base d'une conversation avec le premier ministre pakistanais et le Field Marshal Munir, qui lui ont demand\u00e9 de ne pas laisser la force destructrice entrer en jeu ce soir.<\/p>\n\n\n\n<p><strong>La Chine, un acteur en coulisses<\/strong><\/p>\n\n\n\n<p>P\u00e9kin est \u00e9galement derri\u00e8re le front pakistanais. S'adressant \u00e0 l'AFP apr\u00e8s l'annonce du cessez-le-feu, M. Trump a admis qu'il pensait que la Chine avait contribu\u00e9 \u00e0 amener l'Iran \u00e0 la table des n\u00e9gociations. Le ministre chinois des affaires \u00e9trang\u00e8res <strong>Wang Yi<\/strong> a pass\u00e9 26 appels t\u00e9l\u00e9phoniques \u00e0 des repr\u00e9sentants de l'Iran, d'Isra\u00ebl, de la Russie et des \u00c9tats arabes du Golfe pendant le conflit. L'envoy\u00e9 sp\u00e9cial du gouvernement chinois pour le Moyen-Orient s'est \u00e9galement rendu en personne dans la r\u00e9gion.<\/p>\n\n\n\n<p>Fin mars, la Chine et le Pakistan ont pr\u00e9sent\u00e9 conjointement un plan en cinq points appelant \u00e0 un cessez-le-feu et \u00e0 la reprise de la libre navigation dans le d\u00e9troit d'Ormuz. Mais P\u00e9kin a d\u00e9lib\u00e9r\u00e9ment fait profil bas - le minist\u00e8re chinois des affaires \u00e9trang\u00e8res a d\u00e9clar\u00e9 \u00e0 CNN que P\u00e9kin <em>\u201esoutient les efforts de m\u00e9diation du Pakistan et d'autres pays\u201c.\u201c <\/em>et est dispos\u00e9 \u00e0 <em>\u201emaintenir la communication et la coordination avec toutes les parties\u201c<\/em>.<\/p>\n\n\n\n<p><strong>Le plan en 10 points de l'Iran : une base ou une impasse ?<\/strong><\/p>\n\n\n\n<p>La proposition de paix en 10 points de l'Iran est au c\u0153ur du cessez-le-feu. L'Iran a envoy\u00e9 ce document aux m\u00e9diateurs pakistanais apr\u00e8s l'avoir pr\u00e9par\u00e9 pendant deux semaines. Un fonctionnaire am\u00e9ricain qui a vu le projet l'a qualifi\u00e9 de <em>\u201emaximaliste\u201c<\/em>.<\/p>\n\n\n\n<p>Selon un r\u00e9sum\u00e9 du Conseil supr\u00eame de s\u00e9curit\u00e9 nationale de l'Iran, le plan comprend : l'ouverture du d\u00e9troit d'Ormuz sous la coordination des forces arm\u00e9es iraniennes, la fin de la guerre contre toutes les composantes de ce que l'on appelle l'axe de la r\u00e9sistance, le retrait des forces am\u00e9ricaines de toutes les bases de la r\u00e9gion, le paiement de r\u00e9parations pour les dommages de guerre et la lev\u00e9e des sanctions, y compris le d\u00e9blocage des avoirs gel\u00e9s. Cependant, la proposition ne contient aucun engagement \u00e0 freiner le programme nucl\u00e9aire iranien, une priorit\u00e9 de longue date de l'administration Trump.<\/p>\n\n\n\n<p>Dans le m\u00eame temps, l'Iran a rejet\u00e9 la contre-proposition am\u00e9ricaine en 15 points, qui pr\u00e9voyait un cessez-le-feu de 30 jours, le d\u00e9mant\u00e8lement des installations nucl\u00e9aires iraniennes et la limitation de son programme de missiles en \u00e9change de la lev\u00e9e des sanctions. <em>\u201eextr\u00eamement maximaliste et d\u00e9raisonnable\u201c<\/em>. Pourtant, Trump a d\u00e9clar\u00e9 que le plan iranien repr\u00e9sentait<em> \u201eune base fonctionnelle pour l'action\u201c<\/em> et que <em>\u201epresque tous les points de d\u00e9saccord ont d\u00e9j\u00e0 fait l'objet d'un accord\u201c.\u201c<\/em>.<\/p>\n\n\n\n<p><strong>Isra\u00ebl : pour un cessez-le-feu, mais pas \u00e0 n'importe quel prix<\/strong><\/p>\n\n\n\n<p>Premier ministre isra\u00e9lien <strong>Benjamin Netanyahu<\/strong> a d'abord mis en garde Trump contre un cessez-le-feu, selon Axios. Toutefois, il a fini par le soutenir, sous certaines conditions. M. Netanyahu a d\u00e9clar\u00e9 que son gouvernement soutenait le cessez-le-feu, mais a fait valoir que l'accord ne s'appliquait pas aux combats au Liban.<\/p>\n\n\n\n<p>Le Conseil supr\u00eame de s\u00e9curit\u00e9 nationale de l'Iran a accept\u00e9 le cessez-le-feu, tout en soulignant que<em> \u201ecela ne signifie pas la fin de la guerre\u201c<\/em>. La d\u00e9claration ajoute : <em>\u201eNos mains restent sur la g\u00e2chette et la moindre erreur de l'ennemi sera imm\u00e9diatement r\u00e9pliqu\u00e9e avec force.\u201c<\/em><\/p>\n\n\n\n<p><strong>Quelle est la prochaine \u00e9tape ?<\/strong><\/p>\n\n\n\n<p>Le ministre iranien des affaires \u00e9trang\u00e8res, M. Araqchi, a confirm\u00e9 que l'Iran aborderait les pourparlers d'Islamabad sur la base de son plan en 10 points et de la proposition am\u00e9ricaine en 15 points. Analyste <strong>Alex Vatanka<\/strong> de l'Institut du Moyen-Orient, a d\u00e9clar\u00e9 \u00e0 The National qu'en d\u00e9pit des diff\u00e9rences fondamentales entre les parties, un accord est possible : <em>\u201eIls parlent d'une mani\u00e8re qui leur permet au moins de se mettre d'accord sur un cadre de base.\u201c<\/em> Une source proche des n\u00e9gociations a fait part \u00e0 Reuters de ses doutes quant \u00e0 la dur\u00e9e du cessez-le-feu de deux semaines, le qualifiant de <em>\u201eexercice de renforcement de la confiance\u201c<\/em>. Les pourparlers d'Islamabad d\u00e9butent le vendredi 10 avril.<\/p>\n\n\n\n<p><strong>gnews.cz - GH<\/strong><\/p>","protected":false},"excerpt":{"rendered":"<p>Le pr\u00e9sident am\u00e9ricain Donald Trump a annonc\u00e9 mercredi soir un cessez-le-feu de deux semaines avec l'Iran, moins de deux heures avant l'expiration de son...<\/p>","protected":false},"author":6,"featured_media":26450,"comment_status":"open","ping_status":"closed","sticky":false,"template":"","format":"standard","meta":{"_acf_changed":false,"_lmt_disableupdate":"","_lmt_disable":"","footnotes":""},"categories":[3,7,1,2973],"tags":[12455,1264,22,1523,496,3710,760,49,4203,3257,1728,350,12460,17,38,41],"class_list":["post-43639","post","type-post","status-publish","format-standard","has-post-thumbnail","hentry","category-neprehlednete","category-politika","category-tema","category-zahranicni","tag-asim-munir","tag-blizkay-vychod","tag-cina","tag-diplomacie","tag-donald-trump","tag-hormuzsky-pruliv","tag-iran-3","tag-izrael","tag-jaderny-program","tag-pakistan-2","tag-primeri","tag-sankce","tag-shehbaz-sharif","tag-top","tag-usa","tag-world"],"acf":[],"aioseo_notices":[],"_links":{"self":[{"href":"https:\/\/gnews.cz\/fr\/wp-json\/wp\/v2\/posts\/43639","targetHints":{"allow":["GET"]}}],"collection":[{"href":"https:\/\/gnews.cz\/fr\/wp-json\/wp\/v2\/posts"}],"about":[{"href":"https:\/\/gnews.cz\/fr\/wp-json\/wp\/v2\/types\/post"}],"author":[{"embeddable":true,"href":"https:\/\/gnews.cz\/fr\/wp-json\/wp\/v2\/users\/6"}],"replies":[{"embeddable":true,"href":"https:\/\/gnews.cz\/fr\/wp-json\/wp\/v2\/comments?post=43639"}],"version-history":[{"count":2,"href":"https:\/\/gnews.cz\/fr\/wp-json\/wp\/v2\/posts\/43639\/revisions"}],"predecessor-version":[{"id":43647,"href":"https:\/\/gnews.cz\/fr\/wp-json\/wp\/v2\/posts\/43639\/revisions\/43647"}],"wp:featuredmedia":[{"embeddable":true,"href":"https:\/\/gnews.cz\/fr\/wp-json\/wp\/v2\/media\/26450"}],"wp:attachment":[{"href":"https:\/\/gnews.cz\/fr\/wp-json\/wp\/v2\/media?parent=43639"}],"wp:term":[{"taxonomy":"category","embeddable":true,"href":"https:\/\/gnews.cz\/fr\/wp-json\/wp\/v2\/categories?post=43639"},{"taxonomy":"post_tag","embeddable":true,"href":"https:\/\/gnews.cz\/fr\/wp-json\/wp\/v2\/tags?post=43639"}],"curies":[{"name":"wp","href":"https:\/\/api.w.org\/{rel}","templated":true}]}}