{"id":43660,"date":"2026-04-08T21:00:00","date_gmt":"2026-04-08T19:00:00","guid":{"rendered":"https:\/\/gnews.cz\/?p=43660"},"modified":"2026-04-08T18:49:19","modified_gmt":"2026-04-08T16:49:19","slug":"pavel-trva-na-ucasti-na-summitu-nato-dopis-babisovi-prekresluje-spor-o-zastoupeni-cr-v-ankare","status":"publish","type":"post","link":"https:\/\/gnews.cz\/fr\/neprehlednete\/pavel-trva-na-ucasti-na-summitu-nato-dopis-babisovi-prekresluje-spor-o-zastoupeni-cr-v-ankare\/","title":{"rendered":"Pavel insiste pour participer au sommet de l'OTAN : la lettre adress\u00e9e \u00e0 Babi\u0161 d\u00e9forme le diff\u00e9rend sur la repr\u00e9sentation tch\u00e8que \u00e0 Ankara"},"content":{"rendered":"<p><strong>Mercredi, le pr\u00e9sident Petr Pavel a envoy\u00e9 une lettre au premier ministre Andrej Babi\u0161 dans laquelle il d\u00e9clare clairement son intention de diriger la d\u00e9l\u00e9gation tch\u00e8que au sommet de l'OTAN \u00e0 Ankara, en Turquie, en juillet. Cette lettre, publi\u00e9e par le Ch\u00e2teau de Prague, intervient \u00e0 un moment o\u00f9 les deux responsables constitutionnels ne peuvent pas se rencontrer en personne : M. Babi\u0161 passe les vacances de P\u00e2ques \u00e0 l'\u00e9tranger, bien qu'il doive \u00e9galement \u00eatre \u00e0 Prague pour la visite du pr\u00e9sident italien Sergio Mattarella.<\/strong><\/p>\n\n\n\n<p><em>\u201eCompte tenu de l'impossibilit\u00e9 de se rencontrer en personne et \u00e0 la suite de notre appel t\u00e9l\u00e9phonique, je voudrais vous informer que, conform\u00e9ment \u00e0 ma position constitutionnelle, j'ai l'intention de participer en tant que chef de la d\u00e9l\u00e9gation de la R\u00e9publique tch\u00e8que \u00e0 la r\u00e9union des chefs d'\u00c9tat de l'OTAN qui se tiendra \u00e0 Ankara au d\u00e9but du mois de juillet de cette ann\u00e9e\u201c.\u201c<\/em> \u00e9crit Paul. Il cite comme base juridique l'article 63 de la Constitution de la R\u00e9publique tch\u00e8que, qui confie au pr\u00e9sident le soin de repr\u00e9senter l'\u00c9tat \u00e0 l'ext\u00e9rieur, tout en appelant \u00e0 la pr\u00e9servation de coutumes anciennes.<\/p>\n\n\n\n<p>Le diff\u00e9rend sur la question de savoir qui ira \u00e0 Ankara dure depuis la fin du mois de janvier et le d\u00e9but du mois de f\u00e9vrier. Le Premier ministre Babi\u0161 a d\u00e9clar\u00e9 \u00e0 l'\u00e9poque : <em>\u201eJe pense qu'il vaut mieux que j'y aille avec Macinka, car nous l'expliquerons mieux que le pr\u00e9sident, qui nous critique \u00e0 ce sujet.\u201c <\/em>Il faisait r\u00e9f\u00e9rence \u00e0 un diff\u00e9rend de longue date sur le montant des d\u00e9penses de d\u00e9fense de la R\u00e9publique tch\u00e8que, que le gouvernement a r\u00e9duit par rapport \u00e0 ses engagements ant\u00e9rieurs - une d\u00e9cision qui a \u00e9t\u00e9 critiqu\u00e9e non seulement par Pavel lui-m\u00eame, mais aussi par des diplomates am\u00e9ricains.<\/p>\n\n\n\n<p>Dans sa lettre \u00e0 Babi\u0161, Pavel lui propose de l'accompagner au sommet. En ce qui concerne les sujets cl\u00e9s - les d\u00e9penses de d\u00e9fense et la mise en \u0153uvre des engagements pris lors du sommet de La Haye de l'ann\u00e9e derni\u00e8re - le pr\u00e9sident demande \u00e0 Babi\u0161 de pouvoir <em>\u201eexpliquer en d\u00e9tail la position du gouvernement tch\u00e8que\u201c.\u201c<\/em> Les plans du gouvernement pr\u00e9voient une d\u00e9l\u00e9gation compos\u00e9e de Babi\u0161, Macinka et du ministre de la d\u00e9fense Jarom\u00edr Z\u016fna, sans le pr\u00e9sident.<\/p>\n\n\n\n<p>Le ministre des affaires \u00e9trang\u00e8res, Petr Macinka, a r\u00e9agi durement \u00e0 cette lettre. Il a d\u00e9clar\u00e9 que la R\u00e9publique tch\u00e8que ne devrait \u00eatre repr\u00e9sent\u00e9e aux sommets officiels \u00e0 l'\u00e9tranger que par des fonctionnaires ayant une r\u00e9elle influence politique dans le pays, et que le pr\u00e9sident de l'Union europ\u00e9enne ne devrait pas \u00eatre repr\u00e9sent\u00e9 lors de sommets officiels \u00e0 l'\u00e9tranger. <em>\u201evolont\u00e9\u201c<\/em> dans ce cas, il a identifi\u00e9 l'acteur <em>\u201eplut\u00f4t indigne\u201c.\u201c<\/em> a rapport\u00e9 la t\u00e9l\u00e9vision tch\u00e8que. M. Macinka a qualifi\u00e9 \u00e0 plusieurs reprises M. Pavel de repr\u00e9sentant de l'opposition et a indiqu\u00e9 par le pass\u00e9 qu'il avait l'intention de bloquer les autres voyages \u00e0 l'\u00e9tranger du pr\u00e9sident.<\/p>\n\n\n\n<p>Pavel a assist\u00e9 \u00e0 tous les sommets de l'OTAN depuis son entr\u00e9e en fonction : \u00e0 Vilnius en 2023, \u00e0 Washington en 2024 et l'ann\u00e9e derni\u00e8re \u00e0 La Haye. La pratique historique n'est pas claire : sous le pr\u00e9sident V\u00e1clav Klaus, il \u00e9tait courant que le pr\u00e9sident et le premier ministre assistent tous deux aux sommets. Sous Milo\u0161 Zeman, la d\u00e9l\u00e9gation tch\u00e8que \u00e0 de nombreux sommets \u00e9tait dirig\u00e9e par le pr\u00e9sident, sans la pr\u00e9sence du premier ministre. L'exception a \u00e9t\u00e9 le sommet de Madrid en 2022, o\u00f9 Zeman a \u00e9t\u00e9 remplac\u00e9 par le Premier ministre Petr Fiala d'un commun accord.<\/p>\n\n\n\n<p>Le sommet de l'OTAN se tiendra \u00e0 Ankara les 7 et 8 juillet. La question de savoir si la d\u00e9l\u00e9gation tch\u00e8que sera dirig\u00e9e par le pr\u00e9sident ou par le premier ministre reste ouverte et fera probablement l'objet de nouvelles tensions constitutionnelles.<\/p>\n\n\n\n<p><strong>gnews.cz - GH<\/strong><\/p>","protected":false},"excerpt":{"rendered":"<p>Mercredi, le pr\u00e9sident Petr Pavel a envoy\u00e9 une lettre au premier ministre Andrej Babi\u0161 dans laquelle il d\u00e9clare clairement son intention de diriger la d\u00e9l\u00e9gation tch\u00e8que lors de la...<\/p>","protected":false},"author":6,"featured_media":38105,"comment_status":"open","ping_status":"closed","sticky":false,"template":"","format":"standard","meta":{"_acf_changed":false,"_lmt_disableupdate":"","_lmt_disable":"","footnotes":""},"categories":[2968,3,7],"tags":[5754,12470,12472,6066,1145,151,72,12468,17,12469,41,12471],"class_list":["post-43660","post","type-post","status-publish","format-standard","has-post-thumbnail","hentry","category-domaci","category-neprehlednete","category-politika","tag-andrej-babis","tag-ceska-delegace","tag-haagske-zavazky","tag-obranne-vydaje","tag-petr-macinka","tag-petr-pavel","tag-prazsky-hrad","tag-summit-nato-ankara","tag-top","tag-ustavni-kompetence","tag-world","tag-zahranicni-zastoupeni"],"acf":[],"aioseo_notices":[],"_links":{"self":[{"href":"https:\/\/gnews.cz\/fr\/wp-json\/wp\/v2\/posts\/43660","targetHints":{"allow":["GET"]}}],"collection":[{"href":"https:\/\/gnews.cz\/fr\/wp-json\/wp\/v2\/posts"}],"about":[{"href":"https:\/\/gnews.cz\/fr\/wp-json\/wp\/v2\/types\/post"}],"author":[{"embeddable":true,"href":"https:\/\/gnews.cz\/fr\/wp-json\/wp\/v2\/users\/6"}],"replies":[{"embeddable":true,"href":"https:\/\/gnews.cz\/fr\/wp-json\/wp\/v2\/comments?post=43660"}],"version-history":[{"count":1,"href":"https:\/\/gnews.cz\/fr\/wp-json\/wp\/v2\/posts\/43660\/revisions"}],"predecessor-version":[{"id":43661,"href":"https:\/\/gnews.cz\/fr\/wp-json\/wp\/v2\/posts\/43660\/revisions\/43661"}],"wp:featuredmedia":[{"embeddable":true,"href":"https:\/\/gnews.cz\/fr\/wp-json\/wp\/v2\/media\/38105"}],"wp:attachment":[{"href":"https:\/\/gnews.cz\/fr\/wp-json\/wp\/v2\/media?parent=43660"}],"wp:term":[{"taxonomy":"category","embeddable":true,"href":"https:\/\/gnews.cz\/fr\/wp-json\/wp\/v2\/categories?post=43660"},{"taxonomy":"post_tag","embeddable":true,"href":"https:\/\/gnews.cz\/fr\/wp-json\/wp\/v2\/tags?post=43660"}],"curies":[{"name":"wp","href":"https:\/\/api.w.org\/{rel}","templated":true}]}}