{"id":43673,"date":"2026-04-09T12:00:00","date_gmt":"2026-04-09T10:00:00","guid":{"rendered":"https:\/\/gnews.cz\/?p=43673"},"modified":"2026-04-09T10:20:53","modified_gmt":"2026-04-09T08:20:53","slug":"primeri-mezi-usa-a-iranem-visi-na-vlasku-svet-ceka-zda-klid-vydrzi","status":"publish","type":"post","link":"https:\/\/gnews.cz\/fr\/neprehlednete\/primeri-mezi-usa-a-iranem-visi-na-vlasku-svet-ceka-zda-klid-vydrzi\/","title":{"rendered":"La tr\u00eave entre les \u00c9tats-Unis et l'Iran est en suspens. Le monde attend de voir si le calme va durer."},"content":{"rendered":"<p><strong>Apr\u00e8s des semaines d'escalade, les tensions entre les \u00c9tats-Unis et l'Iran se sont temporairement apais\u00e9es lorsque Donald Trump a annonc\u00e9 un cessez-le-feu de deux semaines. Pourtant, l'avenir reste incertain et, selon de nombreux analystes et hommes politiques, il n'y a pas de gagnant ou de perdant clair.<\/strong><\/p>\n\n\n\n<p><strong>La Turquie, un m\u00e9diateur cl\u00e9<\/strong><\/p>\n\n\n\n<p>Selon le quotidien turc Hurriyet, la Turquie a jou\u00e9 un r\u00f4le important dans la n\u00e9gociation du cessez-le-feu, ses dirigeants ayant eu des dizaines de conversations t\u00e9l\u00e9phoniques avec des responsables d'Ankara, de Washington, de T\u00e9h\u00e9ran et d'autres capitales. Ankara cherche d\u00e9sormais \u00e0 transformer la pause \u00e0 court terme des combats en un accord plus permanent. Les pourparlers entre les \u00c9tats-Unis et l'Iran devraient se poursuivre \u00e0 Islamabad.<\/p>\n\n\n\n<p><strong>L'Iran a r\u00e9sist\u00e9, l'Occident a \u00e9chou\u00e9<\/strong><\/p>\n\n\n\n<p>Le commentateur Hande Firat a soulign\u00e9 que, bien que le conflit n'ait pas de vainqueur clair, l'Iran n'en est pas sorti perdant. Le r\u00e9gime est rest\u00e9 stable et ses capacit\u00e9s en mati\u00e8re de missiles n'ont pas \u00e9t\u00e9 fondamentalement affaiblies. En revanche, les \u00c9tats-Unis ont subi des pertes et ont \u00e9puis\u00e9 une grande partie de leur stock de missiles. Isra\u00ebl et les \u00c9tats-Unis n'ont donc pas obtenu un succ\u00e8s total.<\/p>\n\n\n\n<p><strong>Le d\u00e9troit d'Ormuz reste un probl\u00e8me<\/strong><\/p>\n\n\n\n<p>Malgr\u00e9 le cessez-le-feu, des attaques sporadiques se sont poursuivies entre l'Iran et Isra\u00ebl et le d\u00e9troit d'Ormuz, d'une importance strat\u00e9gique.<strong> <\/strong>reste effectivement ferm\u00e9e. Washington a donc demand\u00e9 aux alli\u00e9s de l'OTAN de pr\u00e9senter d'urgence des plans visant \u00e0 assurer la s\u00e9curit\u00e9 de la navigation.<\/p>\n\n\n\n<p><strong>La m\u00e9fiance de l'Iran \u00e0 l'\u00e9gard des \u00c9tats-Unis persiste<\/strong><\/p>\n\n\n\n<p>L'ambassadeur iranien Ali Mojtaba Rouzbahani a d\u00e9clar\u00e9 que T\u00e9h\u00e9ran consid\u00e9rait le cessez-le-feu comme un test de la cr\u00e9dibilit\u00e9 des \u00c9tats-Unis. Il a soulign\u00e9 que l'Iran v\u00e9rifierait soigneusement les actions de Washington et ne se fierait pas uniquement aux promesses diplomatiques.<\/p>\n\n\n\n<p><strong>Tensions entre alli\u00e9s<\/strong><\/p>\n\n\n\n<p>Selon le Wall Street Journal, Isra\u00ebl n'\u00e9tait pas satisfait de l'approche am\u00e9ricaine. Benjamin Netanyahu aurait d\u00fb \u00eatre inform\u00e9 de l'accord \u00e0 la derni\u00e8re minute et sans coordination. De plus, Tel Aviv a refus\u00e9 d'inclure le conflit avec le Hezbollah dans le cessez-le-feu.<\/p>\n\n\n\n<p><strong>Impacts sur le p\u00e9trole et les march\u00e9s mondiaux<\/strong><\/p>\n\n\n\n<p>Le conflit a \u00e9galement eu des r\u00e9percussions importantes sur le secteur de l'\u00e9nergie. Les experts estiment qu'il faudra des mois pour r\u00e9tablir l'approvisionnement en p\u00e9trole \u00e0 son niveau ant\u00e9rieur, en raison des infrastructures endommag\u00e9es et de la limitation du trafic dans la r\u00e9gion du Golfe.<\/p>\n\n\n\n<p><strong>Les n\u00e9gociations au Pakistan seront d\u00e9cisives<\/strong><\/p>\n\n\n\n<p>L'\u00e9volution de la situation d\u00e9pendra des n\u00e9gociations \u00e0 venir, qui doivent se d\u00e9rouler \u00e0 Islamabad dans des conditions de s\u00e9curit\u00e9 rigoureuses. Elles devraient durer plusieurs jours et pourraient d\u00e9cider de l'avenir du cessez-le-feu.<\/p>\n\n\n\n<p><strong>gnews.cz - GH<\/strong><\/p>","protected":false},"excerpt":{"rendered":"<p>Apr\u00e8s des semaines d'escalade, les tensions entre les \u00c9tats-Unis et l'Iran se sont temporairement apais\u00e9es lorsque Donald Trump a annonc\u00e9 un cessez-le-feu de deux semaines. Toutefois, l'avenir reste...<\/p>","protected":false},"author":6,"featured_media":29917,"comment_status":"open","ping_status":"closed","sticky":false,"template":"","format":"standard","meta":{"_acf_changed":false,"_lmt_disableupdate":"","_lmt_disable":"","footnotes":""},"categories":[3,7,2973],"tags":[12515,496,760,12512,49,56,1728,991,12508,17,38,41],"class_list":["post-43673","post","type-post","status-publish","format-standard","has-post-thumbnail","hentry","category-neprehlednete","category-politika","category-zahranicni","tag-benjamin-netanyahu","tag-donald-trump","tag-iran-3","tag-islamabad","tag-izrael","tag-nato","tag-primeri","tag-ropa","tag-strait-of-hormuz","tag-top","tag-usa","tag-world"],"acf":[],"aioseo_notices":[],"_links":{"self":[{"href":"https:\/\/gnews.cz\/fr\/wp-json\/wp\/v2\/posts\/43673","targetHints":{"allow":["GET"]}}],"collection":[{"href":"https:\/\/gnews.cz\/fr\/wp-json\/wp\/v2\/posts"}],"about":[{"href":"https:\/\/gnews.cz\/fr\/wp-json\/wp\/v2\/types\/post"}],"author":[{"embeddable":true,"href":"https:\/\/gnews.cz\/fr\/wp-json\/wp\/v2\/users\/6"}],"replies":[{"embeddable":true,"href":"https:\/\/gnews.cz\/fr\/wp-json\/wp\/v2\/comments?post=43673"}],"version-history":[{"count":1,"href":"https:\/\/gnews.cz\/fr\/wp-json\/wp\/v2\/posts\/43673\/revisions"}],"predecessor-version":[{"id":43674,"href":"https:\/\/gnews.cz\/fr\/wp-json\/wp\/v2\/posts\/43673\/revisions\/43674"}],"wp:featuredmedia":[{"embeddable":true,"href":"https:\/\/gnews.cz\/fr\/wp-json\/wp\/v2\/media\/29917"}],"wp:attachment":[{"href":"https:\/\/gnews.cz\/fr\/wp-json\/wp\/v2\/media?parent=43673"}],"wp:term":[{"taxonomy":"category","embeddable":true,"href":"https:\/\/gnews.cz\/fr\/wp-json\/wp\/v2\/categories?post=43673"},{"taxonomy":"post_tag","embeddable":true,"href":"https:\/\/gnews.cz\/fr\/wp-json\/wp\/v2\/tags?post=43673"}],"curies":[{"name":"wp","href":"https:\/\/api.w.org\/{rel}","templated":true}]}}