{"id":43683,"date":"2026-04-09T16:00:00","date_gmt":"2026-04-09T14:00:00","guid":{"rendered":"https:\/\/gnews.cz\/?p=43683"},"modified":"2026-04-27T14:06:42","modified_gmt":"2026-04-27T12:06:42","slug":"ceska-politicka-scena-v-plnem-proudu-prezident-pavel-si-stezuje-rozpoctovi-paraziti-dostali-ranu-a-petr-holec-ve-svem-viralnim-videu-odhalil-zaujatost-ceske-televize-petr-holec-zive-268","status":"publish","type":"post","link":"https:\/\/gnews.cz\/fr\/rozhovory\/ceska-politicka-scena-v-plnem-proudu-prezident-pavel-si-stezuje-rozpoctovi-paraziti-dostali-ranu-a-petr-holec-ve-svem-viralnim-videu-odhalil-zaujatost-ceske-televize-petr-holec-zive-268\/","title":{"rendered":"La sc\u00e8ne politique tch\u00e8que bat son plein : le pr\u00e9sident Pavel se plaint, les parasites budg\u00e9taires sont touch\u00e9s et Petr Holec r\u00e9v\u00e8le la partialit\u00e9 de la t\u00e9l\u00e9vision tch\u00e8que dans sa vid\u00e9o virale (Petr Holec live #268)."},"content":{"rendered":"<p><strong>D\u00e9couvrez un drame politique tch\u00e8que explosif dans lequel le pr\u00e9sident Petr Pavel se plaint de la n\u00e9gligence de l'OTAN, Filip Turek retire du budget de l'\u00c9tat les \u201esangsues\u201c des ONG environnementales et les appels \u00e0 la privatisation de la t\u00e9l\u00e9vision tch\u00e8que (CT) se font de plus en plus pressants. L'\u00e9nergique flux YouTube 268 de Petr Holec diss\u00e8que les succ\u00e8s de l'aust\u00e9rit\u00e9 gouvernementale, l'hypocrisie des subventions culturelles et l'effondrement de l'opposition - un visionnage essentiel pour les amateurs de politique mondiale qui suivent les mesures fiscales europ\u00e9ennes.<\/strong><\/p>\n\n\n\n<p>Dans le monde passionnant de la politique tch\u00e8que, peu de personnes parlent plus fort que le pr\u00e9sident de la Commission. <strong>ma\u00eetre Petr Holec<\/strong>, Un commentateur qui ne plaisante pas et dont l'\u00e9mission en direct du mercredi soir sur sa cha\u00eene YouTube <strong>Xaver Live<\/strong> attire des dizaines de milliers de personnes avides de v\u00e9rit\u00e9 sans fard. L'\u00e9pisode 268, intitul\u00e9 \u201ePavel pleurniche, Turek tue les sangsues et autres conneries \u00e0 la t\u00e9l\u00e9vision tch\u00e8que\u201c, est une d\u00e9monstration magistrale d'une grande passion. Diffus\u00e9 en direct le 8 avril 2026 devant plus de 10 600 t\u00e9l\u00e9spectateurs, Holec diss\u00e8que avec une \u00e9nergie contagieuse les audacieuses mesures d'aust\u00e9rit\u00e9 prises par le gouvernement Fial apr\u00e8s les \u00e9lections de 2021 - aujourd'hui amplifi\u00e9es par les changements de 2025. Pour les citoyens ordinaires du monde entier, fatigu\u00e9s du gaspillage des contribuables et des j\u00e9r\u00e9miades de l'\u00e9lite, c'est de la politique \u00e0 suspense : des h\u00e9ros qui \u00e9liminent les \u201esangsues\u201c du budget, des m\u00e9chants comme le pr\u00e9sident Peter Paul qui joue le r\u00f4le de chef de l'opposition, et un appel \u00e0 l'\u00e9limination de la partialit\u00e9 des m\u00e9dias d'\u00c9tat.<\/p>\n\n\n\n<figure class=\"wp-block-image size-large\"><img fetchpriority=\"high\" decoding=\"async\" width=\"1024\" height=\"573\" src=\"https:\/\/gnews.cz\/wp-content\/uploads\/2026\/04\/holec04-1024x573.webp\" alt=\"Xaver Live\" class=\"wp-image-43694\" srcset=\"https:\/\/gnews.cz\/wp-content\/uploads\/2026\/04\/holec04-1024x573.webp 1024w, https:\/\/gnews.cz\/wp-content\/uploads\/2026\/04\/holec04-300x168.webp 300w, https:\/\/gnews.cz\/wp-content\/uploads\/2026\/04\/holec04-768x430.webp 768w, https:\/\/gnews.cz\/wp-content\/uploads\/2026\/04\/holec04-18x10.webp 18w, https:\/\/gnews.cz\/wp-content\/uploads\/2026\/04\/holec04-1170x655.webp 1170w, https:\/\/gnews.cz\/wp-content\/uploads\/2026\/04\/holec04-585x328.webp 585w, https:\/\/gnews.cz\/wp-content\/uploads\/2026\/04\/holec04.webp 1500w\" sizes=\"(max-width: 1024px) 100vw, 1024px\" \/><\/figure>\n\n\n\n<p>Petr Holec commence par une r\u00e9f\u00e9rence acerbe \u00e0 Peter Paul, l'ancien g\u00e9n\u00e9ral et actuel pr\u00e9sident, et se moque de ses \u201epleurnicheries\u201c sur le fait qu'il n'a pas \u00e9t\u00e9 invit\u00e9 au sommet de l'OTAN. \u201eLe pr\u00e9sident Petr Pavel se plaint beaucoup. Ce n'est pas mon mot, c'est son mot pr\u00e9f\u00e9r\u00e9\u201c, plaisante M. Holec, qui s'amuse des nouvelles en provenance du Ch\u00e2teau de Prague. Pavel, consid\u00e9r\u00e9 comme un gauchiste malgr\u00e9 son ind\u00e9pendance, exige d'\u00eatre pr\u00e9sent malgr\u00e9 le veto du ministre des affaires \u00e9trang\u00e8res Petr Macinka, au m\u00e9pris du protocole constitutionnel. Petr Pavel est le leader de l'opposition... il d\u00e9fend le programme de l'opposition\u201e, temp\u00eate M. Holec. Les anciens pr\u00e9sidents tels que V\u00e1clav Klaus, Milo\u0161 Zeman et V\u00e1clav Havel ne se sont jamais affront\u00e9s de la sorte ; les menaces de Pavel de poursuivre la Cour constitutionnelle (remplie de juges nomm\u00e9s par lui) sentent le \u201cputsch constitutionnel\u201e. Le public applaudit : \u201cPensez-vous que ce salaud stupide va emmener le Premier ministre au sommet de l'OTAN ?\u201e. Holec pr\u00e9dit que Pavel ne sera qu'un simple \u201cphotographe\u201e sur la touche, et fait le lien avec des scandales tels que le blocage de la nomination de Filip Turk au poste de ministre - maintenant, la vengeance de Turk est douce.<\/p>\n\n\n\n<figure class=\"wp-block-image size-large\"><img decoding=\"async\" width=\"1024\" height=\"574\" src=\"https:\/\/gnews.cz\/wp-content\/uploads\/2026\/04\/holec05-1024x574.webp\" alt=\"Xaver Live\" class=\"wp-image-43695\" srcset=\"https:\/\/gnews.cz\/wp-content\/uploads\/2026\/04\/holec05-1024x574.webp 1024w, https:\/\/gnews.cz\/wp-content\/uploads\/2026\/04\/holec05-300x168.webp 300w, https:\/\/gnews.cz\/wp-content\/uploads\/2026\/04\/holec05-768x431.webp 768w, https:\/\/gnews.cz\/wp-content\/uploads\/2026\/04\/holec05-18x10.webp 18w, https:\/\/gnews.cz\/wp-content\/uploads\/2026\/04\/holec05-1170x656.webp 1170w, https:\/\/gnews.cz\/wp-content\/uploads\/2026\/04\/holec05-585x328.webp 585w, https:\/\/gnews.cz\/wp-content\/uploads\/2026\/04\/holec05.webp 1500w\" sizes=\"(max-width: 1024px) 100vw, 1024px\" \/><\/figure>\n\n\n<div class=\"wp-block-image\">\n<figure class=\"aligncenter size-large\"><img decoding=\"async\" width=\"1024\" height=\"856\" src=\"https:\/\/gnews.cz\/wp-content\/uploads\/2026\/04\/holec07-1024x856.webp\" alt=\"Xaver Live\" class=\"wp-image-43693\" srcset=\"https:\/\/gnews.cz\/wp-content\/uploads\/2026\/04\/holec07-1024x856.webp 1024w, https:\/\/gnews.cz\/wp-content\/uploads\/2026\/04\/holec07-300x251.webp 300w, https:\/\/gnews.cz\/wp-content\/uploads\/2026\/04\/holec07-768x642.webp 768w, https:\/\/gnews.cz\/wp-content\/uploads\/2026\/04\/holec07-14x12.webp 14w, https:\/\/gnews.cz\/wp-content\/uploads\/2026\/04\/holec07-585x489.webp 585w, https:\/\/gnews.cz\/wp-content\/uploads\/2026\/04\/holec07.webp 1077w\" sizes=\"(max-width: 1024px) 100vw, 1024px\" \/><\/figure>\n<\/div>\n\n\n<p>Une star entre en sc\u00e8ne : Filip Turek, poids lourd du Parti des automobilistes et commissaire aux autoroutes, pr\u00e9sent\u00e9 comme un \u201edur \u00e0 cuire\u201c \u00e0 l'instar du Slovaque Robert Fico. Turek s'est lanc\u00e9 dans une chasse aux \u201esangsues\u201c et r\u00e9duit drastiquement les subventions aux entit\u00e9s parasites. Le ministre de la Culture Otakar \u201eOtok\u201c Klemp\u00ed\u0159 limoge le directeur du Festival du Printemps de Prague, Martin Baxa : \u201eKlemp\u00ed\u0159 a limog\u00e9 Baxa... J'aime \u00e7a !\u201c Mais c'est Turek qui vole la vedette, en devenant vice-pr\u00e9sident du Fonds national pour l'environnement et en supprimant le financement du Mouvement arc-en-ciel, qualifi\u00e9 d\u201e\u201c\u00e9coterroriste\u201e et de lobbyiste de l\u201c\u201e\u00c9tat profond\u201c li\u00e9 \u00e0 George Soros. \u201eVous ne recevrez plus une seule couronne\u201c, a tweet\u00e9 M. Turek, d\u00e9non\u00e7ant les fausses affirmations de Rainbow concernant les \u201edonateurs priv\u00e9s\u201c, avec les diagrammes de l'avocat Robert Kocian : des millions provenant de minist\u00e8res qui passent par des boucles. Turek coupe 128,5 millions de couronnes tch\u00e8ques pour les conf\u00e9rences environnementales du GF9 : \u201eIl a recommand\u00e9 de laisser les coupes (...) se faire lors des conf\u00e9rences et de troller les \u00e9colos\u201c. Holec explose : \"Les automobilistes ont d\u00e9cid\u00e9 de crucifier ces pieuvres... C'est le cancer de la politique !\" M\u00eame Jan Biderman, fonctionnaire de Prague 20, menace Turk pour sa loyaut\u00e9 envers Peter Paul, soulignant ainsi le d\u00e9go\u00fbt des \u00e9lites.<\/p>\n\n\n\n<figure class=\"wp-block-image size-large\"><img loading=\"lazy\" decoding=\"async\" width=\"1024\" height=\"573\" src=\"https:\/\/gnews.cz\/wp-content\/uploads\/2026\/04\/holec01-1024x573.webp\" alt=\"Xaver Live\" class=\"wp-image-43685\" srcset=\"https:\/\/gnews.cz\/wp-content\/uploads\/2026\/04\/holec01-1024x573.webp 1024w, https:\/\/gnews.cz\/wp-content\/uploads\/2026\/04\/holec01-300x168.webp 300w, https:\/\/gnews.cz\/wp-content\/uploads\/2026\/04\/holec01-768x430.webp 768w, https:\/\/gnews.cz\/wp-content\/uploads\/2026\/04\/holec01-18x10.webp 18w, https:\/\/gnews.cz\/wp-content\/uploads\/2026\/04\/holec01-1170x655.webp 1170w, https:\/\/gnews.cz\/wp-content\/uploads\/2026\/04\/holec01-585x328.webp 585w, https:\/\/gnews.cz\/wp-content\/uploads\/2026\/04\/holec01.webp 1500w\" sizes=\"(max-width: 1024px) 100vw, 1024px\" \/><\/figure>\n\n\n\n<p>Les manifestants du \u201eFront culturel national\u201c r\u00e9clament des budgets inchang\u00e9s, alors que le mouvement ANO de Babi\u0161 pr\u00f4ne des mesures d'aust\u00e9rit\u00e9. Petr Holec d\u00e9nonce l'hypocrisie : \u201eLe Front culturel national... d'o\u00f9 vient-il... nous devons faire des \u00e9conomies.\u201c L'actrice Dagmar Zlatohl\u00e1vkov\u00e1 fait la promotion du v\u00e9lo au lieu du p\u00e9trole. Petr Holec r\u00e9pond : \u201eMerci pour l'actrice Zlatohl\u00e1vkov\u00e1... Ont-ils essay\u00e9 de gagner de l'argent eux-m\u00eames au moins une fois dans leur vie ? Des th\u00e9\u00e2tres priv\u00e9s comme le Th\u00e9\u00e2tre de la Paix d'Ostrava prosp\u00e8rent sans subventions, preuve que l'art n'a pas besoin de \u201cl'argent des autres\u201e.<\/p>\n\n\n\n<figure class=\"wp-block-image size-large\"><img loading=\"lazy\" decoding=\"async\" width=\"1024\" height=\"573\" src=\"https:\/\/gnews.cz\/wp-content\/uploads\/2026\/04\/holec02-1024x573.webp\" alt=\"Xaver Live\" class=\"wp-image-43686\" srcset=\"https:\/\/gnews.cz\/wp-content\/uploads\/2026\/04\/holec02-1024x573.webp 1024w, https:\/\/gnews.cz\/wp-content\/uploads\/2026\/04\/holec02-300x168.webp 300w, https:\/\/gnews.cz\/wp-content\/uploads\/2026\/04\/holec02-768x430.webp 768w, https:\/\/gnews.cz\/wp-content\/uploads\/2026\/04\/holec02-18x10.webp 18w, https:\/\/gnews.cz\/wp-content\/uploads\/2026\/04\/holec02-1170x655.webp 1170w, https:\/\/gnews.cz\/wp-content\/uploads\/2026\/04\/holec02-585x328.webp 585w, https:\/\/gnews.cz\/wp-content\/uploads\/2026\/04\/holec02.webp 1500w\" sizes=\"(max-width: 1024px) 100vw, 1024px\" \/><\/figure>\n\n\n\n<p>Le joyau de la couronne ? La T\u00e9l\u00e9vision tch\u00e8que (CT) et la Radio tch\u00e8que (CRO), critiqu\u00e9es en tant que \u201et\u00e9l\u00e9vision d'Etat\u201c se pr\u00e9sentant comme ind\u00e9pendantes. Petr Holec critique s\u00e9v\u00e8rement la couverture par CT du match Sparta-Pardubice et les d\u00e9bats truqu\u00e9s : un critique (Ladislav Jakl) contre des d\u00e9fenseurs pr\u00e9s\u00e9lectionn\u00e9s. Jakl l'a dit avec pr\u00e9cision : \u201eL'art gratuit est le droit \u00e0 l'argent des autres... La culture ind\u00e9pendante... est aussi ind\u00e9pendante qu'un junkie avec sa drogue\u201c. Holec demande : \u201eNous devrions abolir la t\u00e9l\u00e9vision tch\u00e8que... Mettons-y un terme.\u201c Privatiser la marque et les archives \u00e0 bon march\u00e9 - pas besoin de m\u00e9ga-studios. \u201eVous achetez une marque... vous n'avez pas besoin d'un m\u00e9ga campus... vous ach\u00e8teriez du contenu, vous ach\u00e8teriez du personnel\u201c. Le personnel de CT ment sur le financement \u201etotalitaire\u201c ; Holec qualifie de \u201ecriminel le fait d'utiliser le mot ind\u00e9pendant\u201c. Des scandales comme Takac, Reznicek et la mobilisation s'av\u00e8rent irr\u00e9parables - tout comme le \u201ecancer du pancr\u00e9as\u201c (pancreatic cancer).<\/p>\n\n\n\n<figure class=\"wp-block-image size-large\"><img loading=\"lazy\" decoding=\"async\" width=\"1024\" height=\"573\" src=\"https:\/\/gnews.cz\/wp-content\/uploads\/2026\/04\/holec03-1024x573.webp\" alt=\"Xaver Live\" class=\"wp-image-43687\" srcset=\"https:\/\/gnews.cz\/wp-content\/uploads\/2026\/04\/holec03-1024x573.webp 1024w, https:\/\/gnews.cz\/wp-content\/uploads\/2026\/04\/holec03-300x168.webp 300w, https:\/\/gnews.cz\/wp-content\/uploads\/2026\/04\/holec03-768x430.webp 768w, https:\/\/gnews.cz\/wp-content\/uploads\/2026\/04\/holec03-18x10.webp 18w, https:\/\/gnews.cz\/wp-content\/uploads\/2026\/04\/holec03-1170x655.webp 1170w, https:\/\/gnews.cz\/wp-content\/uploads\/2026\/04\/holec03-585x328.webp 585w, https:\/\/gnews.cz\/wp-content\/uploads\/2026\/04\/holec03.webp 1500w\" sizes=\"(max-width: 1024px) 100vw, 1024px\" \/><\/figure>\n\n\n\n<p>Petr Holec, qui d\u00e9fend le gouvernement apr\u00e8s trois mois au pouvoir, appelle \u00e0 la patience : \u201eAyez de la patience, ne le jugez pas sur trois mois.\u201c Pavel Novotn\u00fd de l'ODS revient apr\u00e8s sa sortie de prison (\u201eDe la prison \u00e0 l'ODS\u201c), des raids font rage \u00e0 Brno au sujet des subventions, les v\u00e9t\u00e9rans ukrainiens repr\u00e9sentent un risque (Fico avait pr\u00e9venu il y a des ann\u00e9es). La commission de dosim\u00e9trie (Dr. Rajchl, Renata Vesecka) enqu\u00eate sur le chaos autour des bitcoins ; les man\u0153uvres de dissimulation autour de la fusillade de Prague sont d\u00e9voil\u00e9es. Les tweets de l'opposition comme celui de Jana - \u201eLe parti qui a 7 % ici d\u00e9terminera o\u00f9 le pr\u00e9sident peut voyager\u201c - r\u00e9v\u00e8lent une \u201epens\u00e9e totalitaire\u201c. Holec se moque : \u201eLa d\u00e9mocratie n'est rien d'autre que cela et ne s'applique que lorsqu'ils gagnent.\u201c<\/p>\n\n\n\n<p><\/p>\n\n\n\n<p><strong>gnews.cz - GH<\/strong><\/p>\n\n\n\n<p><\/p>\n\n\n\n<p>Vous pouvez visionner l'int\u00e9gralit\u00e9 de la vid\u00e9o ici : <strong><a href=\"https:\/\/www.youtube.com\/watch?v=0pAd4ywZVnU\" target=\"_blank\" rel=\"noopener\" title=\"\">https:\/\/www.youtube.com\/watch?v=0pAd4ywZVnU<\/a><\/strong><\/p>\n\n\n\n<figure class=\"wp-block-image size-large\"><a href=\"https:\/\/www.youtube.com\/watch?v=0pAd4ywZVnU\" target=\"_blank\" rel=\" noreferrer noopener\"><img loading=\"lazy\" decoding=\"async\" width=\"1024\" height=\"573\" src=\"https:\/\/gnews.cz\/wp-content\/uploads\/2026\/04\/holec0-1024x573.webp\" alt=\"\" class=\"wp-image-43356\" srcset=\"https:\/\/gnews.cz\/wp-content\/uploads\/2026\/04\/holec0-1024x573.webp 1024w, https:\/\/gnews.cz\/wp-content\/uploads\/2026\/04\/holec0-300x168.webp 300w, https:\/\/gnews.cz\/wp-content\/uploads\/2026\/04\/holec0-768x430.webp 768w, https:\/\/gnews.cz\/wp-content\/uploads\/2026\/04\/holec0-18x10.webp 18w, https:\/\/gnews.cz\/wp-content\/uploads\/2026\/04\/holec0-1170x654.webp 1170w, https:\/\/gnews.cz\/wp-content\/uploads\/2026\/04\/holec0-585x327.webp 585w, https:\/\/gnews.cz\/wp-content\/uploads\/2026\/04\/holec0.webp 1500w\" sizes=\"(max-width: 1024px) 100vw, 1024px\" \/><\/a><\/figure>","protected":false},"excerpt":{"rendered":"<p>D\u00e9couvrez un drame politique tch\u00e8que explosif dans lequel le pr\u00e9sident Petr Pavel se plaint de la n\u00e9gligence de l'OTAN, Filip Turek fait sortir les \u201esangsues\u201c des rangs...<\/p>","protected":false},"author":3,"featured_media":43350,"comment_status":"open","ping_status":"closed","sticky":false,"template":"","format":"standard","meta":{"_acf_changed":false,"_lmt_disableupdate":"","_lmt_disable":"","footnotes":""},"categories":[2968,3,7,658,2],"tags":[8189,45,6807,3953,3480,1939,12543,12546,958,12547,1537,12544,74,56,419,12151,1145,151,44,71,12545,17,8547,92,12152],"class_list":["post-43683","post","type-post","status-publish","format-standard","has-post-thumbnail","hentry","category-domaci","category-neprehlednete","category-politika","category-prectete-si","category-rozhovory","tag-ceska-politika","tag-cr","tag-ceska-televize","tag-cesky-rozhlas","tag-demokracie","tag-dotace","tag-dotace-na-kulturu","tag-ekoteroriste","tag-filip-turek","tag-fiskalni-skrty","tag-george-soros","tag-hnuti-duha","tag-kultura","tag-nato","tag-petr-fiala","tag-petr-holec","tag-petr-macinka","tag-petr-pavel","tag-politika","tag-prezident","tag-privatizace-ceske-televize","tag-top","tag-top-2","tag-vlada","tag-xaver-live"],"acf":[],"aioseo_notices":[],"_links":{"self":[{"href":"https:\/\/gnews.cz\/fr\/wp-json\/wp\/v2\/posts\/43683","targetHints":{"allow":["GET"]}}],"collection":[{"href":"https:\/\/gnews.cz\/fr\/wp-json\/wp\/v2\/posts"}],"about":[{"href":"https:\/\/gnews.cz\/fr\/wp-json\/wp\/v2\/types\/post"}],"author":[{"embeddable":true,"href":"https:\/\/gnews.cz\/fr\/wp-json\/wp\/v2\/users\/3"}],"replies":[{"embeddable":true,"href":"https:\/\/gnews.cz\/fr\/wp-json\/wp\/v2\/comments?post=43683"}],"version-history":[{"count":1,"href":"https:\/\/gnews.cz\/fr\/wp-json\/wp\/v2\/posts\/43683\/revisions"}],"predecessor-version":[{"id":43696,"href":"https:\/\/gnews.cz\/fr\/wp-json\/wp\/v2\/posts\/43683\/revisions\/43696"}],"wp:featuredmedia":[{"embeddable":true,"href":"https:\/\/gnews.cz\/fr\/wp-json\/wp\/v2\/media\/43350"}],"wp:attachment":[{"href":"https:\/\/gnews.cz\/fr\/wp-json\/wp\/v2\/media?parent=43683"}],"wp:term":[{"taxonomy":"category","embeddable":true,"href":"https:\/\/gnews.cz\/fr\/wp-json\/wp\/v2\/categories?post=43683"},{"taxonomy":"post_tag","embeddable":true,"href":"https:\/\/gnews.cz\/fr\/wp-json\/wp\/v2\/tags?post=43683"}],"curies":[{"name":"wp","href":"https:\/\/api.w.org\/{rel}","templated":true}]}}