{"id":12553,"count":1,"description":"","link":"https:\/\/gnews.cz\/fr\/tag\/americky-general\/","name":"G\u00e9n\u00e9ral am\u00e9ricain","slug":"americky-general","taxonomy":"post_tag","meta":[],"_links":{"self":[{"href":"https:\/\/gnews.cz\/fr\/wp-json\/wp\/v2\/tags\/12553","targetHints":{"allow":["GET"]}}],"collection":[{"href":"https:\/\/gnews.cz\/fr\/wp-json\/wp\/v2\/tags"}],"about":[{"href":"https:\/\/gnews.cz\/fr\/wp-json\/wp\/v2\/taxonomies\/post_tag"}],"wp:post_type":[{"href":"https:\/\/gnews.cz\/fr\/wp-json\/wp\/v2\/posts?tags=12553"}],"curies":[{"name":"wp","href":"https:\/\/api.w.org\/{rel}","templated":true}]}}