{"id":5822,"count":2,"description":"","link":"https:\/\/gnews.cz\/fr\/tag\/valne-shromazdeni\/","name":"Assembl\u00e9e g\u00e9n\u00e9rale","slug":"assemblee-generale","taxonomy":"post_tag","meta":[],"_links":{"self":[{"href":"https:\/\/gnews.cz\/fr\/wp-json\/wp\/v2\/tags\/5822","targetHints":{"allow":["GET"]}}],"collection":[{"href":"https:\/\/gnews.cz\/fr\/wp-json\/wp\/v2\/tags"}],"about":[{"href":"https:\/\/gnews.cz\/fr\/wp-json\/wp\/v2\/taxonomies\/post_tag"}],"wp:post_type":[{"href":"https:\/\/gnews.cz\/fr\/wp-json\/wp\/v2\/posts?tags=5822"}],"curies":[{"name":"wp","href":"https:\/\/api.w.org\/{rel}","templated":true}]}}