{"id":9329,"count":1,"description":"","link":"https:\/\/gnews.cz\/fr\/tag\/ministr-zahranici-cr-macinka\/","name":"Ministre des affaires \u00e9trang\u00e8res de la R\u00e9publique tch\u00e8que Macinka","slug":"ministre-des-affaires-etrangeres-cr-macinka","taxonomy":"post_tag","meta":[],"_links":{"self":[{"href":"https:\/\/gnews.cz\/fr\/wp-json\/wp\/v2\/tags\/9329","targetHints":{"allow":["GET"]}}],"collection":[{"href":"https:\/\/gnews.cz\/fr\/wp-json\/wp\/v2\/tags"}],"about":[{"href":"https:\/\/gnews.cz\/fr\/wp-json\/wp\/v2\/taxonomies\/post_tag"}],"wp:post_type":[{"href":"https:\/\/gnews.cz\/fr\/wp-json\/wp\/v2\/posts?tags=9329"}],"curies":[{"name":"wp","href":"https:\/\/api.w.org\/{rel}","templated":true}]}}