{"id":27668,"date":"2025-05-17T09:00:00","date_gmt":"2025-05-17T08:00:00","guid":{"rendered":"https:\/\/www.gnews.cz\/?p=27668"},"modified":"2025-05-17T07:57:47","modified_gmt":"2025-05-17T06:57:47","slug":"lo-stato-eleggera-una-nuova-leadership-al-congresso-lattuale-ministro-degli-interni-vit-rakusan-difendera-la-carica-di-presidente","status":"publish","type":"post","link":"https:\/\/gnews.cz\/it\/tema\/stan-si-na-snemu-zvoli-nove-vedeni-soucasny-ministr-vntra-cr-vit-rakusan-bude-obhajovat-post-predsedy\/","title":{"rendered":"La STAN elegger\u00e0 una nuova leadership al congresso, l'attuale ministro degli Interni ceco V\u00edt Raku\u0161an difender\u00e0 il posto di presidente"},"content":{"rendered":"<p><strong>PRAGA - Il movimento dei Sindaci e degli Indipendenti (STAN) elegger\u00e0 oggi la sua nuova leadership all'assemblea nazionale di Praga. Il presidente del movimento e vice primo ministro, V\u00edt Raku\u0161an, difender\u00e0 la sua posizione e non si conosce ancora un candidato avversario. Raku\u0161an \u00e8 alla guida del movimento dal 2019 e in passato ha affrontato diverse crisi, tra cui casi che hanno compromesso la fiducia nella leadership dello STAN.<\/strong><\/p>\n\n\n\n<p>Il Ministro dell'Industria e del Commercio Luk\u00e1\u0161 Vl\u010dek intende ricandidarsi alla carica di Primo Vicepresidente. Anche altri membri dell'attuale direzione hanno confermato la loro intenzione di difendere la vicepresidenza. Si prevede che il congresso porter\u00e0 alla conferma dell'attuale direzione del movimento e a un dibattito sulla sua strategia per le prossime elezioni parlamentari.<\/p>\n\n\n\n<p>Le elezioni si svolgeranno tra circa quattro mesi, quindi la presentazione dei leader regionali dei candidati sar\u00e0 una parte importante del programma. Lo STAN cercher\u00e0 di attirare gli elettori non solo nei suoi bastioni tradizionali, ma anche nelle regioni in cui non ha ancora ottenuto un sostegno significativo.<\/p>\n\n\n\n<p>I risultati delle elezioni al congresso mostreranno quanta fiducia gode l'attuale leadership tra i delegati e quanto il movimento sia preparato ad affrontare le prossime sfide politiche.<\/p>\n\n\n\n<p><strong>gnews.cz - GH<\/strong><\/p>","protected":false},"excerpt":{"rendered":"<p>PRAGA - Il movimento dei Sindaci e degli Indipendenti (STAN) elegger\u00e0 oggi la sua nuova leadership all'assemblea nazionale di Praga. Il presidente del movimento e vice primo ministro V\u00edt...<\/p>","protected":false},"author":2,"featured_media":27671,"comment_status":"closed","ping_status":"closed","sticky":false,"template":"","format":"standard","meta":{"_acf_changed":false,"_lmt_disableupdate":"","_lmt_disable":"","footnotes":""},"categories":[7,1,580],"tags":[45,46,1233,10,1232,17,786],"class_list":["post-27668","post","type-post","status-publish","format-standard","has-post-thumbnail","hentry","category-politika","category-tema","category-vyber-sefredaktora","tag-cr","tag-eu","tag-lukas-vlcek","tag-news","tag-stan","tag-top","tag-vit-rakusan"],"acf":[],"aioseo_notices":[],"_links":{"self":[{"href":"https:\/\/gnews.cz\/it\/wp-json\/wp\/v2\/posts\/27668","targetHints":{"allow":["GET"]}}],"collection":[{"href":"https:\/\/gnews.cz\/it\/wp-json\/wp\/v2\/posts"}],"about":[{"href":"https:\/\/gnews.cz\/it\/wp-json\/wp\/v2\/types\/post"}],"author":[{"embeddable":true,"href":"https:\/\/gnews.cz\/it\/wp-json\/wp\/v2\/users\/2"}],"replies":[{"embeddable":true,"href":"https:\/\/gnews.cz\/it\/wp-json\/wp\/v2\/comments?post=27668"}],"version-history":[{"count":0,"href":"https:\/\/gnews.cz\/it\/wp-json\/wp\/v2\/posts\/27668\/revisions"}],"wp:featuredmedia":[{"embeddable":true,"href":"https:\/\/gnews.cz\/it\/wp-json\/wp\/v2\/media\/27671"}],"wp:attachment":[{"href":"https:\/\/gnews.cz\/it\/wp-json\/wp\/v2\/media?parent=27668"}],"wp:term":[{"taxonomy":"category","embeddable":true,"href":"https:\/\/gnews.cz\/it\/wp-json\/wp\/v2\/categories?post=27668"},{"taxonomy":"post_tag","embeddable":true,"href":"https:\/\/gnews.cz\/it\/wp-json\/wp\/v2\/tags?post=27668"}],"curies":[{"name":"wp","href":"https:\/\/api.w.org\/{rel}","templated":true}]}}