{"id":30213,"date":"2025-06-30T21:10:35","date_gmt":"2025-06-30T19:10:35","guid":{"rendered":"https:\/\/www.gnews.cz\/?p=30213"},"modified":"2025-06-30T21:10:39","modified_gmt":"2025-06-30T19:10:39","slug":"il-premier-spagnolo-chiede-un-multilateralismo-inclusivo-alla-conferenza-sul-finanziamento-dello-sviluppo","status":"publish","type":"post","link":"https:\/\/gnews.cz\/it\/ekonomika\/spanelsky-premier-na-konferenci-o-financovani-rozvoje-vyzyva-k-inkluzivnimu-multilateralismu\/","title":{"rendered":"Il premier spagnolo chiede un multilateralismo inclusivo alla conferenza sul finanziamento dello sviluppo"},"content":{"rendered":"<p><strong>Alla sessione di apertura della quarta Conferenza internazionale sul finanziamento dello sviluppo, tenutasi nel sud della Spagna, il primo ministro spagnolo Pedro S\u00e1nchez ha chiesto un multilateralismo inclusivo e forte.<\/strong><\/p>\n\n\n\n<p>S\u00e1nchez, che presiede anche la conferenza, ha affermato che nell'attuale situazione globale \u00e8 particolarmente necessario un multilateralismo inclusivo e forte e che le Nazioni Unite dovrebbero esserne il fulcro.<\/p>\n\n\n\n<p>Ha invitato i delegati a trasformare gli slogan in azioni, a risolvere le differenze attraverso l'unit\u00e0 e a costruire la fiducia attraverso il dialogo.<\/p>\n\n\n\n<p>Nella sessione di apertura, il Segretario generale delle Nazioni Unite Antonio Guterres ha osservato che due terzi degli obiettivi di sviluppo sostenibile dell'ONU sono in ritardo rispetto alla tabella di marcia e ha dichiarato che la conferenza interverr\u00e0 in tre aree: accelerare il flusso di fondi, riformare il sistema del debito internazionale e aumentare la partecipazione dei Paesi in via di sviluppo alle istituzioni del sistema finanziario internazionale.<\/p>\n\n\n\n<p>La conferenza sul finanziamento globale per lo sviluppo durer\u00e0 fino a gioved\u00ec e vedr\u00e0 la partecipazione di rappresentanti di governi, organizzazioni internazionali, istituzioni finanziarie, comunit\u00e0 imprenditoriale e altri soggetti.<\/p>\n\n\n\n<p><strong><a href=\"http:\/\/\u0160pan\u011blsk\u00fd premi\u00e9r na konferenci o financov\u00e1n\u00ed rozvoje vyz\u00fdv\u00e1 k inkluzivn\u00edmu multilateralismu \u0160pan\u011blsk\u00fd premi\u00e9r Pedro Sanchez v pond\u011bl\u00ed na zahajovac\u00edm zased\u00e1n\u00ed \u010dtvrt\u00e9 mezin\u00e1rodn\u00ed konference o financov\u00e1n\u00ed rozvoje, kter\u00e1 se konala v ji\u017en\u00edm \u0160pan\u011blsku, vyzval k inkluzivn\u00edmu a siln\u00e9mu multilateralismu. Sanchez, kter\u00fd je tak\u00e9 p\u0159edsedou konference, uvedl, \u017ee v sou\u010dasn\u00e9 glob\u00e1ln\u00ed situaci je inkluzivn\u00ed a siln\u00fd multilateralismus obzvl\u00e1\u0161t\u011b nezbytn\u00fd a \u017ee jeho j\u00e1drem by m\u011bla b\u00fdt Organizace spojen\u00fdch n\u00e1rod\u016f. Vyzval deleg\u00e1ty, aby slogany prom\u011bnili v \u010diny, \u0159e\u0161ili rozd\u00edly prost\u0159ednictv\u00edm jednoty a posilovali d\u016fv\u011bru prost\u0159ednictv\u00edm dialogu. Gener\u00e1ln\u00ed tajemn\u00edk OSN Antonio Guterres na \u00favodn\u00edm zased\u00e1n\u00ed poznamenal, \u017ee dv\u011b t\u0159etiny c\u00edl\u016f OSN v oblasti udr\u017eiteln\u00e9ho rozvoje zaost\u00e1vaj\u00ed za pl\u00e1nem, a uvedl, \u017ee konference p\u0159ijme opat\u0159en\u00ed ve t\u0159ech oblastech \u2013 urychlen\u00ed toku finan\u010dn\u00edch prost\u0159edk\u016f, reforma mezin\u00e1rodn\u00edho dluhov\u00e9ho syst\u00e9mu a zv\u00fd\u0161en\u00ed \u00fa\u010dasti rozvojov\u00fdch zem\u00ed v instituc\u00edch mezin\u00e1rodn\u00edho finan\u010dn\u00edho syst\u00e9mu. Konference zam\u011b\u0159en\u00e1 na ot\u00e1zky glob\u00e1ln\u00edho financov\u00e1n\u00ed rozvoje potrv\u00e1 do \u010dtvrtka a z\u00fa\u010dastn\u00ed se j\u00ed z\u00e1stupci vl\u00e1d, mezin\u00e1rodn\u00edch organizac\u00ed, finan\u010dn\u00edch instituc\u00ed, podnikatelsk\u00e9 sf\u00e9ry a dal\u0161\u00edch subjekt\u016f. Xinhua,gnews.cz - GH\" title=\"\">Xinhua<\/a>\/gnews.cz - GH<\/strong><\/p>","protected":false},"excerpt":{"rendered":"<p>In occasione della sessione di apertura della quarta Conferenza internazionale sul finanziamento dello sviluppo, tenutasi nel sud della Spagna, il primo ministro spagnolo Pedro S\u00e1nchez ha...<\/p>","protected":false},"author":6,"featured_media":29589,"comment_status":"closed","ping_status":"closed","sticky":false,"template":"","format":"standard","meta":{"_acf_changed":false,"_lmt_disableupdate":"","_lmt_disable":"","footnotes":""},"categories":[4,7,2973],"tags":[674,148,1928,1179,714],"class_list":["post-30213","post","type-post","status-publish","format-standard","has-post-thumbnail","hentry","category-ekonomika","category-politika","category-zahranicni","tag-antonio-guterres","tag-osn","tag-rozvoj","tag-spanelsko","tag-spoluprace"],"acf":[],"aioseo_notices":[],"_links":{"self":[{"href":"https:\/\/gnews.cz\/it\/wp-json\/wp\/v2\/posts\/30213","targetHints":{"allow":["GET"]}}],"collection":[{"href":"https:\/\/gnews.cz\/it\/wp-json\/wp\/v2\/posts"}],"about":[{"href":"https:\/\/gnews.cz\/it\/wp-json\/wp\/v2\/types\/post"}],"author":[{"embeddable":true,"href":"https:\/\/gnews.cz\/it\/wp-json\/wp\/v2\/users\/6"}],"replies":[{"embeddable":true,"href":"https:\/\/gnews.cz\/it\/wp-json\/wp\/v2\/comments?post=30213"}],"version-history":[{"count":0,"href":"https:\/\/gnews.cz\/it\/wp-json\/wp\/v2\/posts\/30213\/revisions"}],"wp:featuredmedia":[{"embeddable":true,"href":"https:\/\/gnews.cz\/it\/wp-json\/wp\/v2\/media\/29589"}],"wp:attachment":[{"href":"https:\/\/gnews.cz\/it\/wp-json\/wp\/v2\/media?parent=30213"}],"wp:term":[{"taxonomy":"category","embeddable":true,"href":"https:\/\/gnews.cz\/it\/wp-json\/wp\/v2\/categories?post=30213"},{"taxonomy":"post_tag","embeddable":true,"href":"https:\/\/gnews.cz\/it\/wp-json\/wp\/v2\/tags?post=30213"}],"curies":[{"name":"wp","href":"https:\/\/api.w.org\/{rel}","templated":true}]}}